{"id":4541,"date":"2016-08-14T00:00:16","date_gmt":"2016-08-13T22:00:16","guid":{"rendered":"http:\/\/www.salgotarjan.hu\/?p=4541"},"modified":"2019-04-21T12:11:58","modified_gmt":"2019-04-21T10:11:58","slug":"unnepi-programok","status":"publish","type":"post","link":"https:\/\/www.salgotarjan.hu\/?p=4541","title":{"rendered":"\u00dcnnepi programok Salg\u00f3tarj\u00e1nban"},"content":{"rendered":"<div style=\"text-align:center\">\n<strong>\u00c1llamalap\u00edt\u00f3 Szent Istv\u00e1n \u00dcnnepe<\/strong><br \/>\n<strong>2016. augusztus 20.<\/strong><\/p>\n<p><strong>D\u00e9lel\u0151tti csal\u00e1di programok a F\u0151 t\u00e9ren<\/strong><br \/>\n10.00 Vid\u00e1mpark, ped\u00e1los gokart, l\u00e9gv\u00e1rak, cs\u00faszd\u00e1k.<\/p>\n<p><strong>D\u00e9lut\u00e1ni programok<\/strong><br \/>\n15.00 J\u00e1r a malom, s\u00fct a p\u00e9k&#8230;<br \/>\nA gyermekekkel hagyom\u00e1ny\u0151rz\u0151 foglalkoz\u00e1son ismertetj\u00fck meg a keny\u00e9r \u00fatj\u00e1t, a kal\u00e1szt\u00f3l az asztalig.<\/p>\n<p><strong>15.30 Koszor\u00faz\u00e1si \u00fcnneps\u00e9g \u00e9s k\u00f6z\u00f6s im\u00e1ds\u00e1g a Szent Istv\u00e1n t\u00e9ren<\/strong><br \/>\n\u00dcnnepi k\u00f6sz\u00f6nt\u0151t mond Fekete Zsolt polg\u00e1rmester<br \/>\n&#8222;Meghallod-e m\u00e9g?&#8221; verses, zen\u00e9s m\u0171sor<br \/>\nK\u00f6zrem\u0171k\u00f6dnek a Zenthe Ferenc Sz\u00ednh\u00e1z st\u00fadi\u00f3sai \u00e9s Dancsok Lilla n\u00e9pdal\u00e9nekes<\/p>\n<p><strong>16.30 \u00dcnnepi m\u0171sor a F\u0151 t\u00e9ren<\/strong><br \/>\n\u201eFelkelt a napunk!&#8221; &#8211; Pesti Operett T\u00e1rsulat m\u0171sora<\/p>\n<p><strong>17.15 Polg\u00e1rmesteri k\u00f6sz\u00f6nt\u0151, \u00daj Keny\u00e9r szentel\u00e9se<\/strong><br \/>\nK\u00f6zrem\u0171k\u00f6dik a N\u00f3gr\u00e1d T\u00e1ncegy\u00fcttes<\/p>\n<p><strong>17.30 Nemzetk\u00f6zi N\u00f3gr\u00e1d Maraton<\/strong><br \/>\n(Losonc &#8211; Salg\u00f3tarj\u00e1n k\u00f6z\u00f6tti fut\u00f3verseny)<br \/>\nFut\u00f3k fogad\u00e1sa, \u00fcnnep\u00e9lyes d\u00edj\u00e1tad\u00f3<\/p>\n<p>19.15 Aerobic, zumba bemutat\u00f3<\/p>\n<p>19.30 Simon Kutyaiskola bemutat\u00f3ja<\/p>\n<p>20.00 Napoleon Boulevard koncertje<\/p>\n<p><strong>21.30 T\u0171zij\u00e1t\u00e9k<\/strong><\/p>\n<p>21.45 Varga Viktor fell\u00e9p\u00e9se<\/p><\/div>\n","protected":false},"excerpt":{"rendered":"<p>\u00c1llamalap\u00edt\u00f3 Szent Istv\u00e1n \u00dcnnepe 2016. augusztus 20. D\u00e9lel\u0151tti csal\u00e1di programok a F\u0151 t\u00e9ren 10.00 Vid\u00e1mpark, ped\u00e1los gokart, l\u00e9gv\u00e1rak, cs\u00faszd\u00e1k. D\u00e9lut\u00e1ni programok 15.00 J\u00e1r a malom, s\u00fct a p\u00e9k&#8230; A gyermekekkel hagyom\u00e1ny\u0151rz\u0151 foglalkoz\u00e1son ismertetj\u00fck meg a keny\u00e9r \u00fatj\u00e1t, a kal\u00e1szt\u00f3l az asztalig. 15.30 Koszor\u00faz\u00e1si \u00fcnneps\u00e9g \u00e9s k\u00f6z\u00f6s im\u00e1ds\u00e1g a Szent Istv\u00e1n t\u00e9ren \u00dcnnepi k\u00f6sz\u00f6nt\u0151t mond Fekete &#8230; <a title=\"\u00dcnnepi programok Salg\u00f3tarj\u00e1nban\" class=\"read-more\" href=\"https:\/\/www.salgotarjan.hu\/?p=4541\" aria-label=\"Read more about \u00dcnnepi programok Salg\u00f3tarj\u00e1nban\">Olvass tov\u00e1bb<\/a><\/p>\n","protected":false},"author":7,"featured_media":0,"comment_status":"closed","ping_status":"closed","sticky":false,"template":"","format":"standard","meta":{"footnotes":""},"categories":[1,10],"tags":[],"class_list":["post-4541","post","type-post","status-publish","format-standard","hentry","category-egyebek","category-hirek-aktualitasok"],"_links":{"self":[{"href":"https:\/\/www.salgotarjan.hu\/index.php?rest_route=\/wp\/v2\/posts\/4541","targetHints":{"allow":["GET"]}}],"collection":[{"href":"https:\/\/www.salgotarjan.hu\/index.php?rest_route=\/wp\/v2\/posts"}],"about":[{"href":"https:\/\/www.salgotarjan.hu\/index.php?rest_route=\/wp\/v2\/types\/post"}],"author":[{"embeddable":true,"href":"https:\/\/www.salgotarjan.hu\/index.php?rest_route=\/wp\/v2\/users\/7"}],"replies":[{"embeddable":true,"href":"https:\/\/www.salgotarjan.hu\/index.php?rest_route=%2Fwp%2Fv2%2Fcomments&post=4541"}],"version-history":[{"count":5,"href":"https:\/\/www.salgotarjan.hu\/index.php?rest_route=\/wp\/v2\/posts\/4541\/revisions"}],"predecessor-version":[{"id":4591,"href":"https:\/\/www.salgotarjan.hu\/index.php?rest_route=\/wp\/v2\/posts\/4541\/revisions\/4591"}],"wp:attachment":[{"href":"https:\/\/www.salgotarjan.hu\/index.php?rest_route=%2Fwp%2Fv2%2Fmedia&parent=4541"}],"wp:term":[{"taxonomy":"category","embeddable":true,"href":"https:\/\/www.salgotarjan.hu\/index.php?rest_route=%2Fwp%2Fv2%2Fcategories&post=4541"},{"taxonomy":"post_tag","embeddable":true,"href":"https:\/\/www.salgotarjan.hu\/index.php?rest_route=%2Fwp%2Fv2%2Ftags&post=4541"}],"curies":[{"name":"wp","href":"https:\/\/api.w.org\/{rel}","templated":true}]}}