{"id":4538,"date":"2016-08-12T07:44:01","date_gmt":"2016-08-12T05:44:01","guid":{"rendered":"http:\/\/www.salgotarjan.hu\/?p=4538"},"modified":"2019-04-21T12:11:58","modified_gmt":"2019-04-21T10:11:58","slug":"kozgyulesi-menetrend-3","status":"publish","type":"post","link":"https:\/\/www.salgotarjan.hu\/?p=4538","title":{"rendered":"K\u00f6zgy\u0171l\u00e9si menetrend"},"content":{"rendered":"<p>2016. j\u00faliusban \u00e9s augusztusban nem tart \u00fcl\u00e9st a v\u00e1rosi k\u00f6zgy\u0171l\u00e9s, az \u00f6nkorm\u00e1nyzattal kapcsolatos halaszthatatlan d\u00f6nt\u00e9sek meghozatal\u00e1ra azonban a polg\u00e1rmester rendk\u00edv\u00fcli k\u00f6zgy\u0171l\u00e9st b\u00e1rmikor \u00f6sszeh\u00edvhat.<\/p>\n<p>Ebben az esztend\u0151ben m\u00e9g n\u00e9gy alkalommal \u2013 szeptember, okt\u00f3ber, november, december \u2013 tart rendes k\u00f6zgy\u0171l\u00e9st Salg\u00f3tarj\u00e1n Megyei Jog\u00fa V\u00e1ros \u00d6nkorm\u00e1nyzata. A test\u00fclet \u00e1ltal elfogadott menetrendben \u2013 a be\u00e9rkezett javaslatokat figyelembe v\u00e9ve \u2013 az egyes h\u00f3napok el\u0151terjeszt\u00e9seiben olyan napirendek szerepelnek, amelyek t\u00e1rgyal\u00e1s\u00e1t jogszab\u00e1ly teszi k\u00f6telez\u0151v\u00e9, illetve amely t\u00e9m\u00e1kban a d\u00f6nt\u00e9shozatal id\u0151pontja a munkaterv k\u00e9sz\u00edt\u00e9sekor m\u00e1r \u00fctemezhet\u0151. Ezek mellett a k\u00f6zgy\u0171l\u00e9s aktu\u00e1lis \u00fcl\u00e9s\u00e9nek napirendj\u00e9re ker\u00fclnek majd azok a t\u00e9m\u00e1k, amelyek t\u00e1rgyal\u00e1sa \u00e9s a d\u00f6nt\u00e9shozatal a k\u00e9s\u0151bbiekben v\u00e1lik sz\u00fcks\u00e9gess\u00e9.<\/p>\n<p>SZEPTEMBER<br \/>\nLegk\u00f6zelebb szeptember 29-\u00e9n \u00fcl\u00e9sezik a v\u00e1ros k\u00e9pvisel\u0151test\u00fclete. Ekkor a v\u00e1rosaty\u00e1k t\u00e1j\u00e9koztat\u00f3t hallgatnak meg az \u00f6nkorm\u00e1nyzat 2016. \u00e9vi k\u00f6lts\u00e9gvet\u00e9s\u00e9nek I. f\u00e9l\u00e9vi teljes\u00edt\u00e9s\u00e9r\u0151l, majd d\u00f6ntenek a Salg\u00f3tarj\u00e1n Civil T\u00e1rsadalm\u00e1\u00e9rt-d\u00edj kit\u00fcntetettj\u00e9r\u0151l. A tervek szerint ezen az \u00fcl\u00e9sen fogadj\u00e1k el a v\u00e1ros tulajdon\u00e1ban l\u00e9v\u0151 v\u00edzi k\u00f6zm\u0171vek 2017-2031. \u00e9vekre vonatkoz\u00f3 g\u00f6rd\u00fcl\u0151 fejleszt\u00e9si terveit is.<\/p>\n<p>OKT\u00d3BER<br \/>\nAz okt\u00f3beri k\u00f6zgy\u0171l\u00e9sen t\u00e1j\u00e9koztat\u00f3 hangzik el a 2016\/2017-es nevel\u00e9si \u00e9v kezd\u00e9s\u00e9r\u0151l, valamint N\u00f3gr\u00e1d Megye Integr\u00e1lt Ter\u00fcleti Programja 2016. \u00e9vi fel\u00fclvizsg\u00e1lat\u00e1r\u00f3l \u00e9s annak miniszteri j\u00f3v\u00e1hagy\u00e1s\u00e1r\u00f3l.<\/p>\n<p>NOVEMBER<br \/>\nA k\u00f6zgy\u0171l\u00e9s novemberben t\u00e1rgyal Salg\u00f3tarj\u00e1n Megyei Jog\u00fa V\u00e1ros \u00d6nkorm\u00e1nyzata 2016. \u00e9vi k\u00f6lts\u00e9gvet\u00e9s\u00e9nek h\u00e1romnegyed \u00e9ves helyzet\u00e9r\u0151l, valamint a telep\u00fcl\u00e9srendez\u00e9si eszk\u00f6z\u00f6k fel\u00fclvizsg\u00e1lat\u00e1nak lez\u00e1r\u00e1s\u00e1r\u00f3l \u00e9s \u00faj szerkezeti terv \u00e9s helyi \u00e9p\u00edt\u00e9si szab\u00e1lyzat elfogad\u00e1s\u00e1r\u00f3l. Ekkor ker\u00fcl sor a k\u00f6zmeghallgat\u00e1sra.<\/p>\n<p>DECEMBER<br \/>\nAz idei \u00e9v utols\u00f3, decemberi k\u00f6zgy\u0171l\u00e9s\u00e9n a k\u00e9pvisel\u0151k megalkotj\u00e1k az \u00f6nkorm\u00e1nyzat \u00e1tmeneti gazd\u00e1lkod\u00e1s\u00e1r\u00f3l sz\u00f3l\u00f3 rendeletet, \u00e9s egyebek mellett d\u00f6ntenek a Salg\u00f3tarj\u00e1n Megyei Jog\u00fa V\u00e1ros \u00d6nkorm\u00e1nyzata \u00e1ltal alap\u00edtott kit\u00fcntet\u0151 c\u00edm, kit\u00fcntet\u0151 eml\u00e9k\u00e9rmek \u00e9s d\u00edjak adom\u00e1nyoz\u00e1s\u00e1r\u00f3l. Ezen a k\u00f6zgy\u0171l\u00e9sen a \u201eMened\u00e9k Csal\u00e1dok \u00c1tmeneti Otthon\u00e1ban\u201d ell\u00e1t\u00e1si szerz\u0151d\u00e9s alapj\u00e1n a 2016. \u00e9vben ny\u00fajtott szolg\u00e1ltat\u00e1sr\u00f3l, az ell\u00e1tott feladatokr\u00f3l \u00e9s a szolg\u00e1ltat\u00e1si d\u00edj felhaszn\u00e1l\u00e1s\u00e1r\u00f3l hallgatnak meg besz\u00e1mol\u00f3t a v\u00e1rosaty\u00e1k.<\/p>\n","protected":false},"excerpt":{"rendered":"<p>2016. j\u00faliusban \u00e9s augusztusban nem tart \u00fcl\u00e9st a v\u00e1rosi k\u00f6zgy\u0171l\u00e9s, az \u00f6nkorm\u00e1nyzattal kapcsolatos halaszthatatlan d\u00f6nt\u00e9sek meghozatal\u00e1ra azonban a polg\u00e1rmester rendk\u00edv\u00fcli k\u00f6zgy\u0171l\u00e9st b\u00e1rmikor \u00f6sszeh\u00edvhat. Ebben az esztend\u0151ben m\u00e9g n\u00e9gy alkalommal \u2013 szeptember, okt\u00f3ber, november, december \u2013 tart rendes k\u00f6zgy\u0171l\u00e9st Salg\u00f3tarj\u00e1n Megyei Jog\u00fa V\u00e1ros \u00d6nkorm\u00e1nyzata. A test\u00fclet \u00e1ltal elfogadott menetrendben \u2013 a be\u00e9rkezett javaslatokat figyelembe v\u00e9ve \u2013 &#8230; <a title=\"K\u00f6zgy\u0171l\u00e9si menetrend\" class=\"read-more\" href=\"https:\/\/www.salgotarjan.hu\/?p=4538\" aria-label=\"Read more about K\u00f6zgy\u0171l\u00e9si menetrend\">Olvass tov\u00e1bb<\/a><\/p>\n","protected":false},"author":7,"featured_media":0,"comment_status":"closed","ping_status":"closed","sticky":false,"template":"","format":"standard","meta":{"footnotes":""},"categories":[1,10],"tags":[],"class_list":["post-4538","post","type-post","status-publish","format-standard","hentry","category-egyebek","category-hirek-aktualitasok"],"_links":{"self":[{"href":"https:\/\/www.salgotarjan.hu\/index.php?rest_route=\/wp\/v2\/posts\/4538","targetHints":{"allow":["GET"]}}],"collection":[{"href":"https:\/\/www.salgotarjan.hu\/index.php?rest_route=\/wp\/v2\/posts"}],"about":[{"href":"https:\/\/www.salgotarjan.hu\/index.php?rest_route=\/wp\/v2\/types\/post"}],"author":[{"embeddable":true,"href":"https:\/\/www.salgotarjan.hu\/index.php?rest_route=\/wp\/v2\/users\/7"}],"replies":[{"embeddable":true,"href":"https:\/\/www.salgotarjan.hu\/index.php?rest_route=%2Fwp%2Fv2%2Fcomments&post=4538"}],"version-history":[{"count":1,"href":"https:\/\/www.salgotarjan.hu\/index.php?rest_route=\/wp\/v2\/posts\/4538\/revisions"}],"predecessor-version":[{"id":4540,"href":"https:\/\/www.salgotarjan.hu\/index.php?rest_route=\/wp\/v2\/posts\/4538\/revisions\/4540"}],"wp:attachment":[{"href":"https:\/\/www.salgotarjan.hu\/index.php?rest_route=%2Fwp%2Fv2%2Fmedia&parent=4538"}],"wp:term":[{"taxonomy":"category","embeddable":true,"href":"https:\/\/www.salgotarjan.hu\/index.php?rest_route=%2Fwp%2Fv2%2Fcategories&post=4538"},{"taxonomy":"post_tag","embeddable":true,"href":"https:\/\/www.salgotarjan.hu\/index.php?rest_route=%2Fwp%2Fv2%2Ftags&post=4538"}],"curies":[{"name":"wp","href":"https:\/\/api.w.org\/{rel}","templated":true}]}}