{"id":4527,"date":"2016-08-09T07:41:05","date_gmt":"2016-08-09T05:41:05","guid":{"rendered":"http:\/\/www.salgotarjan.hu\/?p=4527"},"modified":"2019-04-21T12:11:59","modified_gmt":"2019-04-21T10:11:59","slug":"tamogatott-tanuloi-berletek","status":"publish","type":"post","link":"https:\/\/www.salgotarjan.hu\/?p=4527","title":{"rendered":"T\u00e1mogatott tanul\u00f3i b\u00e9rletek"},"content":{"rendered":"<p>A v\u00e1ros \u00f6nkorm\u00e1nyzata d\u00f6nt\u00f6tt arr\u00f3l, hogy a k\u00f6vetkez\u0151 iskolai tan\u00e9v szeptembert\u0151l decemberig tart\u00f3 id\u0151szak\u00e1ban helyi j\u00e1rat\u00fa b\u00e9rlett\u00e1mogat\u00e1sban r\u00e9szes\u00edti az arra jogosult di\u00e1kokat.<\/p>\n<p>A rendelet \u00e9rtelm\u00e9ben 100%-os b\u00e9rlett\u00e1mogat\u00e1st kaphat az a tanul\u00f3, aki Salg\u00f3tarj\u00e1n Megyei Jog\u00fa V\u00e1ros k\u00f6zigazgat\u00e1si ter\u00fclet\u00e9n lak\u00f3hellyel, illetve ennek hi\u00e1ny\u00e1ban tart\u00f3zkod\u00e1si hellyel rendelkezik, kiv\u00e9ve a Salg\u00f3tarj\u00e1ni \u00c1ltal\u00e1nos Iskola \u00e9s Koll\u00e9giumban koll\u00e9giumi tags\u00e1gi viszonnyal rendelkez\u0151 tanul\u00f3t; a Salg\u00f3tarj\u00e1n k\u00f6zigazgat\u00e1si ter\u00fclet\u00e9n m\u0171k\u00f6d\u0151, a Klebelsberg Int\u00e9zm\u00e9nyfenntart\u00f3 K\u00f6zpont \u00e1ltal fenntartott \u00e1ltal\u00e1nos iskola k\u00f6telez\u0151 felv\u00e9telt biztos\u00edt\u00f3 tagint\u00e9zm\u00e9nnyel tanul\u00f3i jogviszonyban \u00e1ll; aki rendszeres gyermekv\u00e9delmi kedvezm\u00e9nyre jogosult \u00e9s aki a lak\u00f3hely\u00e9t\u0151l, illetve tart\u00f3zkod\u00e1si hely\u00e9t\u0151l a tagint\u00e9zm\u00e9nybe val\u00f3 utaz\u00e1s sor\u00e1n helyi vagy helyk\u00f6zi menetrendrend szerint k\u00f6zleked\u0151 aut\u00f3busszal legal\u00e1bb h\u00e1rom meg\u00e1ll\u00f3hely t\u00e1vols\u00e1got tesz meg.<\/p>\n","protected":false},"excerpt":{"rendered":"<p>A v\u00e1ros \u00f6nkorm\u00e1nyzata d\u00f6nt\u00f6tt arr\u00f3l, hogy a k\u00f6vetkez\u0151 iskolai tan\u00e9v szeptembert\u0151l decemberig tart\u00f3 id\u0151szak\u00e1ban helyi j\u00e1rat\u00fa b\u00e9rlett\u00e1mogat\u00e1sban r\u00e9szes\u00edti az arra jogosult di\u00e1kokat. A rendelet \u00e9rtelm\u00e9ben 100%-os b\u00e9rlett\u00e1mogat\u00e1st kaphat az a tanul\u00f3, aki Salg\u00f3tarj\u00e1n Megyei Jog\u00fa V\u00e1ros k\u00f6zigazgat\u00e1si ter\u00fclet\u00e9n lak\u00f3hellyel, illetve ennek hi\u00e1ny\u00e1ban tart\u00f3zkod\u00e1si hellyel rendelkezik, kiv\u00e9ve a Salg\u00f3tarj\u00e1ni \u00c1ltal\u00e1nos Iskola \u00e9s Koll\u00e9giumban koll\u00e9giumi tags\u00e1gi viszonnyal &#8230; <a title=\"T\u00e1mogatott tanul\u00f3i b\u00e9rletek\" class=\"read-more\" href=\"https:\/\/www.salgotarjan.hu\/?p=4527\" aria-label=\"Read more about T\u00e1mogatott tanul\u00f3i b\u00e9rletek\">Olvass tov\u00e1bb<\/a><\/p>\n","protected":false},"author":7,"featured_media":0,"comment_status":"closed","ping_status":"closed","sticky":false,"template":"","format":"standard","meta":{"footnotes":""},"categories":[1,10],"tags":[],"class_list":["post-4527","post","type-post","status-publish","format-standard","hentry","category-egyebek","category-hirek-aktualitasok"],"_links":{"self":[{"href":"https:\/\/www.salgotarjan.hu\/index.php?rest_route=\/wp\/v2\/posts\/4527","targetHints":{"allow":["GET"]}}],"collection":[{"href":"https:\/\/www.salgotarjan.hu\/index.php?rest_route=\/wp\/v2\/posts"}],"about":[{"href":"https:\/\/www.salgotarjan.hu\/index.php?rest_route=\/wp\/v2\/types\/post"}],"author":[{"embeddable":true,"href":"https:\/\/www.salgotarjan.hu\/index.php?rest_route=\/wp\/v2\/users\/7"}],"replies":[{"embeddable":true,"href":"https:\/\/www.salgotarjan.hu\/index.php?rest_route=%2Fwp%2Fv2%2Fcomments&post=4527"}],"version-history":[{"count":1,"href":"https:\/\/www.salgotarjan.hu\/index.php?rest_route=\/wp\/v2\/posts\/4527\/revisions"}],"predecessor-version":[{"id":4528,"href":"https:\/\/www.salgotarjan.hu\/index.php?rest_route=\/wp\/v2\/posts\/4527\/revisions\/4528"}],"wp:attachment":[{"href":"https:\/\/www.salgotarjan.hu\/index.php?rest_route=%2Fwp%2Fv2%2Fmedia&parent=4527"}],"wp:term":[{"taxonomy":"category","embeddable":true,"href":"https:\/\/www.salgotarjan.hu\/index.php?rest_route=%2Fwp%2Fv2%2Fcategories&post=4527"},{"taxonomy":"post_tag","embeddable":true,"href":"https:\/\/www.salgotarjan.hu\/index.php?rest_route=%2Fwp%2Fv2%2Ftags&post=4527"}],"curies":[{"name":"wp","href":"https:\/\/api.w.org\/{rel}","templated":true}]}}