{"id":4525,"date":"2016-08-08T16:13:26","date_gmt":"2016-08-08T14:13:26","guid":{"rendered":"http:\/\/www.salgotarjan.hu\/?p=4525"},"modified":"2019-04-21T12:11:59","modified_gmt":"2019-04-21T10:11:59","slug":"dornyay-bela-hatizsakja","status":"publish","type":"post","link":"https:\/\/www.salgotarjan.hu\/?p=4525","title":{"rendered":"Dornyay B\u00e9la h\u00e1tizs\u00e1kja"},"content":{"rendered":"<p><a href=\"http:\/\/www.salgotarjan.hu\/wp-content\/uploads\/20160808_dornyay.jpg\"><img loading=\"lazy\" decoding=\"async\" src=\"http:\/\/www.salgotarjan.hu\/wp-content\/uploads\/20160808_dornyay.jpg\" alt=\"20160808_dornyay\" width=\"480\" height=\"280\" class=\"alignnone size-full wp-image-4529\" srcset=\"https:\/\/www.salgotarjan.hu\/wp-content\/uploads\/20160808_dornyay.jpg 480w, https:\/\/www.salgotarjan.hu\/wp-content\/uploads\/20160808_dornyay-300x175.jpg 300w\" sizes=\"auto, (max-width: 480px) 100vw, 480px\" \/><\/a><\/p>\n<p>Salg\u00f3tarj\u00e1n Megyei Jog\u00fa V\u00e1ros \u00d6nkorm\u00e1nyzata j\u00e1r\u00e1ssz\u00e9khely m\u00fazeumok szakmai programjainak megval\u00f3s\u00edt\u00e1s\u00e1ra nyert t\u00e1mogat\u00e1st.<\/p>\n<p>\u201eDornyay B\u00e9la h\u00e1tizs\u00e1kja\u201d\u00a0c\u00edmmel a m\u00fazeum \u00e1ltal kidolgozott program\u00a0a\u00a0j\u00e1r\u00e1s telep\u00fcl\u00e9seihez k\u00f6t\u0151d\u0151 kultur\u00e1lis \u00f6r\u00f6ks\u00e9g hozz\u00e1f\u00e9rhet\u0151v\u00e9 t\u00e9tel\u00e9re \u00e9s a ter\u00fcleti egyenl\u0151tlens\u00e9g felsz\u00e1mol\u00e1s\u00e1ra ir\u00e1nyul.\u00a0Az iskolai \u00e9s \u00f3vodai utaz\u00f3 ki\u00e1ll\u00edt\u00e1sok \u00e9s foglalkoz\u00e1ssorozatok\u00a0c\u00e9lja a m\u00fazeum \u00e9s a B\u00e1ny\u00e1szati Ki\u00e1ll\u00edt\u00f3hely gy\u0171jtem\u00e9nyeinek, \u00e1lland\u00f3 ki\u00e1ll\u00edt\u00e1sainak megismertet\u00e9se \u00e9s n\u00e9pszer\u0171s\u00edt\u00e9se, olyan foglalkoz\u00e1ssorozat keret\u00e9ben, amely kapcsol\u00f3dik a k\u00f6znevel\u00e9si int\u00e9zm\u00e9nyek alaptanterv\u00e9hez \u00e9s a szakt\u00e1rgyak tanmenet\u00e9hez is. A p\u00e1ly\u00e1zati t\u00e1mogat\u00e1s seg\u00edts\u00e9g\u00e9vel a h\u00e1tr\u00e1nyos helyzet\u0171 di\u00e1kokhoz is eljuthatna az int\u00e9zm\u00e9nyi oktat\u00e1st seg\u00edt\u0151, az azt kieg\u00e9sz\u00edt\u0151 program. M\u00e1traszele, Kaz\u00e1r, Karancsalja stb. iskol\u00e1iba, \u00f3vod\u00e1iba mennek el a m\u00fazeum dolgoz\u00f3i, s mutatj\u00e1k be az int\u00e9zm\u00e9ny gy\u0171jtem\u00e9ny\u00e9t.<\/p>\n<p>(K\u00e9p forr\u00e1s: Salg\u00f3tarj\u00e1ni V\u00e1rosi Telev\u00edzi\u00f3)<\/p>\n","protected":false},"excerpt":{"rendered":"<p>Salg\u00f3tarj\u00e1n Megyei Jog\u00fa V\u00e1ros \u00d6nkorm\u00e1nyzata j\u00e1r\u00e1ssz\u00e9khely m\u00fazeumok szakmai programjainak megval\u00f3s\u00edt\u00e1s\u00e1ra nyert t\u00e1mogat\u00e1st. \u201eDornyay B\u00e9la h\u00e1tizs\u00e1kja\u201d\u00a0c\u00edmmel a m\u00fazeum \u00e1ltal kidolgozott program\u00a0a\u00a0j\u00e1r\u00e1s telep\u00fcl\u00e9seihez k\u00f6t\u0151d\u0151 kultur\u00e1lis \u00f6r\u00f6ks\u00e9g hozz\u00e1f\u00e9rhet\u0151v\u00e9 t\u00e9tel\u00e9re \u00e9s a ter\u00fcleti egyenl\u0151tlens\u00e9g felsz\u00e1mol\u00e1s\u00e1ra ir\u00e1nyul.\u00a0Az iskolai \u00e9s \u00f3vodai utaz\u00f3 ki\u00e1ll\u00edt\u00e1sok \u00e9s foglalkoz\u00e1ssorozatok\u00a0c\u00e9lja a m\u00fazeum \u00e9s a B\u00e1ny\u00e1szati Ki\u00e1ll\u00edt\u00f3hely gy\u0171jtem\u00e9nyeinek, \u00e1lland\u00f3 ki\u00e1ll\u00edt\u00e1sainak megismertet\u00e9se \u00e9s n\u00e9pszer\u0171s\u00edt\u00e9se, olyan foglalkoz\u00e1ssorozat keret\u00e9ben, amely &#8230; <a title=\"Dornyay B\u00e9la h\u00e1tizs\u00e1kja\" class=\"read-more\" href=\"https:\/\/www.salgotarjan.hu\/?p=4525\" aria-label=\"Read more about Dornyay B\u00e9la h\u00e1tizs\u00e1kja\">Olvass tov\u00e1bb<\/a><\/p>\n","protected":false},"author":7,"featured_media":0,"comment_status":"closed","ping_status":"closed","sticky":false,"template":"","format":"standard","meta":{"footnotes":""},"categories":[1,10],"tags":[],"class_list":["post-4525","post","type-post","status-publish","format-standard","hentry","category-egyebek","category-hirek-aktualitasok"],"_links":{"self":[{"href":"https:\/\/www.salgotarjan.hu\/index.php?rest_route=\/wp\/v2\/posts\/4525","targetHints":{"allow":["GET"]}}],"collection":[{"href":"https:\/\/www.salgotarjan.hu\/index.php?rest_route=\/wp\/v2\/posts"}],"about":[{"href":"https:\/\/www.salgotarjan.hu\/index.php?rest_route=\/wp\/v2\/types\/post"}],"author":[{"embeddable":true,"href":"https:\/\/www.salgotarjan.hu\/index.php?rest_route=\/wp\/v2\/users\/7"}],"replies":[{"embeddable":true,"href":"https:\/\/www.salgotarjan.hu\/index.php?rest_route=%2Fwp%2Fv2%2Fcomments&post=4525"}],"version-history":[{"count":3,"href":"https:\/\/www.salgotarjan.hu\/index.php?rest_route=\/wp\/v2\/posts\/4525\/revisions"}],"predecessor-version":[{"id":4531,"href":"https:\/\/www.salgotarjan.hu\/index.php?rest_route=\/wp\/v2\/posts\/4525\/revisions\/4531"}],"wp:attachment":[{"href":"https:\/\/www.salgotarjan.hu\/index.php?rest_route=%2Fwp%2Fv2%2Fmedia&parent=4525"}],"wp:term":[{"taxonomy":"category","embeddable":true,"href":"https:\/\/www.salgotarjan.hu\/index.php?rest_route=%2Fwp%2Fv2%2Fcategories&post=4525"},{"taxonomy":"post_tag","embeddable":true,"href":"https:\/\/www.salgotarjan.hu\/index.php?rest_route=%2Fwp%2Fv2%2Ftags&post=4525"}],"curies":[{"name":"wp","href":"https:\/\/api.w.org\/{rel}","templated":true}]}}