{"id":4518,"date":"2016-08-05T07:43:35","date_gmt":"2016-08-05T05:43:35","guid":{"rendered":"http:\/\/www.salgotarjan.hu\/?p=4518"},"modified":"2019-04-21T12:12:11","modified_gmt":"2019-04-21T10:12:11","slug":"nyilt-nap-a-ceredi-muvesztelepen","status":"publish","type":"post","link":"https:\/\/www.salgotarjan.hu\/?p=4518","title":{"rendered":"Ny\u00edlt nap a ceredi m\u0171v\u00e9sztelepen"},"content":{"rendered":"<p>Augusztus 5-\u00e9n (p\u00e9nteken) ny\u00edlt napot tart Cereden a Nemzetk\u00f6zi Kort\u00e1rs M\u0171v\u00e9sztelep, amely lehet\u0151s\u00e9get k\u00edn\u00e1l az \u00e9rdekl\u0151d\u0151knek a tal\u00e1lkoz\u00e1sra a magyar, n\u00e9met, osztr\u00e1k, cseh, lengyel, szlov\u00e1k \u00e9s szerb m\u0171v\u00e9szekkel \u00e9s az el\u0151z\u0151 h\u00e9ten elk\u00e9sz\u00edtett alkot\u00e1saik megtekint\u00e9s\u00e9re.<\/p>\n<p>A Nemzetk\u00f6zi Kort\u00e1rs M\u0171v\u00e9sztelep 1996-ban indult civil kezdem\u00e9nyez\u00e9sk\u00e9nt. C\u00e9lja egy kort\u00e1rs m\u0171v\u00e9szeti alkot\u00f3t\u00e1bor megszervez\u00e9se volt, ahol a m\u0171v\u00e9szeti munka egy zavartalan, term\u00e9szethez k\u00f6zeli k\u00f6rnyezetben val\u00f3sulhat meg. A t\u00e1bor t\u00e9m\u00e1ja \u00e9vente v\u00e1ltozik, \u00e1ltal\u00e1ban Ceredhez \u00e9s a k\u00f6rny\u00e9khez kapcsol\u00f3dik. Az idei program mott\u00f3ja az \u201e\u00c9let.Jelek\u201d szavak voltak.<\/p>\n<p>(Nagy\u00edt\u00e1shoz kattintson a k\u00e9pre!)<br \/>\n<a href=\"http:\/\/www.salgotarjan.hu\/wp-content\/uploads\/20160805_cered.jpg\"><img loading=\"lazy\" decoding=\"async\" src=\"http:\/\/www.salgotarjan.hu\/wp-content\/uploads\/20160805_cered-1024x658.jpg\" alt=\"20160805_cered\" width=\"474\" height=\"305\" class=\"alignnone size-large wp-image-4519\" srcset=\"https:\/\/www.salgotarjan.hu\/wp-content\/uploads\/20160805_cered-1024x658.jpg 1024w, https:\/\/www.salgotarjan.hu\/wp-content\/uploads\/20160805_cered-300x193.jpg 300w, https:\/\/www.salgotarjan.hu\/wp-content\/uploads\/20160805_cered-768x494.jpg 768w, https:\/\/www.salgotarjan.hu\/wp-content\/uploads\/20160805_cered.jpg 1772w\" sizes=\"auto, (max-width: 474px) 100vw, 474px\" \/><\/a><\/p>\n","protected":false},"excerpt":{"rendered":"<p>Augusztus 5-\u00e9n (p\u00e9nteken) ny\u00edlt napot tart Cereden a Nemzetk\u00f6zi Kort\u00e1rs M\u0171v\u00e9sztelep, amely lehet\u0151s\u00e9get k\u00edn\u00e1l az \u00e9rdekl\u0151d\u0151knek a tal\u00e1lkoz\u00e1sra a magyar, n\u00e9met, osztr\u00e1k, cseh, lengyel, szlov\u00e1k \u00e9s szerb m\u0171v\u00e9szekkel \u00e9s az el\u0151z\u0151 h\u00e9ten elk\u00e9sz\u00edtett alkot\u00e1saik megtekint\u00e9s\u00e9re. A Nemzetk\u00f6zi Kort\u00e1rs M\u0171v\u00e9sztelep 1996-ban indult civil kezdem\u00e9nyez\u00e9sk\u00e9nt. C\u00e9lja egy kort\u00e1rs m\u0171v\u00e9szeti alkot\u00f3t\u00e1bor megszervez\u00e9se volt, ahol a m\u0171v\u00e9szeti munka egy &#8230; <a title=\"Ny\u00edlt nap a ceredi m\u0171v\u00e9sztelepen\" class=\"read-more\" href=\"https:\/\/www.salgotarjan.hu\/?p=4518\" aria-label=\"Read more about Ny\u00edlt nap a ceredi m\u0171v\u00e9sztelepen\">Olvass tov\u00e1bb<\/a><\/p>\n","protected":false},"author":7,"featured_media":0,"comment_status":"closed","ping_status":"closed","sticky":false,"template":"","format":"standard","meta":{"footnotes":""},"categories":[1,10],"tags":[],"class_list":["post-4518","post","type-post","status-publish","format-standard","hentry","category-egyebek","category-hirek-aktualitasok"],"_links":{"self":[{"href":"https:\/\/www.salgotarjan.hu\/index.php?rest_route=\/wp\/v2\/posts\/4518","targetHints":{"allow":["GET"]}}],"collection":[{"href":"https:\/\/www.salgotarjan.hu\/index.php?rest_route=\/wp\/v2\/posts"}],"about":[{"href":"https:\/\/www.salgotarjan.hu\/index.php?rest_route=\/wp\/v2\/types\/post"}],"author":[{"embeddable":true,"href":"https:\/\/www.salgotarjan.hu\/index.php?rest_route=\/wp\/v2\/users\/7"}],"replies":[{"embeddable":true,"href":"https:\/\/www.salgotarjan.hu\/index.php?rest_route=%2Fwp%2Fv2%2Fcomments&post=4518"}],"version-history":[{"count":2,"href":"https:\/\/www.salgotarjan.hu\/index.php?rest_route=\/wp\/v2\/posts\/4518\/revisions"}],"predecessor-version":[{"id":4521,"href":"https:\/\/www.salgotarjan.hu\/index.php?rest_route=\/wp\/v2\/posts\/4518\/revisions\/4521"}],"wp:attachment":[{"href":"https:\/\/www.salgotarjan.hu\/index.php?rest_route=%2Fwp%2Fv2%2Fmedia&parent=4518"}],"wp:term":[{"taxonomy":"category","embeddable":true,"href":"https:\/\/www.salgotarjan.hu\/index.php?rest_route=%2Fwp%2Fv2%2Fcategories&post=4518"},{"taxonomy":"post_tag","embeddable":true,"href":"https:\/\/www.salgotarjan.hu\/index.php?rest_route=%2Fwp%2Fv2%2Ftags&post=4518"}],"curies":[{"name":"wp","href":"https:\/\/api.w.org\/{rel}","templated":true}]}}