{"id":4506,"date":"2016-08-03T16:37:23","date_gmt":"2016-08-03T14:37:23","guid":{"rendered":"http:\/\/www.salgotarjan.hu\/?p=4506"},"modified":"2019-04-21T12:12:11","modified_gmt":"2019-04-21T10:12:11","slug":"ujra-nyitva-a-konyvtar","status":"publish","type":"post","link":"https:\/\/www.salgotarjan.hu\/?p=4506","title":{"rendered":"\u00dajra nyitva a k\u00f6nyvt\u00e1r"},"content":{"rendered":"<p>K\u00e9t h\u00e9tig tart\u00f3 ny\u00e1ri sz\u00fcnet ut\u00e1n \u00fajra a megszokott nyitva tart\u00e1si id\u0151ben l\u00e1togathat\u00f3 a Balassi B\u00e1lint Megyei K\u00f6nyvt\u00e1r. A visszat\u00e9r\u0151 olvas\u00f3kat a k\u00f6nyvt\u00e1r egy p\u00e1ly\u00e1zattal is v\u00e1rja, amelyen korhat\u00e1r n\u00e9lk\u00fcl r\u00e9szt vehet b\u00e1rki, aki megosztan\u00e1 ny\u00e1ri \u00e9lm\u00e9nyeit m\u00e1sokkal. Egy p\u00e1ly\u00e1z\u00f3 maximum 3 m\u0171vel indulhat, az alkot\u00e1sok b\u00e1rmilyen technik\u00e1val  k\u00e9sz\u00fclhetnek (rajz, festm\u00e9ny, mont\u00e1zs, fot\u00f3, stb.). A be\u00e9rkezett alkot\u00e1sokb\u00f3l az Orsz\u00e1gos K\u00f6nyvt\u00e1ri Napok alkalm\u00e1val ki\u00e1ll\u00edt\u00e1st rendeznek \u00e9s a legjobb p\u00e1lyam\u0171veket az okt\u00f3berben megrendez\u00e9sre ker\u00fcl\u0151 K\u00f6nyves Vas\u00e1rnapon d\u00edjazz\u00e1k. B\u0151vebb inform\u00e1ci\u00f3: <a href=\"http:\/\/bbmk.hu\/\" target=\"_blank\" rel=\"noopener noreferrer\">www.bbmk.hu<\/a><\/p>\n","protected":false},"excerpt":{"rendered":"<p>K\u00e9t h\u00e9tig tart\u00f3 ny\u00e1ri sz\u00fcnet ut\u00e1n \u00fajra a megszokott nyitva tart\u00e1si id\u0151ben l\u00e1togathat\u00f3 a Balassi B\u00e1lint Megyei K\u00f6nyvt\u00e1r. A visszat\u00e9r\u0151 olvas\u00f3kat a k\u00f6nyvt\u00e1r egy p\u00e1ly\u00e1zattal is v\u00e1rja, amelyen korhat\u00e1r n\u00e9lk\u00fcl r\u00e9szt vehet b\u00e1rki, aki megosztan\u00e1 ny\u00e1ri \u00e9lm\u00e9nyeit m\u00e1sokkal. Egy p\u00e1ly\u00e1z\u00f3 maximum 3 m\u0171vel indulhat, az alkot\u00e1sok b\u00e1rmilyen technik\u00e1val k\u00e9sz\u00fclhetnek (rajz, festm\u00e9ny, mont\u00e1zs, fot\u00f3, stb.). A &#8230; <a title=\"\u00dajra nyitva a k\u00f6nyvt\u00e1r\" class=\"read-more\" href=\"https:\/\/www.salgotarjan.hu\/?p=4506\" aria-label=\"Read more about \u00dajra nyitva a k\u00f6nyvt\u00e1r\">Olvass tov\u00e1bb<\/a><\/p>\n","protected":false},"author":7,"featured_media":0,"comment_status":"closed","ping_status":"closed","sticky":false,"template":"","format":"standard","meta":{"footnotes":""},"categories":[1,10],"tags":[],"class_list":["post-4506","post","type-post","status-publish","format-standard","hentry","category-egyebek","category-hirek-aktualitasok"],"_links":{"self":[{"href":"https:\/\/www.salgotarjan.hu\/index.php?rest_route=\/wp\/v2\/posts\/4506","targetHints":{"allow":["GET"]}}],"collection":[{"href":"https:\/\/www.salgotarjan.hu\/index.php?rest_route=\/wp\/v2\/posts"}],"about":[{"href":"https:\/\/www.salgotarjan.hu\/index.php?rest_route=\/wp\/v2\/types\/post"}],"author":[{"embeddable":true,"href":"https:\/\/www.salgotarjan.hu\/index.php?rest_route=\/wp\/v2\/users\/7"}],"replies":[{"embeddable":true,"href":"https:\/\/www.salgotarjan.hu\/index.php?rest_route=%2Fwp%2Fv2%2Fcomments&post=4506"}],"version-history":[{"count":1,"href":"https:\/\/www.salgotarjan.hu\/index.php?rest_route=\/wp\/v2\/posts\/4506\/revisions"}],"predecessor-version":[{"id":9500,"href":"https:\/\/www.salgotarjan.hu\/index.php?rest_route=\/wp\/v2\/posts\/4506\/revisions\/9500"}],"wp:attachment":[{"href":"https:\/\/www.salgotarjan.hu\/index.php?rest_route=%2Fwp%2Fv2%2Fmedia&parent=4506"}],"wp:term":[{"taxonomy":"category","embeddable":true,"href":"https:\/\/www.salgotarjan.hu\/index.php?rest_route=%2Fwp%2Fv2%2Fcategories&post=4506"},{"taxonomy":"post_tag","embeddable":true,"href":"https:\/\/www.salgotarjan.hu\/index.php?rest_route=%2Fwp%2Fv2%2Ftags&post=4506"}],"curies":[{"name":"wp","href":"https:\/\/api.w.org\/{rel}","templated":true}]}}