{"id":4502,"date":"2016-08-03T16:18:58","date_gmt":"2016-08-03T14:18:58","guid":{"rendered":"http:\/\/www.salgotarjan.hu\/?p=4502"},"modified":"2019-04-21T12:12:11","modified_gmt":"2019-04-21T10:12:11","slug":"a-medvesi-fotos-maraton-legjobb-kepei","status":"publish","type":"post","link":"https:\/\/www.salgotarjan.hu\/?p=4502","title":{"rendered":"A Medvesi Fot\u00f3s Maraton legjobb k\u00e9pei"},"content":{"rendered":"<p><a href=\"http:\/\/www.salgotarjan.hu\/wp-content\/uploads\/20160803_fotosmaraton.jpg\"><img loading=\"lazy\" decoding=\"async\" src=\"http:\/\/www.salgotarjan.hu\/wp-content\/uploads\/20160803_fotosmaraton.jpg\" alt=\"20160803_fotosmaraton\" width=\"480\" height=\"280\" class=\"alignnone size-full wp-image-4503\" srcset=\"https:\/\/www.salgotarjan.hu\/wp-content\/uploads\/20160803_fotosmaraton.jpg 480w, https:\/\/www.salgotarjan.hu\/wp-content\/uploads\/20160803_fotosmaraton-300x175.jpg 300w\" sizes=\"auto, (max-width: 480px) 100vw, 480px\" \/><\/a><\/p>\n<p>Mindenki sz\u00e1m\u00e1ra megtekinthet\u0151v\u00e9 v\u00e1ltak a j\u00faniusi Medvesi Fot\u00f3s Maraton legjobb k\u00e9pei a <a href=\"https:\/\/www.facebook.com\/MedvesiFotosMaraton\/photos\/?tab=album&#038;album_id=603453723166072\" target=\"_blank\" rel=\"noopener noreferrer\">rendezv\u00e9ny k\u00f6z\u00f6ss\u00e9gi oldal\u00e1n<\/a>. A fot\u00f3k Salg\u00f3tarj\u00e1n k\u00f6rny\u00e9k\u00e9n, a 48 \u00f3r\u00e1s esem\u00e9ny ideje alatt k\u00e9sz\u00fcltek, amelyre id\u00e9n m\u00e1r n\u00e9gysz\u00e1zn\u00e1l is t\u00f6bb fot\u00f3s nevezett be. A szervez\u0151k t\u00f6bb helysz\u00ednen biztos\u00edtottak t\u00e9m\u00e1t a fot\u00f3z\u00e1shoz. A megvil\u00e1g\u00edtott v\u00e1rakt\u00f3l a n\u00e9pviseletbe \u00e9s korh\u0171 jelmezekbe \u00f6lt\u00f6z\u00f6tt modellekig sz\u00e1mtalan t\u00e9ma k\u00edn\u00e1lkozott a f\u00e9nyk\u00e9pek elk\u00e9sz\u00edt\u00e9s\u00e9hez. B\u00e1r az id\u0151j\u00e1r\u00e1s kedvez\u0151tlennek \u00edg\u00e9rkezett, v\u00e9g\u00fcl kifejezetten szerencs\u00e9snek tartott\u00e1k a fot\u00f3sok, hogy t\u00f6bb z\u00e1port is siker\u00fclt lencsev\u00e9gre kapni \u00e9s a felh\u0151k izgalmas h\u00e1tteret adtak a gy\u00f6ny\u00f6r\u0171 t\u00e1jk\u00e9pekhez. Az internetre felt\u00f6lt\u00f6tt k\u00e9pek h\u00e1rom kateg\u00f3ri\u00e1ban v\u00e1rj\u00e1k a k\u00f6z\u00f6ns\u00e9gszavazatokat. Szeptemberben a zs\u0171ri \u00e1ltal legjobbnak \u00edt\u00e9lt \u00e9s a legt\u00f6bb k\u00f6z\u00f6ns\u00e9gszavazatot el\u00e9r\u0151 k\u00e9pek r\u00e9szes\u00fclnek d\u00edjaz\u00e1sban.<\/p>\n<p>(K\u00e9p forr\u00e1sa: Medvesi Fot\u00f3s Maraton \/ Salg\u00f3tarj\u00e1ni V\u00e1rosi Telev\u00edzi\u00f3)<\/p>\n","protected":false},"excerpt":{"rendered":"<p>Mindenki sz\u00e1m\u00e1ra megtekinthet\u0151v\u00e9 v\u00e1ltak a j\u00faniusi Medvesi Fot\u00f3s Maraton legjobb k\u00e9pei a rendezv\u00e9ny k\u00f6z\u00f6ss\u00e9gi oldal\u00e1n. A fot\u00f3k Salg\u00f3tarj\u00e1n k\u00f6rny\u00e9k\u00e9n, a 48 \u00f3r\u00e1s esem\u00e9ny ideje alatt k\u00e9sz\u00fcltek, amelyre id\u00e9n m\u00e1r n\u00e9gysz\u00e1zn\u00e1l is t\u00f6bb fot\u00f3s nevezett be. A szervez\u0151k t\u00f6bb helysz\u00ednen biztos\u00edtottak t\u00e9m\u00e1t a fot\u00f3z\u00e1shoz. A megvil\u00e1g\u00edtott v\u00e1rakt\u00f3l a n\u00e9pviseletbe \u00e9s korh\u0171 jelmezekbe \u00f6lt\u00f6z\u00f6tt modellekig sz\u00e1mtalan t\u00e9ma &#8230; <a title=\"A Medvesi Fot\u00f3s Maraton legjobb k\u00e9pei\" class=\"read-more\" href=\"https:\/\/www.salgotarjan.hu\/?p=4502\" aria-label=\"Read more about A Medvesi Fot\u00f3s Maraton legjobb k\u00e9pei\">Olvass tov\u00e1bb<\/a><\/p>\n","protected":false},"author":7,"featured_media":0,"comment_status":"closed","ping_status":"closed","sticky":false,"template":"","format":"standard","meta":{"footnotes":""},"categories":[1,10],"tags":[],"class_list":["post-4502","post","type-post","status-publish","format-standard","hentry","category-egyebek","category-hirek-aktualitasok"],"_links":{"self":[{"href":"https:\/\/www.salgotarjan.hu\/index.php?rest_route=\/wp\/v2\/posts\/4502","targetHints":{"allow":["GET"]}}],"collection":[{"href":"https:\/\/www.salgotarjan.hu\/index.php?rest_route=\/wp\/v2\/posts"}],"about":[{"href":"https:\/\/www.salgotarjan.hu\/index.php?rest_route=\/wp\/v2\/types\/post"}],"author":[{"embeddable":true,"href":"https:\/\/www.salgotarjan.hu\/index.php?rest_route=\/wp\/v2\/users\/7"}],"replies":[{"embeddable":true,"href":"https:\/\/www.salgotarjan.hu\/index.php?rest_route=%2Fwp%2Fv2%2Fcomments&post=4502"}],"version-history":[{"count":1,"href":"https:\/\/www.salgotarjan.hu\/index.php?rest_route=\/wp\/v2\/posts\/4502\/revisions"}],"predecessor-version":[{"id":9501,"href":"https:\/\/www.salgotarjan.hu\/index.php?rest_route=\/wp\/v2\/posts\/4502\/revisions\/9501"}],"wp:attachment":[{"href":"https:\/\/www.salgotarjan.hu\/index.php?rest_route=%2Fwp%2Fv2%2Fmedia&parent=4502"}],"wp:term":[{"taxonomy":"category","embeddable":true,"href":"https:\/\/www.salgotarjan.hu\/index.php?rest_route=%2Fwp%2Fv2%2Fcategories&post=4502"},{"taxonomy":"post_tag","embeddable":true,"href":"https:\/\/www.salgotarjan.hu\/index.php?rest_route=%2Fwp%2Fv2%2Ftags&post=4502"}],"curies":[{"name":"wp","href":"https:\/\/api.w.org\/{rel}","templated":true}]}}