{"id":4497,"date":"2016-08-01T19:18:39","date_gmt":"2016-08-01T17:18:39","guid":{"rendered":"http:\/\/www.salgotarjan.hu\/?p=4497"},"modified":"2019-04-21T12:12:11","modified_gmt":"2019-04-21T10:12:11","slug":"xii-tarjani-szlovak-es-folk-nap","status":"publish","type":"post","link":"https:\/\/www.salgotarjan.hu\/?p=4497","title":{"rendered":"XII. Tarj\u00e1ni Szlov\u00e1k \u00e9s Folk Nap"},"content":{"rendered":"<p><a href=\"http:\/\/www.salgotarjan.hu\/wp-content\/uploads\/20160801_szlovaknap.jpg\"><img loading=\"lazy\" decoding=\"async\" src=\"http:\/\/www.salgotarjan.hu\/wp-content\/uploads\/20160801_szlovaknap.jpg\" alt=\"20160801_szlovaknap\" width=\"480\" height=\"310\" class=\"alignnone size-full wp-image-4498\" srcset=\"https:\/\/www.salgotarjan.hu\/wp-content\/uploads\/20160801_szlovaknap.jpg 480w, https:\/\/www.salgotarjan.hu\/wp-content\/uploads\/20160801_szlovaknap-300x194.jpg 300w\" sizes=\"auto, (max-width: 480px) 100vw, 480px\" \/><\/a><\/p>\n<p>J\u00falius 29-\u00e9n ism\u00e9t megrendez\u00e9sre ker\u00fclt a Tarj\u00e1ni Szlov\u00e1k \u00e9s Folk Nap. Az imm\u00e1r tizenk\u00e9t \u00e9ves m\u00faltra visszatekint\u0151 rendezv\u00e9nyt id\u00e9n t\u00e9rs\u00e9g\u00fcnk \u00e9l\u0151 hagyom\u00e1nyainak tov\u00e1bbad\u00e1sa \u00e9s az egy\u00fcv\u00e9 tartoz\u00e1s jegy\u00e9ben szervezt\u00e9k meg.<\/p>\n<p>Fekete Zsolt, Salg\u00f3tarj\u00e1n polg\u00e1rmestere megnyit\u00f3 besz\u00e9d\u00e9ben \u00fagy fogalmazott, hogy a hagyom\u00e1ny\u0151rz\u00e9snek a t\u0171z tov\u00e1bbad\u00e1s\u00e1r\u00f3l, nem pedig a hamu im\u00e1d\u00e1s\u00e1r\u00f3l kell sz\u00f3lnia. A hat\u00e1ron \u00e1t\u00edvel\u0151 bar\u00e1ts\u00e1g, a k\u00f6z\u00f6s m\u00falt \u00e9s a kultur\u00e1lis \u00e9rt\u00e9kcsere fontoss\u00e1g\u00e1r\u00f3l, valamint a v\u00e1rosunk sz\u00e1m\u00e1ra k\u00fcl\u00f6n\u00f6sen \u00e9rt\u00e9kes szlov\u00e1k kapcsolatok \u00e1pol\u00e1s\u00e1r\u00f3l is sz\u00f3lt a v\u00e1rosvezet\u0151. A Szlov\u00e1k Nemzetis\u00e9gi \u00d6nkorm\u00e1nyzat nev\u00e9ben dr. Egyed Ferdin\u00e1nd mondott k\u00f6sz\u00f6nt\u0151t.<\/p>\n<p>A sz\u00ednpadon eg\u00e9sz este zen\u00e9s produkci\u00f3k v\u00e1ltott\u00e1k egym\u00e1st, a F\u0151 t\u00e9ren pedig szlov\u00e1k finoms\u00e1gok \u00e9s a szlov\u00e1k n\u00e9pi m\u0171v\u00e9szeteket bemutat\u00f3 sz\u00ednes programok v\u00e1rt\u00e1k a k\u00f6z\u00f6ns\u00e9get.<\/p>\n<p>(K\u00e9p forr\u00e1sa: Salg\u00f3tarj\u00e1ni V\u00e1rosi Telev\u00edzi\u00f3)<\/p>\n","protected":false},"excerpt":{"rendered":"<p>J\u00falius 29-\u00e9n ism\u00e9t megrendez\u00e9sre ker\u00fclt a Tarj\u00e1ni Szlov\u00e1k \u00e9s Folk Nap. Az imm\u00e1r tizenk\u00e9t \u00e9ves m\u00faltra visszatekint\u0151 rendezv\u00e9nyt id\u00e9n t\u00e9rs\u00e9g\u00fcnk \u00e9l\u0151 hagyom\u00e1nyainak tov\u00e1bbad\u00e1sa \u00e9s az egy\u00fcv\u00e9 tartoz\u00e1s jegy\u00e9ben szervezt\u00e9k meg. Fekete Zsolt, Salg\u00f3tarj\u00e1n polg\u00e1rmestere megnyit\u00f3 besz\u00e9d\u00e9ben \u00fagy fogalmazott, hogy a hagyom\u00e1ny\u0151rz\u00e9snek a t\u0171z tov\u00e1bbad\u00e1s\u00e1r\u00f3l, nem pedig a hamu im\u00e1d\u00e1s\u00e1r\u00f3l kell sz\u00f3lnia. A hat\u00e1ron \u00e1t\u00edvel\u0151 bar\u00e1ts\u00e1g, &#8230; <a title=\"XII. Tarj\u00e1ni Szlov\u00e1k \u00e9s Folk Nap\" class=\"read-more\" href=\"https:\/\/www.salgotarjan.hu\/?p=4497\" aria-label=\"Read more about XII. Tarj\u00e1ni Szlov\u00e1k \u00e9s Folk Nap\">Olvass tov\u00e1bb<\/a><\/p>\n","protected":false},"author":7,"featured_media":0,"comment_status":"closed","ping_status":"closed","sticky":false,"template":"","format":"standard","meta":{"footnotes":""},"categories":[1,10],"tags":[],"class_list":["post-4497","post","type-post","status-publish","format-standard","hentry","category-egyebek","category-hirek-aktualitasok"],"_links":{"self":[{"href":"https:\/\/www.salgotarjan.hu\/index.php?rest_route=\/wp\/v2\/posts\/4497","targetHints":{"allow":["GET"]}}],"collection":[{"href":"https:\/\/www.salgotarjan.hu\/index.php?rest_route=\/wp\/v2\/posts"}],"about":[{"href":"https:\/\/www.salgotarjan.hu\/index.php?rest_route=\/wp\/v2\/types\/post"}],"author":[{"embeddable":true,"href":"https:\/\/www.salgotarjan.hu\/index.php?rest_route=\/wp\/v2\/users\/7"}],"replies":[{"embeddable":true,"href":"https:\/\/www.salgotarjan.hu\/index.php?rest_route=%2Fwp%2Fv2%2Fcomments&post=4497"}],"version-history":[{"count":2,"href":"https:\/\/www.salgotarjan.hu\/index.php?rest_route=\/wp\/v2\/posts\/4497\/revisions"}],"predecessor-version":[{"id":4500,"href":"https:\/\/www.salgotarjan.hu\/index.php?rest_route=\/wp\/v2\/posts\/4497\/revisions\/4500"}],"wp:attachment":[{"href":"https:\/\/www.salgotarjan.hu\/index.php?rest_route=%2Fwp%2Fv2%2Fmedia&parent=4497"}],"wp:term":[{"taxonomy":"category","embeddable":true,"href":"https:\/\/www.salgotarjan.hu\/index.php?rest_route=%2Fwp%2Fv2%2Fcategories&post=4497"},{"taxonomy":"post_tag","embeddable":true,"href":"https:\/\/www.salgotarjan.hu\/index.php?rest_route=%2Fwp%2Fv2%2Ftags&post=4497"}],"curies":[{"name":"wp","href":"https:\/\/api.w.org\/{rel}","templated":true}]}}