{"id":4482,"date":"2016-07-28T09:58:15","date_gmt":"2016-07-28T07:58:15","guid":{"rendered":"http:\/\/www.salgotarjan.hu\/?p=4482"},"modified":"2019-04-21T12:12:11","modified_gmt":"2019-04-21T10:12:11","slug":"hirdetmeny-2","status":"publish","type":"post","link":"https:\/\/www.salgotarjan.hu\/?p=4482","title":{"rendered":"Hirdetm\u00e9ny"},"content":{"rendered":"<p>A Salg\u00f3tarj\u00e1ni Helyi V\u00e1laszt\u00e1si Iroda vezet\u0151je t\u00e1j\u00e9koztatja a v\u00e1ros lakoss\u00e1g\u00e1t, hogy a salg\u00f3tarj\u00e1ni 27. sz\u00e1m\u00fa szavaz\u00f3k\u00f6rh\u00f6z tartoz\u00f3 \u201eKult\u00farotthon Forg\u00e1ch A. telep 100.\u201d megnevez\u00e9s\u0171 szavaz\u00f3helyis\u00e9g \u00e1thelyez\u00e9sre ker\u00fclt a Forg\u00e1ch A. \u00fat 1. (Dornyay B\u00e9la Tagiskola) alatti helyis\u00e9gbe.<\/p>\n<p>Az \u00e9rintett, jelen hirdetm\u00e9nyben megjel\u00f6lt szavaz\u00f3k\u00f6rben lak\u00f3k szavazatukat a 2016. okt\u00f3ber 2-i n\u00e9pszavaz\u00e1son m\u00e1r az \u00faj szavaz\u00f3helyis\u00e9gben adhatj\u00e1k le.<\/p>\n<p><strong>T\u00f3thn\u00e9 dr. Kerekes Andrea<\/strong> sk.<br \/>\njegyz\u0151<br \/>\nHVI vezet\u0151<\/p>\n<p>27. szavaz\u00f3k\u00f6r Forg\u00e1ch I.<br \/>\nForg\u00e1ch A. \u00fat 1. (Dornyay B\u00e9la Tagiskola)<br \/>\n\u00c1fonya utca, Almafa utca, Barack utca, Bimb\u00f3 utca, Bodza u., Borbolya u., Cikl\u00e1men utca, Csille k\u00f6z, Dob\u00f3 Katica k\u00f6z, Dob\u00f3 Katica \u00fat, Egri utca, Forg\u00e1ch Antal telep, Forg\u00e1ch Antal \u00fat 77-t\u0151l v\u00e9gig (p\u00e1ros \u00e9s p\u00e1ratlan), Galagonya utca, Gesztenye utca, Hanga utca, H\u00e9rics utca, Ibolya utca, Irinyi J\u00e1nos \u00fat, J\u00e1zmin utca, Kaz\u00e1ri \u00fat, Kikerics utca, K\u00f6k\u00e9ny utca, K\u00f6rtefa u., Liszt Ferenc \u00fat, M\u00e1lna utca, Meggyfa utca, Mik\u00f3v\u00f6lgyi \u00fat, Mogyor\u00f3 utca, Nefelejcs utca, P\u00e9csk\u0151 Szilv\u00e1s-Barackos, Pipacs utca, Ribizli utca, S\u00e1st\u00f3 puszta, Somly\u00f3i \u00fat, Sz\u00e9r\u0171skert 41-t\u0151l v\u00e9gig (p\u00e1ros \u00e9s p\u00e1ratlan), Sziget puszta, Szilvafa utca, Sz\u0151l\u0151 utca, Ter\u00e9zt\u00e1r\u00f3 utca, V\u00e1j\u00e1r utca, Vir\u00e1g utca, V\u00f6lgyh\u00edd utca, Zs\u00e1lya utca<\/p>\n<p>(A Salg\u00f3tarj\u00e1ni Helyi V\u00e1laszt\u00e1si Iroda okt\u00f3beri n\u00e9pszavaz\u00e1ssal kapcsolatos hirdetm\u00e9nyei az \u00d6nkorm\u00e1nyzat->V\u00e1laszt\u00e1sok->V\u00e1laszt\u00e1si iroda hirdetm\u00e9nyei-><a href=\"http:\/\/www.salgotarjan.hu\/?page_id=4478\">2016. okt\u00f3ber 2-i n\u00e9pszavaz\u00e1s<\/a> \u00faj men\u00fcpont alatt is el\u00e9rhet\u0151k.)<\/p>\n","protected":false},"excerpt":{"rendered":"<p>A Salg\u00f3tarj\u00e1ni Helyi V\u00e1laszt\u00e1si Iroda vezet\u0151je t\u00e1j\u00e9koztatja a v\u00e1ros lakoss\u00e1g\u00e1t, hogy a salg\u00f3tarj\u00e1ni 27. sz\u00e1m\u00fa szavaz\u00f3k\u00f6rh\u00f6z tartoz\u00f3 \u201eKult\u00farotthon Forg\u00e1ch A. telep 100.\u201d megnevez\u00e9s\u0171 szavaz\u00f3helyis\u00e9g \u00e1thelyez\u00e9sre ker\u00fclt a Forg\u00e1ch A. \u00fat 1. (Dornyay B\u00e9la Tagiskola) alatti helyis\u00e9gbe. Az \u00e9rintett, jelen hirdetm\u00e9nyben megjel\u00f6lt szavaz\u00f3k\u00f6rben lak\u00f3k szavazatukat a 2016. okt\u00f3ber 2-i n\u00e9pszavaz\u00e1son m\u00e1r az \u00faj szavaz\u00f3helyis\u00e9gben adhatj\u00e1k le. &#8230; <a title=\"Hirdetm\u00e9ny\" class=\"read-more\" href=\"https:\/\/www.salgotarjan.hu\/?p=4482\" aria-label=\"Read more about Hirdetm\u00e9ny\">Olvass tov\u00e1bb<\/a><\/p>\n","protected":false},"author":7,"featured_media":0,"comment_status":"closed","ping_status":"closed","sticky":false,"template":"","format":"standard","meta":{"footnotes":""},"categories":[1,10],"tags":[],"class_list":["post-4482","post","type-post","status-publish","format-standard","hentry","category-egyebek","category-hirek-aktualitasok"],"_links":{"self":[{"href":"https:\/\/www.salgotarjan.hu\/index.php?rest_route=\/wp\/v2\/posts\/4482","targetHints":{"allow":["GET"]}}],"collection":[{"href":"https:\/\/www.salgotarjan.hu\/index.php?rest_route=\/wp\/v2\/posts"}],"about":[{"href":"https:\/\/www.salgotarjan.hu\/index.php?rest_route=\/wp\/v2\/types\/post"}],"author":[{"embeddable":true,"href":"https:\/\/www.salgotarjan.hu\/index.php?rest_route=\/wp\/v2\/users\/7"}],"replies":[{"embeddable":true,"href":"https:\/\/www.salgotarjan.hu\/index.php?rest_route=%2Fwp%2Fv2%2Fcomments&post=4482"}],"version-history":[{"count":3,"href":"https:\/\/www.salgotarjan.hu\/index.php?rest_route=\/wp\/v2\/posts\/4482\/revisions"}],"predecessor-version":[{"id":4485,"href":"https:\/\/www.salgotarjan.hu\/index.php?rest_route=\/wp\/v2\/posts\/4482\/revisions\/4485"}],"wp:attachment":[{"href":"https:\/\/www.salgotarjan.hu\/index.php?rest_route=%2Fwp%2Fv2%2Fmedia&parent=4482"}],"wp:term":[{"taxonomy":"category","embeddable":true,"href":"https:\/\/www.salgotarjan.hu\/index.php?rest_route=%2Fwp%2Fv2%2Fcategories&post=4482"},{"taxonomy":"post_tag","embeddable":true,"href":"https:\/\/www.salgotarjan.hu\/index.php?rest_route=%2Fwp%2Fv2%2Ftags&post=4482"}],"curies":[{"name":"wp","href":"https:\/\/api.w.org\/{rel}","templated":true}]}}