{"id":4475,"date":"2016-07-27T11:40:30","date_gmt":"2016-07-27T09:40:30","guid":{"rendered":"http:\/\/www.salgotarjan.hu\/?p=4475"},"modified":"2019-04-21T12:12:11","modified_gmt":"2019-04-21T10:12:11","slug":"fiatalos-program-de-nem-csak-fiataloknak","status":"publish","type":"post","link":"https:\/\/www.salgotarjan.hu\/?p=4475","title":{"rendered":"Fiatalos program, de nem csak fiataloknak"},"content":{"rendered":"<p>\u201eMit keresel itt? #Slgtrjn\u201d c\u00edmmel k\u00f6tetlen besz\u00e9lget\u00e9st szervez a Salg\u00f3tarj\u00e1ni Ifj\u00fas\u00e1gi Inform\u00e1ci\u00f3s \u00e9s Tan\u00e1csad\u00f3 Iroda \u00e9s a salg\u00f3tarj\u00e1ni Speak Smart csapata j\u00falius 29-\u00e9n, 17 \u00f3r\u00e1t\u00f3l a SITI konferenciaterm\u00e9ben. A tal\u00e1lkoz\u00f3 c\u00e9lja a perspekt\u00edva-keres\u00e9s, els\u0151sorban a helyi fiatalok sz\u00e1m\u00e1ra. A f\u00f3rumon nem csak \u0151k, de elismert szakemberek is elmondj\u00e1k majd v\u00e9lem\u00e9ny\u00fcket, megl\u00e1t\u00e1saikat egy-egy, az ifj\u00fas\u00e1got \u00e9rint\u0151 \u00e9s \u00e9rdekl\u0151 t\u00e9ma kapcs\u00e1n.<\/p>\n<p>A salg\u00f3tarj\u00e1ni Speak Smart csoport k\u00f6zel egy \u00e9ve tev\u00e9kenykedik a n\u00f3gr\u00e1di megyesz\u00e9khelyen. Az \u00f6nszervez\u0151d\u0151 fiatalos form\u00e1ci\u00f3 els\u0151sorban belv\u00e1rosi gerillakert\u00e9szked\u00e9s, a K\u00e1lv\u00e1ria padjainak kifest\u00e9se vagy \u00e9ppen a \u201eKattanj r\u00e1!\u201d elnevez\u00e9s\u0171 ifj\u00fas\u00e1gi fot\u00f3smaraton kapcs\u00e1n lehet ismert m\u00e1r sokak sz\u00e1m\u00e1ra.<\/p>\n<p>Soron k\u00f6vetkez\u0151 akci\u00f3juk a tal\u00e1lkoz\u00e1sr\u00f3l, a p\u00e1rbesz\u00e9dr\u0151l, az \u00f6tletel\u00e9sr\u0151l, az innov\u00e1ci\u00f3r\u00f3l \u00e9s Salg\u00f3tarj\u00e1n j\u00f6v\u0151j\u00e9r\u0151l sz\u00f3l, a t\u00e9m\u00e1kat els\u0151sorban a fiatalok szemsz\u00f6g\u00e9b\u0151l megvil\u00e1g\u00edtva:<br \/>\n&#8211; Hogyan, mik\u00e9nt l\u00e1tj\u00e1k a fiatalok Salg\u00f3tarj\u00e1nt?<br \/>\n&#8211; Mit v\u00e1r az ifj\u00fas\u00e1g Salg\u00f3tarj\u00e1nt\u00f3l, milyen ig\u00e9nye van a helyi fiataloknak?<br \/>\n&#8211; Mit tudnak tenni a helyi fiatalok sz\u00fcl\u0151v\u00e1rosuk\u00e9rt?<br \/>\n&#8211; Mit lehetne kihozni Salg\u00f3tarj\u00e1nb\u00f3l, a helyi adotts\u00e1gok figyelembe v\u00e9tel\u00e9vel?<br \/>\nT\u00f6bbek k\u00f6z\u00f6tt ezekre a k\u00e9rd\u00e9sekre keresik a v\u00e1laszt a szervez\u0151k.<\/p>\n<p>A f\u00f3rumhoz egy ki\u00e1ll\u00edt\u00e1s is kapcsol\u00f3dik. A t\u00e1rlat a k\u00f6zelm\u00faltban megrendezett \u201eKattanj r\u00e1!\u201d ifj\u00fas\u00e1gi fot\u00f3smaraton legjobb k\u00e9peit mutatja be.<\/p>\n","protected":false},"excerpt":{"rendered":"<p>\u201eMit keresel itt? #Slgtrjn\u201d c\u00edmmel k\u00f6tetlen besz\u00e9lget\u00e9st szervez a Salg\u00f3tarj\u00e1ni Ifj\u00fas\u00e1gi Inform\u00e1ci\u00f3s \u00e9s Tan\u00e1csad\u00f3 Iroda \u00e9s a salg\u00f3tarj\u00e1ni Speak Smart csapata j\u00falius 29-\u00e9n, 17 \u00f3r\u00e1t\u00f3l a SITI konferenciaterm\u00e9ben. A tal\u00e1lkoz\u00f3 c\u00e9lja a perspekt\u00edva-keres\u00e9s, els\u0151sorban a helyi fiatalok sz\u00e1m\u00e1ra. A f\u00f3rumon nem csak \u0151k, de elismert szakemberek is elmondj\u00e1k majd v\u00e9lem\u00e9ny\u00fcket, megl\u00e1t\u00e1saikat egy-egy, az ifj\u00fas\u00e1got \u00e9rint\u0151 &#8230; <a title=\"Fiatalos program, de nem csak fiataloknak\" class=\"read-more\" href=\"https:\/\/www.salgotarjan.hu\/?p=4475\" aria-label=\"Read more about Fiatalos program, de nem csak fiataloknak\">Olvass tov\u00e1bb<\/a><\/p>\n","protected":false},"author":7,"featured_media":0,"comment_status":"closed","ping_status":"closed","sticky":false,"template":"","format":"standard","meta":{"footnotes":""},"categories":[1,10],"tags":[],"class_list":["post-4475","post","type-post","status-publish","format-standard","hentry","category-egyebek","category-hirek-aktualitasok"],"_links":{"self":[{"href":"https:\/\/www.salgotarjan.hu\/index.php?rest_route=\/wp\/v2\/posts\/4475","targetHints":{"allow":["GET"]}}],"collection":[{"href":"https:\/\/www.salgotarjan.hu\/index.php?rest_route=\/wp\/v2\/posts"}],"about":[{"href":"https:\/\/www.salgotarjan.hu\/index.php?rest_route=\/wp\/v2\/types\/post"}],"author":[{"embeddable":true,"href":"https:\/\/www.salgotarjan.hu\/index.php?rest_route=\/wp\/v2\/users\/7"}],"replies":[{"embeddable":true,"href":"https:\/\/www.salgotarjan.hu\/index.php?rest_route=%2Fwp%2Fv2%2Fcomments&post=4475"}],"version-history":[{"count":1,"href":"https:\/\/www.salgotarjan.hu\/index.php?rest_route=\/wp\/v2\/posts\/4475\/revisions"}],"predecessor-version":[{"id":4476,"href":"https:\/\/www.salgotarjan.hu\/index.php?rest_route=\/wp\/v2\/posts\/4475\/revisions\/4476"}],"wp:attachment":[{"href":"https:\/\/www.salgotarjan.hu\/index.php?rest_route=%2Fwp%2Fv2%2Fmedia&parent=4475"}],"wp:term":[{"taxonomy":"category","embeddable":true,"href":"https:\/\/www.salgotarjan.hu\/index.php?rest_route=%2Fwp%2Fv2%2Fcategories&post=4475"},{"taxonomy":"post_tag","embeddable":true,"href":"https:\/\/www.salgotarjan.hu\/index.php?rest_route=%2Fwp%2Fv2%2Ftags&post=4475"}],"curies":[{"name":"wp","href":"https:\/\/api.w.org\/{rel}","templated":true}]}}