{"id":4467,"date":"2016-07-27T11:23:09","date_gmt":"2016-07-27T09:23:09","guid":{"rendered":"http:\/\/www.salgotarjan.hu\/?p=4467"},"modified":"2019-04-21T12:12:11","modified_gmt":"2019-04-21T10:12:11","slug":"szelektiv-hulladekgyujtes-varosszerte","status":"publish","type":"post","link":"https:\/\/www.salgotarjan.hu\/?p=4467","title":{"rendered":"Szelekt\u00edv hullad\u00e9kgy\u0171jt\u00e9s v\u00e1rosszerte"},"content":{"rendered":"<p><img loading=\"lazy\" decoding=\"async\" src=\"http:\/\/www.salgotarjan.hu\/wp-content\/uploads\/20160727_szelektiv_hulladek.jpg\" alt=\"20160727_szelektiv_hulladek\" width=\"480\" height=\"280\" class=\"alignnone size-full wp-image-4468\" srcset=\"https:\/\/www.salgotarjan.hu\/wp-content\/uploads\/20160727_szelektiv_hulladek.jpg 480w, https:\/\/www.salgotarjan.hu\/wp-content\/uploads\/20160727_szelektiv_hulladek-300x175.jpg 300w\" sizes=\"auto, (max-width: 480px) 100vw, 480px\" \/><\/p>\n<p>Kihelyez\u00e9sre ker\u00fcltek Salg\u00f3tarj\u00e1nban a szelekt\u00edv hullad\u00e9kgy\u0171jt\u0151k a v\u00e1rosszerte kor\u00e1bban m\u00e1r kialak\u00edtott &#8222;hullad\u00e9kgy\u0171jt\u0151 szigeteken&#8221;. A Kelet-N\u00f3gr\u00e1d T\u00e9rs\u00e9gi Hullad\u00e9kgazd\u00e1lkod\u00e1si T\u00e1rsul\u00e1s a szolg\u00e1ltat\u00e1si ter\u00fclet nagyobb v\u00e1rosaiban kezdte a kihelyez\u00e9seket, \u00edgy Salg\u00f3tarj\u00e1n gyakorlatilag teljes ter\u00fclet\u00e9n m\u00e1r biztos\u00edtott\u00e1 v\u00e1lt a lakoss\u00e1g sz\u00e1m\u00e1ra a k\u00f6rnyezetk\u00edm\u00e9l\u0151 \u00e9s a min\u00e9l nagyobb hat\u00e9konys\u00e1g\u00fa \u00fajrahasznos\u00edt\u00e1st el\u0151seg\u00edt\u0151 szelekt\u00edv hullad\u00e9kgy\u0171jt\u00e9s. A tervek szerint a kont\u00e9nereket minden m\u00e1sodik h\u00e9ten \u00fcr\u00edtik. Az \u00f6sszegy\u0171jt\u00f6tt pap\u00edr, m\u0171anyag \u00e9s \u00fcveg hullad\u00e9kot a feldolgoz\u00e1s el\u0151tt ellen\u0151rzik, fontos azonban, hogy a lakoss\u00e1g is figyelmet ford\u00edtson arra, hogy a jel\u00f6lt gy\u0171jt\u0151kbe ne ker\u00fclj\u00f6n m\u00e1s jelleg\u0171 h\u00e1ztart\u00e1si hullad\u00e9k.<\/p>\n<p>(K\u00e9p forr\u00e1sa: Salg\u00f3tarj\u00e1ni V\u00e1rosi Telev\u00edzi\u00f3)<\/p>\n","protected":false},"excerpt":{"rendered":"<p>Kihelyez\u00e9sre ker\u00fcltek Salg\u00f3tarj\u00e1nban a szelekt\u00edv hullad\u00e9kgy\u0171jt\u0151k a v\u00e1rosszerte kor\u00e1bban m\u00e1r kialak\u00edtott &#8222;hullad\u00e9kgy\u0171jt\u0151 szigeteken&#8221;. A Kelet-N\u00f3gr\u00e1d T\u00e9rs\u00e9gi Hullad\u00e9kgazd\u00e1lkod\u00e1si T\u00e1rsul\u00e1s a szolg\u00e1ltat\u00e1si ter\u00fclet nagyobb v\u00e1rosaiban kezdte a kihelyez\u00e9seket, \u00edgy Salg\u00f3tarj\u00e1n gyakorlatilag teljes ter\u00fclet\u00e9n m\u00e1r biztos\u00edtott\u00e1 v\u00e1lt a lakoss\u00e1g sz\u00e1m\u00e1ra a k\u00f6rnyezetk\u00edm\u00e9l\u0151 \u00e9s a min\u00e9l nagyobb hat\u00e9konys\u00e1g\u00fa \u00fajrahasznos\u00edt\u00e1st el\u0151seg\u00edt\u0151 szelekt\u00edv hullad\u00e9kgy\u0171jt\u00e9s. A tervek szerint a kont\u00e9nereket minden m\u00e1sodik &#8230; <a title=\"Szelekt\u00edv hullad\u00e9kgy\u0171jt\u00e9s v\u00e1rosszerte\" class=\"read-more\" href=\"https:\/\/www.salgotarjan.hu\/?p=4467\" aria-label=\"Read more about Szelekt\u00edv hullad\u00e9kgy\u0171jt\u00e9s v\u00e1rosszerte\">Olvass tov\u00e1bb<\/a><\/p>\n","protected":false},"author":7,"featured_media":0,"comment_status":"closed","ping_status":"closed","sticky":false,"template":"","format":"standard","meta":{"footnotes":""},"categories":[1,10],"tags":[],"class_list":["post-4467","post","type-post","status-publish","format-standard","hentry","category-egyebek","category-hirek-aktualitasok"],"_links":{"self":[{"href":"https:\/\/www.salgotarjan.hu\/index.php?rest_route=\/wp\/v2\/posts\/4467","targetHints":{"allow":["GET"]}}],"collection":[{"href":"https:\/\/www.salgotarjan.hu\/index.php?rest_route=\/wp\/v2\/posts"}],"about":[{"href":"https:\/\/www.salgotarjan.hu\/index.php?rest_route=\/wp\/v2\/types\/post"}],"author":[{"embeddable":true,"href":"https:\/\/www.salgotarjan.hu\/index.php?rest_route=\/wp\/v2\/users\/7"}],"replies":[{"embeddable":true,"href":"https:\/\/www.salgotarjan.hu\/index.php?rest_route=%2Fwp%2Fv2%2Fcomments&post=4467"}],"version-history":[{"count":5,"href":"https:\/\/www.salgotarjan.hu\/index.php?rest_route=\/wp\/v2\/posts\/4467\/revisions"}],"predecessor-version":[{"id":4473,"href":"https:\/\/www.salgotarjan.hu\/index.php?rest_route=\/wp\/v2\/posts\/4467\/revisions\/4473"}],"wp:attachment":[{"href":"https:\/\/www.salgotarjan.hu\/index.php?rest_route=%2Fwp%2Fv2%2Fmedia&parent=4467"}],"wp:term":[{"taxonomy":"category","embeddable":true,"href":"https:\/\/www.salgotarjan.hu\/index.php?rest_route=%2Fwp%2Fv2%2Fcategories&post=4467"},{"taxonomy":"post_tag","embeddable":true,"href":"https:\/\/www.salgotarjan.hu\/index.php?rest_route=%2Fwp%2Fv2%2Ftags&post=4467"}],"curies":[{"name":"wp","href":"https:\/\/api.w.org\/{rel}","templated":true}]}}