{"id":4441,"date":"2016-07-21T19:11:36","date_gmt":"2016-07-21T17:11:36","guid":{"rendered":"http:\/\/www.salgotarjan.hu\/?p=4441"},"modified":"2019-04-21T12:12:12","modified_gmt":"2019-04-21T10:12:12","slug":"egyuttmukodes-salgotarjan-jovojeert","status":"publish","type":"post","link":"https:\/\/www.salgotarjan.hu\/?p=4441","title":{"rendered":"Egy\u00fcttm\u0171k\u00f6d\u00e9s Salg\u00f3tarj\u00e1n j\u00f6v\u0151j\u00e9\u00e9rt"},"content":{"rendered":"<p>J\u00falius 21-\u00e9n cs\u00fct\u00f6rt\u00f6k\u00f6n a k\u00f6zgy\u0171l\u00e9s tagjaival, valamint a v\u00e1laszt\u00f3ker\u00fclet orsz\u00e1ggy\u0171l\u00e9si k\u00e9pvisel\u0151j\u00e9vel egyeztet\u00e9st tartottunk a Modern V\u00e1rosok Program \u00e1ltalunk javasolt fejleszt\u00e9si terv\u00e9r\u0151l, valamint az eddigi, korm\u00e1nyzattal folytatott t\u00e1rgyal\u00e1sok alakul\u00e1s\u00e1r\u00f3l. Fontosnak tartom, hogy a minisztereln\u00f6k el\u00e9 olyan anyag ker\u00fclj\u00f6n, amely a v\u00e1rosi k\u00f6zgy\u0171l\u00e9s tagjai, a telep\u00fcl\u00e9sr\u00e9szi k\u00e9pvisel\u0151k \u00e9s az orsz\u00e1ggy\u0171l\u00e9si k\u00e9pvisel\u0151 t\u00e1mogat\u00e1s\u00e1t is b\u00edrja.<\/p>\n<p>A fejleszt\u00e9si csomag konkr\u00e9t elemeir\u0151l a t\u00e1rgyal\u00e1sok lez\u00e1rult\u00e1val, azaz a minisztereln\u00f6ki l\u00e1togat\u00e1ssal egyidej\u0171leg t\u00e1j\u00e9koztatjuk a lakoss\u00e1got.<\/p>\n<p>Megl\u00e1t\u00e1som szerint a Salg\u00f3tarj\u00e1n j\u00f6v\u0151j\u00e9t megalapoz\u00f3 tervekr\u0151l \u00e9s elk\u00e9pzel\u00e9sekr\u0151l sz\u00f3l\u00f3 \u00fcl\u00e9s konstrukt\u00edv volt, \u00e9s igen el\u0151remutat\u00f3. \u00d6r\u00f6m\u00f6mre szolg\u00e1l az a minden oldalr\u00f3l j\u00f3 sz\u00e1nd\u00e9k\u00fa egy\u00fcttm\u0171k\u00f6d\u00e9s, amely v\u00e1rosunk fellend\u00fcl\u00e9s\u00e9t c\u00e9lozva k\u00f6rvonalaz\u00f3dni l\u00e1tszik. A salg\u00f3tarj\u00e1niak \u00e9rdek\u00e9ben b\u00edzom a korm\u00e1nyzat pozit\u00edv hozz\u00e1\u00e1ll\u00e1s\u00e1ban a tov\u00e1bbiakban is.<\/p>\n<p>Salg\u00f3tarj\u00e1n, 2016. j\u00falius 21.<\/p>\n<p><strong>Fekete Zsolt<\/strong><br \/>\npolg\u00e1rmester<\/p>\n","protected":false},"excerpt":{"rendered":"<p>J\u00falius 21-\u00e9n cs\u00fct\u00f6rt\u00f6k\u00f6n a k\u00f6zgy\u0171l\u00e9s tagjaival, valamint a v\u00e1laszt\u00f3ker\u00fclet orsz\u00e1ggy\u0171l\u00e9si k\u00e9pvisel\u0151j\u00e9vel egyeztet\u00e9st tartottunk a Modern V\u00e1rosok Program \u00e1ltalunk javasolt fejleszt\u00e9si terv\u00e9r\u0151l, valamint az eddigi, korm\u00e1nyzattal folytatott t\u00e1rgyal\u00e1sok alakul\u00e1s\u00e1r\u00f3l. Fontosnak tartom, hogy a minisztereln\u00f6k el\u00e9 olyan anyag ker\u00fclj\u00f6n, amely a v\u00e1rosi k\u00f6zgy\u0171l\u00e9s tagjai, a telep\u00fcl\u00e9sr\u00e9szi k\u00e9pvisel\u0151k \u00e9s az orsz\u00e1ggy\u0171l\u00e9si k\u00e9pvisel\u0151 t\u00e1mogat\u00e1s\u00e1t is b\u00edrja. A fejleszt\u00e9si csomag &#8230; <a title=\"Egy\u00fcttm\u0171k\u00f6d\u00e9s Salg\u00f3tarj\u00e1n j\u00f6v\u0151j\u00e9\u00e9rt\" class=\"read-more\" href=\"https:\/\/www.salgotarjan.hu\/?p=4441\" aria-label=\"Read more about Egy\u00fcttm\u0171k\u00f6d\u00e9s Salg\u00f3tarj\u00e1n j\u00f6v\u0151j\u00e9\u00e9rt\">Olvass tov\u00e1bb<\/a><\/p>\n","protected":false},"author":7,"featured_media":0,"comment_status":"closed","ping_status":"closed","sticky":false,"template":"","format":"standard","meta":{"footnotes":""},"categories":[1,10],"tags":[],"class_list":["post-4441","post","type-post","status-publish","format-standard","hentry","category-egyebek","category-hirek-aktualitasok"],"_links":{"self":[{"href":"https:\/\/www.salgotarjan.hu\/index.php?rest_route=\/wp\/v2\/posts\/4441","targetHints":{"allow":["GET"]}}],"collection":[{"href":"https:\/\/www.salgotarjan.hu\/index.php?rest_route=\/wp\/v2\/posts"}],"about":[{"href":"https:\/\/www.salgotarjan.hu\/index.php?rest_route=\/wp\/v2\/types\/post"}],"author":[{"embeddable":true,"href":"https:\/\/www.salgotarjan.hu\/index.php?rest_route=\/wp\/v2\/users\/7"}],"replies":[{"embeddable":true,"href":"https:\/\/www.salgotarjan.hu\/index.php?rest_route=%2Fwp%2Fv2%2Fcomments&post=4441"}],"version-history":[{"count":1,"href":"https:\/\/www.salgotarjan.hu\/index.php?rest_route=\/wp\/v2\/posts\/4441\/revisions"}],"predecessor-version":[{"id":4442,"href":"https:\/\/www.salgotarjan.hu\/index.php?rest_route=\/wp\/v2\/posts\/4441\/revisions\/4442"}],"wp:attachment":[{"href":"https:\/\/www.salgotarjan.hu\/index.php?rest_route=%2Fwp%2Fv2%2Fmedia&parent=4441"}],"wp:term":[{"taxonomy":"category","embeddable":true,"href":"https:\/\/www.salgotarjan.hu\/index.php?rest_route=%2Fwp%2Fv2%2Fcategories&post=4441"},{"taxonomy":"post_tag","embeddable":true,"href":"https:\/\/www.salgotarjan.hu\/index.php?rest_route=%2Fwp%2Fv2%2Ftags&post=4441"}],"curies":[{"name":"wp","href":"https:\/\/api.w.org\/{rel}","templated":true}]}}