{"id":4413,"date":"2016-07-13T09:52:17","date_gmt":"2016-07-13T07:52:17","guid":{"rendered":"http:\/\/www.salgotarjan.hu\/?p=4413"},"modified":"2019-04-21T12:12:12","modified_gmt":"2019-04-21T10:12:12","slug":"tobb-mint-3-500-eszak-magyarorszagi-palyazo-az-otthon-melege-program-hutogepcsere-alprogramjara","status":"publish","type":"post","link":"https:\/\/www.salgotarjan.hu\/?p=4413","title":{"rendered":"T\u00f6bb mint 3500 p\u00e1ly\u00e1z\u00f3 az Otthon Melege Program h\u0171t\u0151g\u00e9pcsere programj\u00e1ra"},"content":{"rendered":"<p>A Nemzeti Fejleszt\u00e9si Miniszt\u00e9rium Kommunik\u00e1ci\u00f3s F\u0151oszt\u00e1ly\u00e1nak t\u00e1j\u00e9koztat\u00e1sa szerint az \u00e9szak-magyarorsz\u00e1gi r\u00e9gi\u00f3ban m\u00e1r t\u00f6bb mint h\u00e1romezren p\u00e1ly\u00e1ztak a h\u00e1ztart\u00e1si nagyg\u00e9pek (h\u0171t\u0151- \u00e9s fagyaszt\u00f3 berendez\u00e9sek) energia megtakar\u00edt\u00e1st eredm\u00e9nyez\u0151 cser\u00e9j\u00e9re. A rendelkez\u00e9sre \u00e1ll\u00f3 forr\u00e1s kimer\u00fcl\u00e9se miatt a r\u00e9gi\u00f3ban a nyugd\u00edjasok vagy nagycsal\u00e1dosok j\u00falius 12-ig ny\u00fajthatnak be p\u00e1ly\u00e1zatot.<\/p>\n<p>A fokozott \u00e9rdekl\u0151d\u00e9sre val\u00f3 tekintettel azonban a p\u00e1ly\u00e1zat valamennyi nagykor\u00fa term\u00e9szetes szem\u00e9ly sz\u00e1m\u00e1ra el\u00e9rhet\u0151 lesz a r\u00e9gi\u00f3ban<br \/>\n<strong>2016. j\u00falius 14-\u00e9n 8 \u00f3r\u00e1t\u00f3l 9 \u00f3r\u00e1ig<\/strong>. Ezt k\u00f6vet\u0151en a p\u00e1ly\u00e1zatbeny\u00fajt\u00e1st hat\u00e1rozatlan id\u0151re felf\u00fcggesztik az \u00e9szak-magyarorsz\u00e1gi r\u00e9gi\u00f3ban.<\/p>\n<p>B\u0151vebb inform\u00e1ci\u00f3: <a href=\"https:\/\/hgcs-2016.nfsi.hu\/\" target=\"_blank\" rel=\"noopener noreferrer\">hgcs-2016.nfsi.hu<\/a><br \/>\n\u00dcgyf\u00e9lkapu bejelentkez\u00e9s: <a href=\"https:\/\/ugyfelkapu.magyarorszag.hu\/\" target=\"_blank\" rel=\"noopener noreferrer\">ugyfelkapu.magyarorszag.hu<\/a><\/p>\n<p>\u00d6nkorm\u00e1nyzatunk a fenti inform\u00e1ci\u00f3t \u00e1ltal\u00e1nos lakoss\u00e1gi t\u00e1j\u00e9koztat\u00e1s c\u00e9lj\u00e1b\u00f3l tette k\u00f6zz\u00e9, a p\u00e1ly\u00e1zatok feldolgoz\u00e1s\u00e1ban, elb\u00edr\u00e1l\u00e1s\u00e1ban nem vesz r\u00e9szt.<br \/>\nA felmer\u00fcl\u0151 k\u00e9rd\u00e9sek megv\u00e1laszol\u00e1s\u00e1ban a <a href=\"https:\/\/hgcs-2016.nfsi.hu\/\" target=\"_blank\" rel=\"noopener noreferrer\">hgcs-2016.nfsi.hu<\/a> oldalon tal\u00e1lhat\u00f3 el\u00e9rhet\u0151s\u00e9geken \u00e1llnak a lakoss\u00e1g rendelkez\u00e9s\u00e9re.<\/p>\n","protected":false},"excerpt":{"rendered":"<p>A Nemzeti Fejleszt\u00e9si Miniszt\u00e9rium Kommunik\u00e1ci\u00f3s F\u0151oszt\u00e1ly\u00e1nak t\u00e1j\u00e9koztat\u00e1sa szerint az \u00e9szak-magyarorsz\u00e1gi r\u00e9gi\u00f3ban m\u00e1r t\u00f6bb mint h\u00e1romezren p\u00e1ly\u00e1ztak a h\u00e1ztart\u00e1si nagyg\u00e9pek (h\u0171t\u0151- \u00e9s fagyaszt\u00f3 berendez\u00e9sek) energia megtakar\u00edt\u00e1st eredm\u00e9nyez\u0151 cser\u00e9j\u00e9re. A rendelkez\u00e9sre \u00e1ll\u00f3 forr\u00e1s kimer\u00fcl\u00e9se miatt a r\u00e9gi\u00f3ban a nyugd\u00edjasok vagy nagycsal\u00e1dosok j\u00falius 12-ig ny\u00fajthatnak be p\u00e1ly\u00e1zatot. A fokozott \u00e9rdekl\u0151d\u00e9sre val\u00f3 tekintettel azonban a p\u00e1ly\u00e1zat valamennyi nagykor\u00fa term\u00e9szetes &#8230; <a title=\"T\u00f6bb mint 3500 p\u00e1ly\u00e1z\u00f3 az Otthon Melege Program h\u0171t\u0151g\u00e9pcsere programj\u00e1ra\" class=\"read-more\" href=\"https:\/\/www.salgotarjan.hu\/?p=4413\" aria-label=\"Read more about T\u00f6bb mint 3500 p\u00e1ly\u00e1z\u00f3 az Otthon Melege Program h\u0171t\u0151g\u00e9pcsere programj\u00e1ra\">Olvass tov\u00e1bb<\/a><\/p>\n","protected":false},"author":7,"featured_media":0,"comment_status":"closed","ping_status":"closed","sticky":false,"template":"","format":"standard","meta":{"footnotes":""},"categories":[1,10],"tags":[],"class_list":["post-4413","post","type-post","status-publish","format-standard","hentry","category-egyebek","category-hirek-aktualitasok"],"_links":{"self":[{"href":"https:\/\/www.salgotarjan.hu\/index.php?rest_route=\/wp\/v2\/posts\/4413","targetHints":{"allow":["GET"]}}],"collection":[{"href":"https:\/\/www.salgotarjan.hu\/index.php?rest_route=\/wp\/v2\/posts"}],"about":[{"href":"https:\/\/www.salgotarjan.hu\/index.php?rest_route=\/wp\/v2\/types\/post"}],"author":[{"embeddable":true,"href":"https:\/\/www.salgotarjan.hu\/index.php?rest_route=\/wp\/v2\/users\/7"}],"replies":[{"embeddable":true,"href":"https:\/\/www.salgotarjan.hu\/index.php?rest_route=%2Fwp%2Fv2%2Fcomments&post=4413"}],"version-history":[{"count":1,"href":"https:\/\/www.salgotarjan.hu\/index.php?rest_route=\/wp\/v2\/posts\/4413\/revisions"}],"predecessor-version":[{"id":9503,"href":"https:\/\/www.salgotarjan.hu\/index.php?rest_route=\/wp\/v2\/posts\/4413\/revisions\/9503"}],"wp:attachment":[{"href":"https:\/\/www.salgotarjan.hu\/index.php?rest_route=%2Fwp%2Fv2%2Fmedia&parent=4413"}],"wp:term":[{"taxonomy":"category","embeddable":true,"href":"https:\/\/www.salgotarjan.hu\/index.php?rest_route=%2Fwp%2Fv2%2Fcategories&post=4413"},{"taxonomy":"post_tag","embeddable":true,"href":"https:\/\/www.salgotarjan.hu\/index.php?rest_route=%2Fwp%2Fv2%2Ftags&post=4413"}],"curies":[{"name":"wp","href":"https:\/\/api.w.org\/{rel}","templated":true}]}}