{"id":4386,"date":"2016-07-04T16:30:41","date_gmt":"2016-07-04T14:30:41","guid":{"rendered":"http:\/\/www.salgotarjan.hu\/?p=4386"},"modified":"2019-04-21T12:12:12","modified_gmt":"2019-04-21T10:12:12","slug":"afrikai-kalandtura-a-dornyay-muzeumban","status":"publish","type":"post","link":"https:\/\/www.salgotarjan.hu\/?p=4386","title":{"rendered":"Afrikai kalandt\u00fara a Dornyay M\u00fazeumban"},"content":{"rendered":"<p><img loading=\"lazy\" decoding=\"async\" src=\"http:\/\/www.salgotarjan.hu\/wp-content\/uploads\/20160704_afrika.jpg\" alt=\"20160704_afrika\" width=\"480\" height=\"320\" class=\"alignnone size-full wp-image-4387\" srcset=\"https:\/\/www.salgotarjan.hu\/wp-content\/uploads\/20160704_afrika.jpg 480w, https:\/\/www.salgotarjan.hu\/wp-content\/uploads\/20160704_afrika-300x200.jpg 300w\" sizes=\"auto, (max-width: 480px) 100vw, 480px\" \/><\/p>\n<p>A salg\u00f3tarj\u00e1ni Dornyay B\u00e9la M\u00fazeumban interakt\u00edv ki\u00e1ll\u00edt\u00e1s ny\u00edlott a p\u00e1ratlan \u00e9l\u0151vil\u00e1g\u00fa afrikai f\u00fcves puszt\u00e1ra kalauzolja el a kalandv\u00e1gy\u00f3 l\u00e1togat\u00f3kat, akik a t\u00e1j jellegzetes \u00e1llatai, az afrikai nagyvadak k\u00fcl\u00f6n\u00f6s szok\u00e1sai mellett ritk\u00e1n l\u00e1tott, rejt\u0151zk\u00f6d\u0151 \u00e9l\u0151l\u00e9nyeket, b\u00e1mulatra m\u00e9lt\u00f3 jelens\u00e9geket, meglep\u0151 term\u00e9szeti \u00f6sszef\u00fcgg\u00e9seket is megismerhetnek. A felfedez\u0151kre nem mindennapi feladat v\u00e1r, a j\u00e1t\u00e9k sor\u00e1n a szavanna sz\u00e1mtalan rejt\u00e9lyes lak\u00f3ja ker\u00fcl \u00fatjukba: tal\u00e1lkozhatnak a Csupasz Turk\u00e1l\u00f3val, a Tr\u00fckk\u00f6s Toj\u00e1stolvajjal, a Vihog\u00f3val, a Fut\u00f3bajnokkal \u00e9s az \u00c1lomszusz\u00e9kkal.<br \/>\nA nap izz\u00f3 g\u00f6mbk\u00e9nt emelkedik a l\u00e1t\u00f3hat\u00e1r fel\u00e9, a f\u0171sz\u00e1lakon m\u00e9g harmatcseppek hint\u00e1znak. A tengerk\u00e9nt hull\u00e1mz\u00f3 f\u0171mez\u0151b\u0151l szigetk\u00e9nt magasodik ki egy-egy mag\u00e1nyos fa lombkoron\u00e1ja. Ez a szavanna, a tekint\u00e9lyt parancsol\u00f3 nagyvadak, a f\u00fcrge antilopok, a sz\u00ednpomp\u00e1s flaming\u00f3k, a k\u00edv\u00e1ncsi szurik\u00e1t\u00e1k \u00e9s megannyi leny\u0171g\u00f6z\u0151 \u00e1llat- \u00e9s n\u00f6v\u00e9nyfaj otthona.<\/p>\n<p>A k\u00e9pzeletbeli utaz\u00e1son, a szavanna \u00fattalan \u00fatjait j\u00e1rva a l\u00e1togat\u00f3k izgalmas rejtv\u00e9nyek \u00e9s fejt\u00f6r\u0151 feladatok seg\u00edts\u00e9g\u00e9vel, apr\u00f3 darabonk\u00e9nt rakhatj\u00e1k \u00f6ssze a szerencsehoz\u00f3 talizm\u00e1nt, hogy a kaland v\u00e9g\u00e9n ennek fej\u00e9ben ki\u00e9rdemelhess\u00e9k a felfedez\u0151knek j\u00e1r\u00f3 jutalmat.<\/p>\n<p>A \u201eTitokzatos szavanna \u2013 Gyere el a b\u0171v\u00f6s talizm\u00e1nod\u00e9rt!\u201d elnevez\u00e9s\u0171, j\u00falius 4-\u00e9n ny\u00edlott t\u00e1rlatot augusztus 28-ig kereshetik fel az \u00e9rdekl\u0151d\u0151k.<\/p>\n","protected":false},"excerpt":{"rendered":"<p>A salg\u00f3tarj\u00e1ni Dornyay B\u00e9la M\u00fazeumban interakt\u00edv ki\u00e1ll\u00edt\u00e1s ny\u00edlott a p\u00e1ratlan \u00e9l\u0151vil\u00e1g\u00fa afrikai f\u00fcves puszt\u00e1ra kalauzolja el a kalandv\u00e1gy\u00f3 l\u00e1togat\u00f3kat, akik a t\u00e1j jellegzetes \u00e1llatai, az afrikai nagyvadak k\u00fcl\u00f6n\u00f6s szok\u00e1sai mellett ritk\u00e1n l\u00e1tott, rejt\u0151zk\u00f6d\u0151 \u00e9l\u0151l\u00e9nyeket, b\u00e1mulatra m\u00e9lt\u00f3 jelens\u00e9geket, meglep\u0151 term\u00e9szeti \u00f6sszef\u00fcgg\u00e9seket is megismerhetnek. A felfedez\u0151kre nem mindennapi feladat v\u00e1r, a j\u00e1t\u00e9k sor\u00e1n a szavanna sz\u00e1mtalan rejt\u00e9lyes &#8230; <a title=\"Afrikai kalandt\u00fara a Dornyay M\u00fazeumban\" class=\"read-more\" href=\"https:\/\/www.salgotarjan.hu\/?p=4386\" aria-label=\"Read more about Afrikai kalandt\u00fara a Dornyay M\u00fazeumban\">Olvass tov\u00e1bb<\/a><\/p>\n","protected":false},"author":7,"featured_media":0,"comment_status":"closed","ping_status":"closed","sticky":false,"template":"","format":"standard","meta":{"footnotes":""},"categories":[1,10],"tags":[],"class_list":["post-4386","post","type-post","status-publish","format-standard","hentry","category-egyebek","category-hirek-aktualitasok"],"_links":{"self":[{"href":"https:\/\/www.salgotarjan.hu\/index.php?rest_route=\/wp\/v2\/posts\/4386","targetHints":{"allow":["GET"]}}],"collection":[{"href":"https:\/\/www.salgotarjan.hu\/index.php?rest_route=\/wp\/v2\/posts"}],"about":[{"href":"https:\/\/www.salgotarjan.hu\/index.php?rest_route=\/wp\/v2\/types\/post"}],"author":[{"embeddable":true,"href":"https:\/\/www.salgotarjan.hu\/index.php?rest_route=\/wp\/v2\/users\/7"}],"replies":[{"embeddable":true,"href":"https:\/\/www.salgotarjan.hu\/index.php?rest_route=%2Fwp%2Fv2%2Fcomments&post=4386"}],"version-history":[{"count":2,"href":"https:\/\/www.salgotarjan.hu\/index.php?rest_route=\/wp\/v2\/posts\/4386\/revisions"}],"predecessor-version":[{"id":4389,"href":"https:\/\/www.salgotarjan.hu\/index.php?rest_route=\/wp\/v2\/posts\/4386\/revisions\/4389"}],"wp:attachment":[{"href":"https:\/\/www.salgotarjan.hu\/index.php?rest_route=%2Fwp%2Fv2%2Fmedia&parent=4386"}],"wp:term":[{"taxonomy":"category","embeddable":true,"href":"https:\/\/www.salgotarjan.hu\/index.php?rest_route=%2Fwp%2Fv2%2Fcategories&post=4386"},{"taxonomy":"post_tag","embeddable":true,"href":"https:\/\/www.salgotarjan.hu\/index.php?rest_route=%2Fwp%2Fv2%2Ftags&post=4386"}],"curies":[{"name":"wp","href":"https:\/\/api.w.org\/{rel}","templated":true}]}}