{"id":4350,"date":"2016-07-01T19:59:56","date_gmt":"2016-07-01T17:59:56","guid":{"rendered":"http:\/\/www.salgotarjan.hu\/?p=4350"},"modified":"2019-04-21T12:12:12","modified_gmt":"2019-04-21T10:12:12","slug":"megunnepeltek-az-egeszsegugyi-dolgozokat","status":"publish","type":"post","link":"https:\/\/www.salgotarjan.hu\/?p=4350","title":{"rendered":"Meg\u00fcnnepelt\u00e9k az eg\u00e9szs\u00e9g\u00fcgyi dolgoz\u00f3kat"},"content":{"rendered":"<p><img loading=\"lazy\" decoding=\"async\" src=\"http:\/\/www.salgotarjan.hu\/wp-content\/uploads\/20160701_korhaz_1.jpg\" alt=\"20160701_korhaz_1\" width=\"480\" height=\"198\" class=\"alignnone size-full wp-image-4357\" srcset=\"https:\/\/www.salgotarjan.hu\/wp-content\/uploads\/20160701_korhaz_1.jpg 480w, https:\/\/www.salgotarjan.hu\/wp-content\/uploads\/20160701_korhaz_1-300x124.jpg 300w\" sizes=\"auto, (max-width: 480px) 100vw, 480px\" \/><\/p>\n<p>A 2016. j\u00fanius 30-i Semmelweis-napon, a magyar eg\u00e9szs\u00e9g\u00fcgy napja alkalm\u00e1b\u00f3l rendeztek \u00fcnneps\u00e9get a szakm\u00e1ban dolgoz\u00f3knak a salg\u00f3tarj\u00e1ni Szent L\u00e1z\u00e1r Megyei K\u00f3rh\u00e1zban. Az \u00fcnneps\u00e9gen v\u00e1rosi, k\u00f3rh\u00e1zi elismer\u00e9seket \u00e9s szakdolgoz\u00f3i kamarai kit\u00fcntet\u00e9seket adtak \u00e1t.<\/p>\n<p><img loading=\"lazy\" decoding=\"async\" src=\"http:\/\/www.salgotarjan.hu\/wp-content\/uploads\/20160701_korhaz_2.jpg\" alt=\"20160701_korhaz_2\" width=\"480\" height=\"319\" class=\"alignnone size-full wp-image-4352\" srcset=\"https:\/\/www.salgotarjan.hu\/wp-content\/uploads\/20160701_korhaz_2.jpg 480w, https:\/\/www.salgotarjan.hu\/wp-content\/uploads\/20160701_korhaz_2-300x199.jpg 300w\" sizes=\"auto, (max-width: 480px) 100vw, 480px\" \/><\/p>\n<p>A rendezv\u00e9nyen dr. Bercs\u00e9nyi Lajos f\u0151igazgat\u00f3 f\u0151orvos, Fekete Zsolt, Salg\u00f3tarj\u00e1n polg\u00e1rmestere \u00e9s Becs\u00f3 Zsolt, a t\u00e9rs\u00e9g orsz\u00e1ggy\u0171l\u00e9si k\u00e9pvisel\u0151je k\u00f6sz\u00f6nt\u00f6tte az \u00fcnneps\u00e9g r\u00e9sztvev\u0151it, mindh\u00e1rman hangoztatva az eg\u00e9szs\u00e9g\u00fcgyben dolgoz\u00f3k elhivatott munk\u00e1j\u00e1t \u00e9s \u00e1ldozatv\u00e1llal\u00e1s\u00e1t.<\/p>\n<p><img loading=\"lazy\" decoding=\"async\" src=\"http:\/\/www.salgotarjan.hu\/wp-content\/uploads\/20160701_korhaz_3.jpg\" alt=\"20160701_korhaz_3\" width=\"480\" height=\"319\" class=\"alignnone size-full wp-image-4353\" srcset=\"https:\/\/www.salgotarjan.hu\/wp-content\/uploads\/20160701_korhaz_3.jpg 480w, https:\/\/www.salgotarjan.hu\/wp-content\/uploads\/20160701_korhaz_3-300x199.jpg 300w\" sizes=\"auto, (max-width: 480px) 100vw, 480px\" \/><\/p>\n<p>Salg\u00f3tarj\u00e1n Megyei Jog\u00fa V\u00e1ros \u00d6nkorm\u00e1nyzata Salg\u00f3tarj\u00e1n Eml\u00e9k\u00e9rem kit\u00fcntet\u00e9sben r\u00e9szes\u00edtette\u00a0dr. Csorba Bertalan\u00a0h\u00e1ziorvost,\u00a0dr. Gastanek N\u00e1ndorn\u00e9\u00a0v\u00e9d\u0151n\u0151t \u00e9s Zs\u00e9lyin\u00e9 Kmetyi Vikt\u00f3ria\u00a0v\u00e9d\u0151n\u0151t. Az elismer\u00e9seket Fekete Zsolt adta \u00e1t. Ezt k\u00f6vet\u0151en a Szent L\u00e1z\u00e1r Megyei K\u00f3rh\u00e1z elismer\u00e9seit \u00e9s a szakdolgoz\u00f3i kamara d\u00edj\u00e1t adt\u00e1k \u00e1t \u00e9s szakmai el\u0151l\u00e9ptet\u00e9seket jelentettek be.<\/p>\n<p>A Salg\u00f3tarj\u00e1ni V\u00e1rosi Telev\u00edzi\u00f3 felv\u00e9tele az esem\u00e9nyr\u0151l megtekinthet\u0151 a <a href=\"http:\/\/www.salgotv.net\/?p=337\" target=\"_blank\" rel=\"noopener noreferrer\">telev\u00edzi\u00f3 honlapj\u00e1n<\/a>.<\/p>\n","protected":false},"excerpt":{"rendered":"<p>A 2016. j\u00fanius 30-i Semmelweis-napon, a magyar eg\u00e9szs\u00e9g\u00fcgy napja alkalm\u00e1b\u00f3l rendeztek \u00fcnneps\u00e9get a szakm\u00e1ban dolgoz\u00f3knak a salg\u00f3tarj\u00e1ni Szent L\u00e1z\u00e1r Megyei K\u00f3rh\u00e1zban. Az \u00fcnneps\u00e9gen v\u00e1rosi, k\u00f3rh\u00e1zi elismer\u00e9seket \u00e9s szakdolgoz\u00f3i kamarai kit\u00fcntet\u00e9seket adtak \u00e1t. A rendezv\u00e9nyen dr. Bercs\u00e9nyi Lajos f\u0151igazgat\u00f3 f\u0151orvos, Fekete Zsolt, Salg\u00f3tarj\u00e1n polg\u00e1rmestere \u00e9s Becs\u00f3 Zsolt, a t\u00e9rs\u00e9g orsz\u00e1ggy\u0171l\u00e9si k\u00e9pvisel\u0151je k\u00f6sz\u00f6nt\u00f6tte az \u00fcnneps\u00e9g r\u00e9sztvev\u0151it, mindh\u00e1rman &#8230; <a title=\"Meg\u00fcnnepelt\u00e9k az eg\u00e9szs\u00e9g\u00fcgyi dolgoz\u00f3kat\" class=\"read-more\" href=\"https:\/\/www.salgotarjan.hu\/?p=4350\" aria-label=\"Read more about Meg\u00fcnnepelt\u00e9k az eg\u00e9szs\u00e9g\u00fcgyi dolgoz\u00f3kat\">Olvass tov\u00e1bb<\/a><\/p>\n","protected":false},"author":7,"featured_media":0,"comment_status":"closed","ping_status":"closed","sticky":false,"template":"","format":"standard","meta":{"footnotes":""},"categories":[1,10],"tags":[],"class_list":["post-4350","post","type-post","status-publish","format-standard","hentry","category-egyebek","category-hirek-aktualitasok"],"_links":{"self":[{"href":"https:\/\/www.salgotarjan.hu\/index.php?rest_route=\/wp\/v2\/posts\/4350","targetHints":{"allow":["GET"]}}],"collection":[{"href":"https:\/\/www.salgotarjan.hu\/index.php?rest_route=\/wp\/v2\/posts"}],"about":[{"href":"https:\/\/www.salgotarjan.hu\/index.php?rest_route=\/wp\/v2\/types\/post"}],"author":[{"embeddable":true,"href":"https:\/\/www.salgotarjan.hu\/index.php?rest_route=\/wp\/v2\/users\/7"}],"replies":[{"embeddable":true,"href":"https:\/\/www.salgotarjan.hu\/index.php?rest_route=%2Fwp%2Fv2%2Fcomments&post=4350"}],"version-history":[{"count":2,"href":"https:\/\/www.salgotarjan.hu\/index.php?rest_route=\/wp\/v2\/posts\/4350\/revisions"}],"predecessor-version":[{"id":9504,"href":"https:\/\/www.salgotarjan.hu\/index.php?rest_route=\/wp\/v2\/posts\/4350\/revisions\/9504"}],"wp:attachment":[{"href":"https:\/\/www.salgotarjan.hu\/index.php?rest_route=%2Fwp%2Fv2%2Fmedia&parent=4350"}],"wp:term":[{"taxonomy":"category","embeddable":true,"href":"https:\/\/www.salgotarjan.hu\/index.php?rest_route=%2Fwp%2Fv2%2Fcategories&post=4350"},{"taxonomy":"post_tag","embeddable":true,"href":"https:\/\/www.salgotarjan.hu\/index.php?rest_route=%2Fwp%2Fv2%2Ftags&post=4350"}],"curies":[{"name":"wp","href":"https:\/\/api.w.org\/{rel}","templated":true}]}}