{"id":4267,"date":"2016-07-15T06:00:48","date_gmt":"2016-07-15T04:00:48","guid":{"rendered":"http:\/\/www.salgotarjan.hu\/?p=4267"},"modified":"2019-04-21T12:12:12","modified_gmt":"2019-04-21T10:12:12","slug":"nyari-szunet-a-konyvtarban","status":"publish","type":"post","link":"https:\/\/www.salgotarjan.hu\/?p=4267","title":{"rendered":"Ny\u00e1ri sz\u00fcnet a k\u00f6nyvt\u00e1rban"},"content":{"rendered":"<p>A Balassi B\u00e1lint Megyei K\u00f6nyvt\u00e1r t\u00e1j\u00e9koztat\u00e1sa szerint a k\u00f6nyvt\u00e1r<br \/>\n<strong>2016. j\u00falius 18. \u00e9s augusztus 1. k\u00f6z\u00f6tt z\u00e1rva tart<\/strong>.<\/p>\n<p>Az olvas\u00f3k sz\u00e1m\u00e1ra a z\u00e1rva tart\u00e1s idej\u00e9re &#8211; az egy\u00e9bk\u00e9nt megengedett 8 darab kik\u00f6lcs\u00f6nz\u00f6tt k\u00f6nyv helyett &#8211; 12 k\u00f6nyv k\u00f6lcs\u00f6nz\u00e9s\u00e9re ad lehet\u0151s\u00e9get az int\u00e9zm\u00e9ny.<\/p>\n<p>A Forg\u00e1ch-i fi\u00f3kk\u00f6nyvt\u00e1r a megyei k\u00f6nyvt\u00e1r bez\u00e1r\u00e1sa alatt is fogadja olvas\u00f3it, sz\u00e1mukra h\u00e9tf\u0151t\u0151l p\u00e9ntekig 8.00-16.00 \u00f3ra k\u00f6z\u00f6tt biztos\u00edtja a k\u00f6nyvk\u00f6lcs\u00f6nz\u00e9st, a foly\u00f3irat olvas\u00e1st, a sz\u00e1m\u00edt\u00f3g\u00e9p haszn\u00e1latot. A somosk\u0151i, a zagyvar\u00f3nai \u00e9s a salg\u00f3i fi\u00f3kk\u00f6nyvt\u00e1r a k\u00f6zz\u00e9tett nyitvatart\u00e1si id\u0151ben szint\u00e9n v\u00e1rja a l\u00e1togat\u00f3kat. A besztercei fi\u00f3kk\u00f6nyvt\u00e1r az iskola bez\u00e1r\u00e1sa miatt j\u00falius \u00e9s augusztusban z\u00e1rva tart.<\/p>\n<p>A Balassi B\u00e1lint Megyei K\u00f6nyvt\u00e1r els\u0151 nyitvatart\u00e1si napja a sz\u00fcnet ut\u00e1n: <strong>2016. augusztus 2.<\/strong> ( kedd)<\/p>\n","protected":false},"excerpt":{"rendered":"<p>A Balassi B\u00e1lint Megyei K\u00f6nyvt\u00e1r t\u00e1j\u00e9koztat\u00e1sa szerint a k\u00f6nyvt\u00e1r 2016. j\u00falius 18. \u00e9s augusztus 1. k\u00f6z\u00f6tt z\u00e1rva tart. Az olvas\u00f3k sz\u00e1m\u00e1ra a z\u00e1rva tart\u00e1s idej\u00e9re &#8211; az egy\u00e9bk\u00e9nt megengedett 8 darab kik\u00f6lcs\u00f6nz\u00f6tt k\u00f6nyv helyett &#8211; 12 k\u00f6nyv k\u00f6lcs\u00f6nz\u00e9s\u00e9re ad lehet\u0151s\u00e9get az int\u00e9zm\u00e9ny. A Forg\u00e1ch-i fi\u00f3kk\u00f6nyvt\u00e1r a megyei k\u00f6nyvt\u00e1r bez\u00e1r\u00e1sa alatt is fogadja olvas\u00f3it, sz\u00e1mukra h\u00e9tf\u0151t\u0151l &#8230; <a title=\"Ny\u00e1ri sz\u00fcnet a k\u00f6nyvt\u00e1rban\" class=\"read-more\" href=\"https:\/\/www.salgotarjan.hu\/?p=4267\" aria-label=\"Read more about Ny\u00e1ri sz\u00fcnet a k\u00f6nyvt\u00e1rban\">Olvass tov\u00e1bb<\/a><\/p>\n","protected":false},"author":7,"featured_media":0,"comment_status":"closed","ping_status":"closed","sticky":false,"template":"","format":"standard","meta":{"footnotes":""},"categories":[1,10],"tags":[],"class_list":["post-4267","post","type-post","status-publish","format-standard","hentry","category-egyebek","category-hirek-aktualitasok"],"_links":{"self":[{"href":"https:\/\/www.salgotarjan.hu\/index.php?rest_route=\/wp\/v2\/posts\/4267","targetHints":{"allow":["GET"]}}],"collection":[{"href":"https:\/\/www.salgotarjan.hu\/index.php?rest_route=\/wp\/v2\/posts"}],"about":[{"href":"https:\/\/www.salgotarjan.hu\/index.php?rest_route=\/wp\/v2\/types\/post"}],"author":[{"embeddable":true,"href":"https:\/\/www.salgotarjan.hu\/index.php?rest_route=\/wp\/v2\/users\/7"}],"replies":[{"embeddable":true,"href":"https:\/\/www.salgotarjan.hu\/index.php?rest_route=%2Fwp%2Fv2%2Fcomments&post=4267"}],"version-history":[{"count":3,"href":"https:\/\/www.salgotarjan.hu\/index.php?rest_route=\/wp\/v2\/posts\/4267\/revisions"}],"predecessor-version":[{"id":4371,"href":"https:\/\/www.salgotarjan.hu\/index.php?rest_route=\/wp\/v2\/posts\/4267\/revisions\/4371"}],"wp:attachment":[{"href":"https:\/\/www.salgotarjan.hu\/index.php?rest_route=%2Fwp%2Fv2%2Fmedia&parent=4267"}],"wp:term":[{"taxonomy":"category","embeddable":true,"href":"https:\/\/www.salgotarjan.hu\/index.php?rest_route=%2Fwp%2Fv2%2Fcategories&post=4267"},{"taxonomy":"post_tag","embeddable":true,"href":"https:\/\/www.salgotarjan.hu\/index.php?rest_route=%2Fwp%2Fv2%2Ftags&post=4267"}],"curies":[{"name":"wp","href":"https:\/\/api.w.org\/{rel}","templated":true}]}}