{"id":4265,"date":"2016-05-24T06:00:51","date_gmt":"2016-05-24T04:00:51","guid":{"rendered":"http:\/\/www.salgotarjan.hu\/?p=4265"},"modified":"2019-04-21T12:13:01","modified_gmt":"2019-04-21T10:13:01","slug":"megnyiltak-az-unios-forrasok-elindulnak-a-fejlesztesek","status":"publish","type":"post","link":"https:\/\/www.salgotarjan.hu\/?p=4265","title":{"rendered":"Megny\u00edltak az uni\u00f3s forr\u00e1sok, elindulnak a fejleszt\u00e9sek"},"content":{"rendered":"<p>Mint arr\u00f3l kor\u00e1bban m\u00e1r h\u00edrt adtunk: Salg\u00f3tarj\u00e1nnak 2020-ig 9,2 milli\u00e1rd forintos Eur\u00f3pai Uni\u00f3s t\u00e1mogat\u00e1s \u00e1ll rendelkez\u00e9s\u00e9re fejleszt\u00e9sekre. Az Eur\u00f3pai Uni\u00f3 rendeletben hat\u00e1rozta meg azt a 11 tematikus c\u00e9lkit\u0171z\u00e9st, amire ez az \u00f6sszeg ford\u00edthat\u00f3, a Magyar Korm\u00e1ny pedig kijel\u00f6lte a legfontosabb tervez\u00e9si ir\u00e1nyokat.<\/p>\n<p>Mindezek ismeret\u00e9ben k\u00e9sz\u00edtette el a v\u00e1rosi \u00f6nkorm\u00e1nyzat Salg\u00f3tarj\u00e1n Ter\u00fcleti Integr\u00e1lt Programj\u00e1t, melyet m\u00e9g 2014-ben fejleszt\u00e9si f\u00f3rumok el\u0151ztek meg v\u00e1rosszerte. Ezeken a lakoss\u00e1g megismerhette a legfontosabb fejleszt\u00e9si ir\u00e1nyokat \u00e9s lehet\u0151s\u00e9geket, \u00e9s itt volt lehet\u0151s\u00e9g \u00f6sszegy\u0171jteni a gazdas\u00e1gfejleszt\u00e9s, k\u00f6zoktat\u00e1s fejleszt\u00e9s, v\u00e1rosrehabilit\u00e1ci\u00f3, energetikai fejleszt\u00e9sek, eg\u00e9szs\u00e9g\u00fcgyi \u00e9s szoci\u00e1lis alapell\u00e1t\u00e1sok fejleszt\u00e9se, szoci\u00e1lis v\u00e1rosrehabilit\u00e1ci\u00f3, k\u00f6zleked\u00e9sfejleszt\u00e9s t\u00e9mak\u00f6rben felmer\u00fclt javaslatokat.<\/p>\n<p>A forr\u00e1sfelhaszn\u00e1l\u00e1s hat\u00e9konny\u00e1 t\u00e9tele \u00e9rdekben elk\u00e9sz\u00edtett integr\u00e1lt ter\u00fcleti program a helyi ig\u00e9nyekkel \u00f6sszhangban a rendelkez\u00e9sre \u00e1ll\u00f3 p\u00e9nz\u00fcgyi forr\u00e1skeretek felhaszn\u00e1l\u00e1s\u00e1nak szerkezet\u00e9t, elv\u00e1rt eredm\u00e9nyeit \u00e9s \u00fctemez\u00e9s\u00e9t t\u00e1masztja al\u00e1 a 2014-2020-as k\u00f6lts\u00e9gvet\u00e9si id\u0151szakra vonatkoz\u00f3an. Salg\u00f3tarj\u00e1n Megyei Jog\u00fa V\u00e1ros Integr\u00e1lt Ter\u00fcleti Programja els\u0151sorban a gazdas\u00e1gfejleszt\u00e9st \u00e9s a foglalkoztat\u00e1st, valamint az ehhez sz\u00fcks\u00e9ges \u00e9s ezen c\u00e9lkit\u0171z\u00e9seket seg\u00edt\u0151 t\u00e1rsadalmi \u00e9s infrastruktur\u00e1lis fejleszt\u00e9seket tartalmazza.<\/p>\n<p>A program keret\u00e9ben megfogalmazott \u00f3vodafejleszt\u00e9si p\u00e1ly\u00e1zatokat m\u00e1r beny\u00fajtotta a v\u00e1ros \u00f6nkorm\u00e1nyzata. Ebbe a k\u00f6rbe tartozik a zagyvar\u00f3nai, az ac\u00e9lgy\u00e1ri \u00e9s a baglyasaljai \u00f3vod\u00e1k fel\u00faj\u00edt\u00e1sa, a F\u00e1y Andr\u00e1s k\u00f6r\u00fati \u00f3voda ny\u00edl\u00e1sz\u00e1r\u00f3inak cser\u00e9je \u00e9s b\u00f6lcs\u0151dei szoba kialak\u00edt\u00e1sa a Mack\u00f3v\u00e1r \u00f3vod\u00e1ban. Ezekben az int\u00e9zm\u00e9nyekben a munk\u00e1latok \u00fctemezett megval\u00f3s\u00edt\u00e1sa hamarosan elkezd\u0151dik.<br \/>\nUgyancsak beny\u00fajtotta a v\u00e1ros a Csokonai, valamint a Karancs \u00e9s B\u00e1ny\u00e1sz utak fel\u00faj\u00edt\u00e1s\u00e1ra,  a v\u00e1rosi ker\u00e9kp\u00e1r\u00fat \u00fajabb szakasz\u00e1nak meg\u00e9p\u00edt\u00e9s\u00e9re, valamint  a Nagymez\u0151 \u00fat burkolt v\u00edzelvezet\u0151 \u00e1rok meg\u00e9p\u00edt\u00e9s\u00e9re ir\u00e1nyul\u00f3 t\u00e1mogat\u00e1si k\u00e9relmeket.<\/p>\n<p>Salg\u00f3tarj\u00e1n Megyei Jog\u00fa V\u00e1ros \u00d6nkorm\u00e1nyzata a N\u00f3gr\u00e1d Megyei Korm\u00e1nyhivatallal \u00e9s a Salg\u00f3tarj\u00e1ni Foglalkoztat\u00e1si Nonprofit Kft.-vel konzorciumban beny\u00fajtotta a \u201eFoglalkoztat\u00e1si egy\u00fcttm\u0171k\u00f6d\u00e9s Salg\u00f3tarj\u00e1nban\u201d c\u00edm\u0171 t\u00e1mogat\u00e1si k\u00e9relm\u00e9t, melynek c\u00e9lja a megyei jog\u00fa v\u00e1rosi foglalkoztat\u00e1si egy\u00fcttm\u0171k\u00f6d\u00e9sek (paktumok) k\u00e9pz\u00e9si \u00e9s foglalkoztat\u00e1si programjainak t\u00e1mogat\u00e1sa, tev\u00e9kenys\u00e9gi k\u00f6r\u00fck, eredm\u00e9nyess\u00e9g\u00fck, hat\u00e9konys\u00e1guk n\u00f6vel\u00e9se, tov\u00e1bb\u00e1 a foglalkoztat\u00e1s helyi szint\u0171 akci\u00f3tervek megval\u00f3s\u00edt\u00e1s\u00e1val val\u00f3 b\u0151v\u00edt\u00e9se, az \u00e1ll\u00e1skeres\u0151k munk\u00e1hoz juttat\u00e1sa.<\/p>\n<p>Szint\u00e9n beny\u00fajt\u00e1sra ker\u00fclt a \u201eT\u00e1rsadalmi egy\u00fcttm\u0171k\u00f6d\u00e9s er\u0151s\u00edt\u00e9s\u00e9t szolg\u00e1l\u00f3 helyi szint\u0171 komplex programok\u201d c\u00edm\u0171 t\u00e1mogat\u00e1si k\u00e9relem, mely a szoci\u00e1lis c\u00e9l\u00fa v\u00e1rosrehablit\u00e1ci\u00f3s programmal \u00e9rintett ter\u00fcleten \u00e9l\u0151k gazdas\u00e1gi, t\u00e1rsadalmi felk\u00e9sz\u00edt\u00e9s\u00e9t c\u00e9lozza.<\/p>\n<p>Folyamatosak a k\u00f6vetkez\u0151 h\u00f3napban beny\u00fajt\u00e1sra v\u00e1r\u00f3 p\u00e1ly\u00e1zatok el\u0151k\u00e9sz\u00fcletei. Ezek k\u00f6z\u00f6tt szerepel a Beszterce-t\u00e9r fel\u00faj\u00edt\u00e1sa, turisztikai fejleszt\u00e9sek, valamint az eg\u00e9szs\u00e9g\u00fcgyi \u00e9s szoci\u00e1lis alapell\u00e1t\u00e1sok infrastruktur\u00e1lis fejleszt\u00e9sei.<\/p>\n<p>M\u00e1r nyilv\u00e1noss\u00e1gra ker\u00fcltek az energetikai fejleszt\u00e9sekre vonatkoz\u00f3 p\u00e1ly\u00e1zatok. Ezek k\u00f6z\u00f6tt a v\u00e1rosi \u00f6nkorm\u00e1nyzat a zagyvar\u00f3nai B\u00e1tki K\u00f6z\u00f6ss\u00e9gi H\u00e1z, a zagyvap\u00e1lfalvai Gerelyes M\u0171vel\u0151d\u00e9si H\u00e1z energetikai fel\u00faj\u00edt\u00e1s\u00e1ra ny\u00fajt be p\u00e1ly\u00e1zatot. A felh\u00edv\u00e1sok k\u00f6vetkez\u0151 \u201ek\u00f6r\u00f6s\u201d megjelen\u00e9s\u00e9nek el\u0151k\u00e9sz\u00edt\u00e9se \u00e9rdek\u00e9ben a Mack\u00f3v\u00e1r \u00e9s a Gyermekkert \u00f3vod\u00e1k, valamint a megyei k\u00f6nyvt\u00e1r energetikai fel\u00faj\u00edt\u00e1s\u00e1nak felm\u00e9r\u00e9se is megkezd\u0151d\u00f6tt.<\/p>\n<p>Mindezekre az uni\u00f3s forr\u00e1sok rendelkez\u00e9sre \u00e1llnak. Az \u00e1llamon m\u00falik, milyen \u00fctemben fogadja be az Eur\u00f3pai Uni\u00f3 felt\u00e9teleinek megfelel\u0151 p\u00e1ly\u00e1zatokat, \u00e9s foly\u00f3s\u00edtja azokhoz a p\u00e9nz\u00fcgyi forr\u00e1sokat.<br \/>\nA TOP forr\u00e1sokon t\u00fal az \u00d6nkorm\u00e1nyzat m\u00e1s Operat\u00edv Programok adta lehet\u0151s\u00e9geket is igyekszik kihaszn\u00e1lni. A KEHOP \u201eSzeml\u00e9letform\u00e1l\u00e1si programok\u201d ki\u00edr\u00e1sban foglaltaknak megfelel\u0151en az \u00f6nkorm\u00e1nyzat p\u00e1ly\u00e1zatot ny\u00fajt be az energiatudatos gondolkod\u00e1s \u00e9s a kapcsol\u00f3d\u00f3 viselked\u00e9smint\u00e1k \u00e9s szok\u00e1sok elterjeszt\u00e9s\u00e9re vonatkoz\u00f3an. A konkr\u00e9t c\u00e9l, hogy a lakoss\u00e1g sz\u00e9lesebb k\u00f6rben megismerhesse az energiatakar\u00e9koss\u00e1gi, energiahat\u00e9konys\u00e1gi, meg\u00fajul\u00f3 \u00e9s alternat\u00edv energiahasznos\u00edt\u00e1si megold\u00e1sokat, lehet\u0151s\u00e9geket, illetve v\u00e1ltozzanak a lakosok ezekkel kapcsolatos fogyaszt\u00f3i \u00e9s t\u00e1rsadalmi be\u00e1ll\u00edt\u00f3d\u00e1sai.<\/p>\n","protected":false},"excerpt":{"rendered":"<p>Mint arr\u00f3l kor\u00e1bban m\u00e1r h\u00edrt adtunk: Salg\u00f3tarj\u00e1nnak 2020-ig 9,2 milli\u00e1rd forintos Eur\u00f3pai Uni\u00f3s t\u00e1mogat\u00e1s \u00e1ll rendelkez\u00e9s\u00e9re fejleszt\u00e9sekre. Az Eur\u00f3pai Uni\u00f3 rendeletben hat\u00e1rozta meg azt a 11 tematikus c\u00e9lkit\u0171z\u00e9st, amire ez az \u00f6sszeg ford\u00edthat\u00f3, a Magyar Korm\u00e1ny pedig kijel\u00f6lte a legfontosabb tervez\u00e9si ir\u00e1nyokat. Mindezek ismeret\u00e9ben k\u00e9sz\u00edtette el a v\u00e1rosi \u00f6nkorm\u00e1nyzat Salg\u00f3tarj\u00e1n Ter\u00fcleti Integr\u00e1lt Programj\u00e1t, melyet m\u00e9g &#8230; <a title=\"Megny\u00edltak az uni\u00f3s forr\u00e1sok, elindulnak a fejleszt\u00e9sek\" class=\"read-more\" href=\"https:\/\/www.salgotarjan.hu\/?p=4265\" aria-label=\"Read more about Megny\u00edltak az uni\u00f3s forr\u00e1sok, elindulnak a fejleszt\u00e9sek\">Olvass tov\u00e1bb<\/a><\/p>\n","protected":false},"author":7,"featured_media":0,"comment_status":"closed","ping_status":"closed","sticky":false,"template":"","format":"standard","meta":{"footnotes":""},"categories":[1,10],"tags":[],"class_list":["post-4265","post","type-post","status-publish","format-standard","hentry","category-egyebek","category-hirek-aktualitasok"],"_links":{"self":[{"href":"https:\/\/www.salgotarjan.hu\/index.php?rest_route=\/wp\/v2\/posts\/4265","targetHints":{"allow":["GET"]}}],"collection":[{"href":"https:\/\/www.salgotarjan.hu\/index.php?rest_route=\/wp\/v2\/posts"}],"about":[{"href":"https:\/\/www.salgotarjan.hu\/index.php?rest_route=\/wp\/v2\/types\/post"}],"author":[{"embeddable":true,"href":"https:\/\/www.salgotarjan.hu\/index.php?rest_route=\/wp\/v2\/users\/7"}],"replies":[{"embeddable":true,"href":"https:\/\/www.salgotarjan.hu\/index.php?rest_route=%2Fwp%2Fv2%2Fcomments&post=4265"}],"version-history":[{"count":1,"href":"https:\/\/www.salgotarjan.hu\/index.php?rest_route=\/wp\/v2\/posts\/4265\/revisions"}],"predecessor-version":[{"id":4266,"href":"https:\/\/www.salgotarjan.hu\/index.php?rest_route=\/wp\/v2\/posts\/4265\/revisions\/4266"}],"wp:attachment":[{"href":"https:\/\/www.salgotarjan.hu\/index.php?rest_route=%2Fwp%2Fv2%2Fmedia&parent=4265"}],"wp:term":[{"taxonomy":"category","embeddable":true,"href":"https:\/\/www.salgotarjan.hu\/index.php?rest_route=%2Fwp%2Fv2%2Fcategories&post=4265"},{"taxonomy":"post_tag","embeddable":true,"href":"https:\/\/www.salgotarjan.hu\/index.php?rest_route=%2Fwp%2Fv2%2Ftags&post=4265"}],"curies":[{"name":"wp","href":"https:\/\/api.w.org\/{rel}","templated":true}]}}