{"id":4263,"date":"2016-05-24T03:00:35","date_gmt":"2016-05-24T01:00:35","guid":{"rendered":"http:\/\/www.salgotarjan.hu\/?p=4263"},"modified":"2019-04-21T12:13:01","modified_gmt":"2019-04-21T10:13:01","slug":"tovabb-bovulhet-a-kezilabdazok-fellegvara-a-tostrandon","status":"publish","type":"post","link":"https:\/\/www.salgotarjan.hu\/?p=4263","title":{"rendered":"Tov\u00e1bb b\u0151v\u00fclhet a k\u00e9zilabd\u00e1z\u00f3k fellegv\u00e1ra a T\u00f3strandon"},"content":{"rendered":"<p>A Salg\u00f3tarj\u00e1ni Strand\u00e9p\u00edt\u0151k K\u00e9zilabda Club (SSKC) az elm\u00falt \u00e9vekben \u2013 a f\u00e9rfi csapat NB II-es szerepl\u00e9se mellett \u2013 nagy figyelmet ford\u00edt a sport\u00e1g n\u00e9pszer\u0171s\u00edt\u00e9s\u00e9re \u00e9s az ut\u00e1np\u00f3tl\u00e1s nevel\u00e9s sz\u00ednvonal\u00e1nak emel\u00e9s\u00e9re is. A strandk\u00e9zilabda t\u00e9rh\u00f3d\u00edt\u00e1s\u00e1val Salg\u00f3tarj\u00e1n e szak\u00e1g egyik vid\u00e9ki fellegv\u00e1ra lett. A strand ter\u00fclet\u00e9n kialak\u00edtott 3 p\u00e1lya \u2013 melyek a legmagasabb min\u0151s\u00edt\u00e9s\u0171ek k\u00f6z\u00e9 tartoznak Eur\u00f3p\u00e1ban \u2013 sz\u00e1mos rangos kupasorozatnak adott m\u00e1r helyet. Ezt a komplexumot szeretn\u00e9 most b\u0151v\u00edteni az SSKC.<\/p>\n<p>Az egyes\u00fclet 2016. \u00e1prilis 2-\u00e1n lev\u00e9lben fordult a v\u00e1rosi \u00f6nkorm\u00e1nyzathoz, t\u00e1mogat\u00e1st k\u00e9rve egy TAO-p\u00e1ly\u00e1zatb\u00f3l kivitelezhet\u0151 fejleszt\u00e9shez, melynek tervezett helye a T\u00f3strand ter\u00fclet\u00e9n l\u00e9v\u0151, \u00f6nkorm\u00e1nyzati tulajdon\u00fa ter\u00fclet. Itt a tervek szerint 1 \u00faj strandk\u00e9zilabda p\u00e1ly\u00e1t \u00e9p\u00edten\u00e9nek, 1 mobil kiszolg\u00e1l\u00f3 vizesblokkal, amely f\u00e9rfi \u00e9s n\u0151i mosd\u00f3nak, wc-nek, \u00e9s zuhanyoz\u00f3nak adna helyet, \u00e9s mindenzt a strand vend\u00e9gei is ig\u00e9nybe vehetn\u00e9k. A v\u00e1rosi k\u00f6zgy\u0171l\u00e9s a k\u00e9r\u00e9snek helyt adott, \u00e9s a beruh\u00e1z\u00e1s sikeres megval\u00f3s\u00edt\u00e1s\u00e1hoz a tulajdon\u00e1ban \u00e1ll\u00f3 ter\u00fcletet az egyes\u00fclet rendelkez\u00e9s\u00e9re bocs\u00e1jtotta.<\/p>\n<p>Ugyancsak a k\u00e9zilabd\u00e1val kapcsolatos \u00f6r\u00f6mteli h\u00edr, hogy a Magyar K\u00e9zilabda Sz\u00f6vets\u00e9g (MKSZ) lev\u00e9lben kereste meg az \u00f6nkorm\u00e1nyzatot egy k\u00e9zilabda munkacsarnok \u00e9p\u00edt\u00e9s\u00e9vel kapcsolatban, melyet a N\u00f3gr\u00e1d Megyei K\u00e9zilabda Sz\u00f6vets\u00e9g eln\u00f6ke a v\u00e1ros alpolg\u00e1rmestereivel folytatott megbesz\u00e9l\u00e9s\u00e9n meger\u0151s\u00edtett.<br \/>\nA t\u00e1j\u00e9koztat\u00e1s szerint az MKSZ hat\u00e1rozott arr\u00f3l a 60 helysz\u00ednr\u0151l, ahol a korm\u00e1ny t\u00e1mogat\u00e1s\u00e1val k\u00e9zilabda munkacsarnok \u00e9p\u00edt\u00e9se val\u00f3sulhat meg. Ezek k\u00f6z\u00f6tt Salg\u00f3tarj\u00e1n neve is szerepel.<br \/>\nA felt\u00e9telek k\u00f6z\u00f6tt megfogalmazz\u00e1k, hogy a munkacsarnok a sport\u00e1g ut\u00e1np\u00f3tl\u00e1s b\u00e1zis\u00e1nak biztos\u00edtson helyet az adott telep\u00fcl\u00e9sen, \u00e9s k\u00f6zel\u00e9ben legyen \u00e1ltal\u00e1nos iskola, mely ily m\u00f3don a mindennapos testnevel\u00e9shez haszn\u00e1lhatja a l\u00e9tes\u00edtm\u00e9nyt. E k\u00e9t felt\u00e9telnek a tervezett helysz\u00edn, a salg\u00f3tarj\u00e1ni strand nyugati v\u00e9g\u00e9n, a r\u00e9gi sir\u00e1ly \u00f6lt\u00f6z\u0151 ter\u00fclete \u2013 annak elbont\u00e1sa ut\u00e1n \u2013 optim\u00e1lisnak \u00edg\u00e9rkezik, hiszen a k\u00e9zilabda sport\u00e1g ut\u00e1np\u00f3tl\u00e1s b\u00e1zisa a k\u00f6zeli Beszterce telepi iskol\u00e1ra \u00e9p\u00fcl.<br \/>\nA p\u00e1ly\u00e1zati ki\u00edr\u00e1s szerint a csarnoknak els\u0151sorban a k\u00e9zilabda sport\u00e1gat kell szolg\u00e1lnia, de az m\u00e1s sport\u00e1gak ig\u00e9nyeit is kiel\u00e9g\u00edtheti.<br \/>\nA mintegy 300 milli\u00f3 forintos beruh\u00e1z\u00e1s nem ig\u00e9nyel \u00f6ner\u0151t, annak k\u00f6lts\u00e9geit a MKSZ a ter\u00fclet rendez\u00e9s\u00e9t\u0151l a l\u00e9tes\u00edtm\u00e9ny elk\u00e9sz\u00edt\u00e9s\u00e9ig a p\u00e1ly\u00e1zat megval\u00f3s\u00edt\u00e1sa sor\u00e1n teljes eg\u00e9sz\u00e9ben finansz\u00edrozza.<br \/>\nAz egyszer\u0171, de mutat\u00f3s \u00e9p\u00edt\u00e9szeti megold\u00e1ssal megval\u00f3sul\u00f3 beruh\u00e1z\u00e1sok t\u00f6bb \u00fctemben ker\u00fclnek lebonyol\u00edt\u00e1sra. Salg\u00f3tarj\u00e1n Megyei Jog\u00fa V\u00e1ros \u00d6nkorm\u00e1nyzata a tulajdon\u00e1ban l\u00e9v\u0151 ter\u00fclet rendelkez\u00e9sre bocs\u00e1jt\u00e1s\u00e1val t\u00e1mogatja a projekt megval\u00f3s\u00edt\u00e1s\u00e1t.<\/p>\n<p>A k\u00e9zilabda munkacsarnok \u00e9p\u00edt\u00e9si telke a v\u00e1zlattervek \u00e9s parkol\u00e1si helyig\u00e9nyek, k\u00f6telez\u0151 z\u00f6ldter\u00fclet miatt megk\u00f6zel\u00edt\u0151leg 8200 m2 ter\u00fclet\u0171, k\u00f6zvetlen k\u00f6zter\u00fcleti kapcsolattal rendelkez\u0151 telek kialak\u00edt\u00e1s\u00e1t ig\u00e9nyli, melynek fel\u00fclvizsg\u00e1lata jelenleg folyamatban van, tervezett befejez\u00e9se a hat\u00e1lybal\u00e9p\u00e9ssel 2016. december v\u00e9ge.<\/p>\n<p>Az \u00e9p\u00fclet brutt\u00f3 befoglal\u00f3 m\u00e9rete 37 x 56 m. Bels\u0151 terei 25 x 45 m k\u00fczd\u0151t\u00e9r k\u00e9zilabda \u00e9s m\u00e1s csapatsport\u00e1gak r\u00e9sz\u00e9re, hossz-oldal\u00e1n 4 x 45 m lel\u00e1t\u00f3 ter\u00fclettel kieg\u00e9sz\u00edtve, szert\u00e1r, 2-2 f\u00e9rfi \u00e9s n\u0151i \u00f6lt\u00f6z\u0151 a sz\u00fcks\u00e9ges mosd\u00f3kkal, wc-vel, zuhanyoz\u00f3kkal, tan\u00e1ri \u00f6lt\u00f6z\u0151 \u00e9s vizesblokk, els\u0151seg\u00e9ly szoba, bej\u00e1rati el\u0151t\u00e9r, vend\u00e9g mosd\u00f3 \u00e9s wc akad\u00e1lymentes egys\u00e9ggel kieg\u00e9sz\u00edtve, k\u00fcls\u0151 bej\u00e1rat\u00fa kaz\u00e1nh\u00e1z, fedett bej\u00e1rati el\u0151t\u00e9r.<\/p>\n","protected":false},"excerpt":{"rendered":"<p>A Salg\u00f3tarj\u00e1ni Strand\u00e9p\u00edt\u0151k K\u00e9zilabda Club (SSKC) az elm\u00falt \u00e9vekben \u2013 a f\u00e9rfi csapat NB II-es szerepl\u00e9se mellett \u2013 nagy figyelmet ford\u00edt a sport\u00e1g n\u00e9pszer\u0171s\u00edt\u00e9s\u00e9re \u00e9s az ut\u00e1np\u00f3tl\u00e1s nevel\u00e9s sz\u00ednvonal\u00e1nak emel\u00e9s\u00e9re is. A strandk\u00e9zilabda t\u00e9rh\u00f3d\u00edt\u00e1s\u00e1val Salg\u00f3tarj\u00e1n e szak\u00e1g egyik vid\u00e9ki fellegv\u00e1ra lett. A strand ter\u00fclet\u00e9n kialak\u00edtott 3 p\u00e1lya \u2013 melyek a legmagasabb min\u0151s\u00edt\u00e9s\u0171ek k\u00f6z\u00e9 tartoznak Eur\u00f3p\u00e1ban &#8230; <a title=\"Tov\u00e1bb b\u0151v\u00fclhet a k\u00e9zilabd\u00e1z\u00f3k fellegv\u00e1ra a T\u00f3strandon\" class=\"read-more\" href=\"https:\/\/www.salgotarjan.hu\/?p=4263\" aria-label=\"Read more about Tov\u00e1bb b\u0151v\u00fclhet a k\u00e9zilabd\u00e1z\u00f3k fellegv\u00e1ra a T\u00f3strandon\">Olvass tov\u00e1bb<\/a><\/p>\n","protected":false},"author":7,"featured_media":0,"comment_status":"closed","ping_status":"closed","sticky":false,"template":"","format":"standard","meta":{"footnotes":""},"categories":[1,10],"tags":[],"class_list":["post-4263","post","type-post","status-publish","format-standard","hentry","category-egyebek","category-hirek-aktualitasok"],"_links":{"self":[{"href":"https:\/\/www.salgotarjan.hu\/index.php?rest_route=\/wp\/v2\/posts\/4263","targetHints":{"allow":["GET"]}}],"collection":[{"href":"https:\/\/www.salgotarjan.hu\/index.php?rest_route=\/wp\/v2\/posts"}],"about":[{"href":"https:\/\/www.salgotarjan.hu\/index.php?rest_route=\/wp\/v2\/types\/post"}],"author":[{"embeddable":true,"href":"https:\/\/www.salgotarjan.hu\/index.php?rest_route=\/wp\/v2\/users\/7"}],"replies":[{"embeddable":true,"href":"https:\/\/www.salgotarjan.hu\/index.php?rest_route=%2Fwp%2Fv2%2Fcomments&post=4263"}],"version-history":[{"count":1,"href":"https:\/\/www.salgotarjan.hu\/index.php?rest_route=\/wp\/v2\/posts\/4263\/revisions"}],"predecessor-version":[{"id":4264,"href":"https:\/\/www.salgotarjan.hu\/index.php?rest_route=\/wp\/v2\/posts\/4263\/revisions\/4264"}],"wp:attachment":[{"href":"https:\/\/www.salgotarjan.hu\/index.php?rest_route=%2Fwp%2Fv2%2Fmedia&parent=4263"}],"wp:term":[{"taxonomy":"category","embeddable":true,"href":"https:\/\/www.salgotarjan.hu\/index.php?rest_route=%2Fwp%2Fv2%2Fcategories&post=4263"},{"taxonomy":"post_tag","embeddable":true,"href":"https:\/\/www.salgotarjan.hu\/index.php?rest_route=%2Fwp%2Fv2%2Ftags&post=4263"}],"curies":[{"name":"wp","href":"https:\/\/api.w.org\/{rel}","templated":true}]}}