{"id":4238,"date":"2016-06-11T18:24:19","date_gmt":"2016-06-11T16:24:19","guid":{"rendered":"http:\/\/www.salgotarjan.hu\/?p=4238"},"modified":"2019-04-21T12:12:45","modified_gmt":"2019-04-21T10:12:45","slug":"koszontottek-a-nyarat-baglyasaljan","status":"publish","type":"post","link":"https:\/\/www.salgotarjan.hu\/?p=4238","title":{"rendered":"K\u00f6sz\u00f6nt\u00f6tt\u00e9k a nyarat Baglyasalj\u00e1n"},"content":{"rendered":"<p><img loading=\"lazy\" decoding=\"async\" src=\"http:\/\/www.salgotarjan.hu\/wp-content\/uploads\/20160611_baglyas.jpg\" alt=\"20160611_baglyas\" width=\"480\" height=\"327\" class=\"alignnone size-full wp-image-4239\" srcset=\"https:\/\/www.salgotarjan.hu\/wp-content\/uploads\/20160611_baglyas.jpg 480w, https:\/\/www.salgotarjan.hu\/wp-content\/uploads\/20160611_baglyas-300x204.jpg 300w\" sizes=\"auto, (max-width: 480px) 100vw, 480px\" \/><\/p>\n<p>M\u00e1sodik alkalommal rendezt\u00e9k meg a Baglyasi ny\u00e1rk\u00f6sz\u00f6nt\u0151t a v\u00e1rosr\u00e9szen.<\/p>\n<p>Homoga L\u00e1szl\u00f3 ter\u00fcleti \u00f6nkorm\u00e1nyzati k\u00e9pvisel\u0151 kezdem\u00e9nyez\u00e9s\u00e9re, a v\u00e1rosi \u00f6nkorm\u00e1nyzat t\u00e1mogat\u00e1s\u00e1val tavaly rendezt\u00e9k meg el\u0151sz\u00f6r a programot, mely olyan nagy sikert aratott, hogy id\u00e9n is sor ker\u00fclt a rendezv\u00e9nyre. 2016. j\u00fanius 11-\u00e9n a baglyasi di\u00e1kotthon ter\u00fclet\u00e9n m\u00e1r a d\u00e9lel\u0151tti \u00f3r\u00e1kban elkezd\u0151dtek a programok. Fekete Zsolt polg\u00e1rmester k\u00f6sz\u00f6nt\u0151 besz\u00e9de ut\u00e1n ifj\u00fa tehets\u00e9gek l\u00e9ptek sz\u00ednpadra, majd bemutatt\u00e1k a megyei V\u00f6r\u00f6skereszt \u00faj vezet\u0151j\u00e9t, Szil\u00e1gyi Leon\u00f3r\u00e1t. A nap folyam\u00e1n bemutatkoztak a j\u00f6v\u0151 sz\u00ednj\u00e1tsz\u00f3i, tehets\u00e9ges \u00f6k\u00f6lv\u00edv\u00f3i, zen\u00e9szei, t\u00e1ncosai, \u00edj\u00e1szai, \u00e9s l\u00e1tv\u00e1nyos kutyabemutat\u00f3t is megtekinthettek az \u00e9rdekl\u0151d\u0151k. A programot tombolasorsol\u00e1s z\u00e1rta.<\/p>\n","protected":false},"excerpt":{"rendered":"<p>M\u00e1sodik alkalommal rendezt\u00e9k meg a Baglyasi ny\u00e1rk\u00f6sz\u00f6nt\u0151t a v\u00e1rosr\u00e9szen. Homoga L\u00e1szl\u00f3 ter\u00fcleti \u00f6nkorm\u00e1nyzati k\u00e9pvisel\u0151 kezdem\u00e9nyez\u00e9s\u00e9re, a v\u00e1rosi \u00f6nkorm\u00e1nyzat t\u00e1mogat\u00e1s\u00e1val tavaly rendezt\u00e9k meg el\u0151sz\u00f6r a programot, mely olyan nagy sikert aratott, hogy id\u00e9n is sor ker\u00fclt a rendezv\u00e9nyre. 2016. j\u00fanius 11-\u00e9n a baglyasi di\u00e1kotthon ter\u00fclet\u00e9n m\u00e1r a d\u00e9lel\u0151tti \u00f3r\u00e1kban elkezd\u0151dtek a programok. Fekete Zsolt polg\u00e1rmester k\u00f6sz\u00f6nt\u0151 &#8230; <a title=\"K\u00f6sz\u00f6nt\u00f6tt\u00e9k a nyarat Baglyasalj\u00e1n\" class=\"read-more\" href=\"https:\/\/www.salgotarjan.hu\/?p=4238\" aria-label=\"Read more about K\u00f6sz\u00f6nt\u00f6tt\u00e9k a nyarat Baglyasalj\u00e1n\">Olvass tov\u00e1bb<\/a><\/p>\n","protected":false},"author":7,"featured_media":0,"comment_status":"closed","ping_status":"closed","sticky":false,"template":"","format":"standard","meta":{"footnotes":""},"categories":[1,10],"tags":[],"class_list":["post-4238","post","type-post","status-publish","format-standard","hentry","category-egyebek","category-hirek-aktualitasok"],"_links":{"self":[{"href":"https:\/\/www.salgotarjan.hu\/index.php?rest_route=\/wp\/v2\/posts\/4238","targetHints":{"allow":["GET"]}}],"collection":[{"href":"https:\/\/www.salgotarjan.hu\/index.php?rest_route=\/wp\/v2\/posts"}],"about":[{"href":"https:\/\/www.salgotarjan.hu\/index.php?rest_route=\/wp\/v2\/types\/post"}],"author":[{"embeddable":true,"href":"https:\/\/www.salgotarjan.hu\/index.php?rest_route=\/wp\/v2\/users\/7"}],"replies":[{"embeddable":true,"href":"https:\/\/www.salgotarjan.hu\/index.php?rest_route=%2Fwp%2Fv2%2Fcomments&post=4238"}],"version-history":[{"count":2,"href":"https:\/\/www.salgotarjan.hu\/index.php?rest_route=\/wp\/v2\/posts\/4238\/revisions"}],"predecessor-version":[{"id":4241,"href":"https:\/\/www.salgotarjan.hu\/index.php?rest_route=\/wp\/v2\/posts\/4238\/revisions\/4241"}],"wp:attachment":[{"href":"https:\/\/www.salgotarjan.hu\/index.php?rest_route=%2Fwp%2Fv2%2Fmedia&parent=4238"}],"wp:term":[{"taxonomy":"category","embeddable":true,"href":"https:\/\/www.salgotarjan.hu\/index.php?rest_route=%2Fwp%2Fv2%2Fcategories&post=4238"},{"taxonomy":"post_tag","embeddable":true,"href":"https:\/\/www.salgotarjan.hu\/index.php?rest_route=%2Fwp%2Fv2%2Ftags&post=4238"}],"curies":[{"name":"wp","href":"https:\/\/api.w.org\/{rel}","templated":true}]}}