{"id":4220,"date":"2016-06-10T14:39:06","date_gmt":"2016-06-10T12:39:06","guid":{"rendered":"http:\/\/www.salgotarjan.hu\/?p=4220"},"modified":"2019-04-21T12:12:45","modified_gmt":"2019-04-21T10:12:45","slug":"emlekezes-a-holokauszt-salgotarjani-aldozataira","status":"publish","type":"post","link":"https:\/\/www.salgotarjan.hu\/?p=4220","title":{"rendered":"Eml\u00e9kez\u00e9s a Holokauszt salg\u00f3tarj\u00e1ni \u00e1ldozataira"},"content":{"rendered":"<p><img loading=\"lazy\" decoding=\"async\" src=\"http:\/\/www.salgotarjan.hu\/wp-content\/uploads\/20160610_holokauszt.jpg\" alt=\"20160610_holokauszt\" width=\"480\" height=\"320\" class=\"alignnone size-full wp-image-4221\" srcset=\"https:\/\/www.salgotarjan.hu\/wp-content\/uploads\/20160610_holokauszt.jpg 480w, https:\/\/www.salgotarjan.hu\/wp-content\/uploads\/20160610_holokauszt-300x200.jpg 300w\" sizes=\"auto, (max-width: 480px) 100vw, 480px\" \/><\/p>\n<p>A Holokauszt salg\u00f3tarj\u00e1ni \u00e1ldozatai eml\u00e9k\u00e9re rendeztek v\u00e1rosi koszor\u00faz\u00e1si megeml\u00e9kez\u00e9st 2016. j\u00fanius 10-\u00e9n a F\u0151posta fal\u00e1n elhelyezett eml\u00e9kt\u00e1bl\u00e1n\u00e1l.<\/p>\n<p>72 \u00e9vvel ezel\u0151tt, ezekben a napokban kezd\u0151d\u00f6tt meg a salg\u00f3tarj\u00e1ni zsid\u00f3 lakosok deport\u00e1l\u00e1sa. Vas\u00fati szerelv\u00e9nyekbe 60-80 f\u0151t \u00f6sszezs\u00fafolva indultak \u00fatnak a hal\u00e1lvonatok Kass\u00e1n \u00e1t Auschwitzba. Olyan embereket sz\u00e1ll\u00edtottak, akik csak szeretni, dolgozni, gyermekeket nevelni akartak. Akik gy\u00f3gy\u00edtottak, sportcsapatokat szervezetek, h\u00edrlapokat \u00e9s k\u00f6nyveket \u00edrtak, sz\u00f3d\u00e1t k\u00e9sz\u00edtettek vagy \u00e9ppen doh\u00e1nyt \u00e1rultak. Zsid\u00f3 vall\u00e1s\u00fak\u00e9nt k\u00edv\u00e1ntak \u00e9rt\u00e9ket teremteni, \u00e9s meg\u0151rizni \u0151seik munk\u00e1j\u00e1t, alkot\u00e1sait, \u00e1m a n\u00e1ci diktat\u00fara az \u00e9let\u00fcket vette el.<\/p>\n<p>Megrend\u00edt\u0151 ez a nap, amikor felid\u00e9zz\u00fck a gyilkos fajelm\u00e9let, a gerjesztett gy\u0171l\u00f6let okozta n\u00e9pirt\u00e1st, a magyar \u00e9s k\u00f6zt\u00fck a salg\u00f3tarj\u00e1ni zsid\u00f3s\u00e1g nagy t\u00f6bbs\u00e9g\u00e9nek elpuszt\u00edt\u00e1s\u00e1t \u2013 mondta eml\u00e9kez\u0151 besz\u00e9d\u00e9ben Fekete Zsolt, a v\u00e1ros polg\u00e1rmestere, aki hangs\u00falyozta: soha t\u00f6bb\u00e9 ilyen kegyetlen n\u00e9pirt\u00e1s nem t\u00f6rt\u00e9nhet meg a vil\u00e1gban.<\/p>\n<p>A v\u00e1rosi megeml\u00e9kez\u00e9sen a Mad\u00e1ch Imre Gimn\u00e1zium tanul\u00f3i adtak \u00fcnnepi m\u0171sort, majd az \u00f6nkorm\u00e1nyzat \u00e9s a jelenl\u00e9v\u0151 szervezetek, k\u00f6z\u00f6ss\u00e9gek k\u00e9pvisel\u0151i megkoszor\u00fazt\u00e1k az eml\u00e9kt\u00e1bl\u00e1t.<\/p>\n","protected":false},"excerpt":{"rendered":"<p>A Holokauszt salg\u00f3tarj\u00e1ni \u00e1ldozatai eml\u00e9k\u00e9re rendeztek v\u00e1rosi koszor\u00faz\u00e1si megeml\u00e9kez\u00e9st 2016. j\u00fanius 10-\u00e9n a F\u0151posta fal\u00e1n elhelyezett eml\u00e9kt\u00e1bl\u00e1n\u00e1l. 72 \u00e9vvel ezel\u0151tt, ezekben a napokban kezd\u0151d\u00f6tt meg a salg\u00f3tarj\u00e1ni zsid\u00f3 lakosok deport\u00e1l\u00e1sa. Vas\u00fati szerelv\u00e9nyekbe 60-80 f\u0151t \u00f6sszezs\u00fafolva indultak \u00fatnak a hal\u00e1lvonatok Kass\u00e1n \u00e1t Auschwitzba. Olyan embereket sz\u00e1ll\u00edtottak, akik csak szeretni, dolgozni, gyermekeket nevelni akartak. Akik gy\u00f3gy\u00edtottak, sportcsapatokat &#8230; <a title=\"Eml\u00e9kez\u00e9s a Holokauszt salg\u00f3tarj\u00e1ni \u00e1ldozataira\" class=\"read-more\" href=\"https:\/\/www.salgotarjan.hu\/?p=4220\" aria-label=\"Read more about Eml\u00e9kez\u00e9s a Holokauszt salg\u00f3tarj\u00e1ni \u00e1ldozataira\">Olvass tov\u00e1bb<\/a><\/p>\n","protected":false},"author":7,"featured_media":0,"comment_status":"closed","ping_status":"closed","sticky":false,"template":"","format":"standard","meta":{"footnotes":""},"categories":[1,10],"tags":[],"class_list":["post-4220","post","type-post","status-publish","format-standard","hentry","category-egyebek","category-hirek-aktualitasok"],"_links":{"self":[{"href":"https:\/\/www.salgotarjan.hu\/index.php?rest_route=\/wp\/v2\/posts\/4220","targetHints":{"allow":["GET"]}}],"collection":[{"href":"https:\/\/www.salgotarjan.hu\/index.php?rest_route=\/wp\/v2\/posts"}],"about":[{"href":"https:\/\/www.salgotarjan.hu\/index.php?rest_route=\/wp\/v2\/types\/post"}],"author":[{"embeddable":true,"href":"https:\/\/www.salgotarjan.hu\/index.php?rest_route=\/wp\/v2\/users\/7"}],"replies":[{"embeddable":true,"href":"https:\/\/www.salgotarjan.hu\/index.php?rest_route=%2Fwp%2Fv2%2Fcomments&post=4220"}],"version-history":[{"count":3,"href":"https:\/\/www.salgotarjan.hu\/index.php?rest_route=\/wp\/v2\/posts\/4220\/revisions"}],"predecessor-version":[{"id":4224,"href":"https:\/\/www.salgotarjan.hu\/index.php?rest_route=\/wp\/v2\/posts\/4220\/revisions\/4224"}],"wp:attachment":[{"href":"https:\/\/www.salgotarjan.hu\/index.php?rest_route=%2Fwp%2Fv2%2Fmedia&parent=4220"}],"wp:term":[{"taxonomy":"category","embeddable":true,"href":"https:\/\/www.salgotarjan.hu\/index.php?rest_route=%2Fwp%2Fv2%2Fcategories&post=4220"},{"taxonomy":"post_tag","embeddable":true,"href":"https:\/\/www.salgotarjan.hu\/index.php?rest_route=%2Fwp%2Fv2%2Ftags&post=4220"}],"curies":[{"name":"wp","href":"https:\/\/api.w.org\/{rel}","templated":true}]}}