{"id":4218,"date":"2016-06-11T07:09:05","date_gmt":"2016-06-11T05:09:05","guid":{"rendered":"http:\/\/www.salgotarjan.hu\/?p=4218"},"modified":"2019-04-21T12:12:45","modified_gmt":"2019-04-21T10:12:45","slug":"elismeres-a-legjobb-diakoknak-es-tanaraiknak","status":"publish","type":"post","link":"https:\/\/www.salgotarjan.hu\/?p=4218","title":{"rendered":"Elismer\u00e9s a legjobb di\u00e1koknak \u00e9s tan\u00e1raiknak"},"content":{"rendered":"<p><img loading=\"lazy\" decoding=\"async\" src=\"http:\/\/www.salgotarjan.hu\/wp-content\/uploads\/20160611_diakok1.jpg\" alt=\"20160611_diakok1\" width=\"480\" height=\"360\" class=\"alignnone size-full wp-image-4242\" srcset=\"https:\/\/www.salgotarjan.hu\/wp-content\/uploads\/20160611_diakok1.jpg 480w, https:\/\/www.salgotarjan.hu\/wp-content\/uploads\/20160611_diakok1-300x225.jpg 300w\" sizes=\"auto, (max-width: 480px) 100vw, 480px\" \/><\/p>\n<p>A v\u00e1rosi \u00f6nkorm\u00e1nyzat 2016. j\u00fanius 9-\u00e9n k\u00f6sz\u00f6nt\u00f6tte az orsz\u00e1gos versenyhelyezett di\u00e1kokat \u00e9s felk\u00e9sz\u00edt\u0151 tan\u00e1raikat. A d\u00edjkioszt\u00f3 \u00fcnneps\u00e9gre az Apoll\u00f3 Centrumban ker\u00fclt sor.<\/p>\n<p>Salg\u00f3tarj\u00e1n Megyei Jog\u00fa V\u00e1ros K\u00f6zgy\u0171l\u00e9se 2009-ben alkotott rendeletet az orsz\u00e1gos tanulm\u00e1nyi, szakmai \u00e9s m\u0171v\u00e9szeti versenyeken kiv\u00e1l\u00f3an helyt\u00e1ll\u00f3 tanul\u00f3k \u00e9s di\u00e1kcsoportok, valamint az \u0151ket felk\u00e9sz\u00edt\u0151 tan\u00e1rok munk\u00e1j\u00e1nak meger\u0151s\u00edt\u00e9se \u00e9s megbecs\u00fcl\u00e9se c\u00e9lj\u00e1b\u00f3l.<\/p>\n<p><img loading=\"lazy\" decoding=\"async\" src=\"http:\/\/www.salgotarjan.hu\/wp-content\/uploads\/20160611_diakok2.jpg\" alt=\"20160611_diakok2\" width=\"480\" height=\"721\" class=\"alignnone size-full wp-image-4226\" srcset=\"https:\/\/www.salgotarjan.hu\/wp-content\/uploads\/20160611_diakok2.jpg 480w, https:\/\/www.salgotarjan.hu\/wp-content\/uploads\/20160611_diakok2-200x300.jpg 200w\" sizes=\"auto, (max-width: 480px) 100vw, 480px\" \/><\/p>\n<p><strong>Salg\u00f3tarj\u00e1n v\u00e1ros ifj\u00fa tehets\u00e9ge<\/strong> d\u00edjat kapott:<br \/>\nT\u00f6r\u00f6k Luca, N\u00e9meth Gerda Martina, Sz\u00e9l Levente, Tarn\u00f3czi D\u00e1niel, Dem\u00e9ndi D\u00e1vid Gy\u00f6rgy, Gyuris P\u00e1lma, Harazin Regina, S\u00fct\u0151 Martin D\u00e1niel, Krista Zsolt, F\u00e1bi\u00e1n M\u00e1t\u00e9, Varga Regina Ter\u00e9zia, Bali Anna, Bodz\u00e1si Zolt\u00e1n, T\u00f3th Bence, Janitor Szilvia, Bakos Zolt\u00e1n, M\u00e1rton Anna, Kov\u00e1cs Marcell Mikl\u00f3s, H\u00e9nyel Enik\u0151, Babcs\u00e1n Be\u00e1ta, Tak\u00e1cs M\u00e1t\u00e9, Sus\u00e1n Kitti, K\u00f6rnyei Roland, Szab\u00f3 Gabriella, Kaposv\u00e1ri D\u00e1niel, Varga Bence, Stevlik Fel\u00edcia, T\u00f3th Erik, K\u00e9ri \u00c1kos Gy\u00f6rgy, T\u0151zs\u00e9r Nikolett, Benk\u0151 Anna, Gortva Klaudia, Gy\u0151ri Vivien, Nagy Szabolcs, Szlatincs\u00e1n Adri\u00e1n, Klinka Robin<\/p>\n<p><strong>Salg\u00f3tarj\u00e1n v\u00e1ros ifj\u00fa m\u0171v\u00e9sztehets\u00e9ge<\/strong> d\u00edjat kapott:<br \/>\nR\u0151mer D\u00e1vid<\/p>\n<p><strong>Salg\u00f3tarj\u00e1n v\u00e1ros kiv\u00e1l\u00f3 tehets\u00e9ggondoz\u00f3 pedag\u00f3gusa<\/strong> d\u00edjat kapott:<br \/>\nR\u00e1cz T\u00edmea, Ged\u0151czin\u00e9 Berger M\u00e1ria, L\u00e9k\u00f3n\u00e9 Lantos Zsuzsanna, T\u00f3th G\u00e9za, Zsib\u00f3i Gergely, Butkain\u00e9 Vajda \u00c9va, Er\u0151s R\u00f3bert, S\u00e1fr\u00e1ny Be\u00e1ta, Er\u0151sn\u00e9 Liptai Csilla, Kal\u00f3z Erika, Ferencz R\u00f3bert, Kar\u00e1csony M\u00e1ria, Kiss L\u00e1szl\u00f3n\u00e9, Kov\u00e1csn\u00e9 Danyi Szilvia, Kov\u00e1csn\u00e9 Kar\u00e1csony \u00c9va, Mikl\u00f3s Zsolt\u00e1nn\u00e9, N\u00e1dasdin\u00e9 Pet\u00e9nyi Judit, Szikora N\u00f3ra, V\u00e1rszegi Bernadett, Kov\u00e1cs L\u00e1szl\u00f3<\/p>\n<p>Amint elhangzott: a v\u00e1rosi \u00fcnneps\u00e9g lehet\u0151s\u00e9get k\u00edn\u00e1l arra, hogy az \u00f6nkorm\u00e1nyzat elismerje azokat a tehets\u00e9ges di\u00e1kokat, akik kimagasl\u00f3 k\u00e9pess\u00e9g\u00fckkel, tud\u00e1sukkal \u00e9s szorgalmukkal orsz\u00e1gos szinten is elismer\u00e9sre m\u00e9lt\u00f3 eredm\u00e9nyeket \u00e9rtek el. Ezzel p\u00e1rhuzamosan k\u00f6sz\u00f6net illeti a tehets\u00e9ggondoz\u00e1sban \u00e9len j\u00e1r\u00f3 pedag\u00f3gusokat, aki e sikerek r\u00e9szesei, \u00e9s akiknek hitvall\u00e1sa az, hogy tan\u00edtv\u00e1nyaikban \u00e9rt\u00e9keket fedezzenek fel \u00e9s seg\u00edtsenek a tud\u00e1s kibontakoztat\u00e1s\u00e1ban.<\/p>\n","protected":false},"excerpt":{"rendered":"<p>A v\u00e1rosi \u00f6nkorm\u00e1nyzat 2016. j\u00fanius 9-\u00e9n k\u00f6sz\u00f6nt\u00f6tte az orsz\u00e1gos versenyhelyezett di\u00e1kokat \u00e9s felk\u00e9sz\u00edt\u0151 tan\u00e1raikat. A d\u00edjkioszt\u00f3 \u00fcnneps\u00e9gre az Apoll\u00f3 Centrumban ker\u00fclt sor. Salg\u00f3tarj\u00e1n Megyei Jog\u00fa V\u00e1ros K\u00f6zgy\u0171l\u00e9se 2009-ben alkotott rendeletet az orsz\u00e1gos tanulm\u00e1nyi, szakmai \u00e9s m\u0171v\u00e9szeti versenyeken kiv\u00e1l\u00f3an helyt\u00e1ll\u00f3 tanul\u00f3k \u00e9s di\u00e1kcsoportok, valamint az \u0151ket felk\u00e9sz\u00edt\u0151 tan\u00e1rok munk\u00e1j\u00e1nak meger\u0151s\u00edt\u00e9se \u00e9s megbecs\u00fcl\u00e9se c\u00e9lj\u00e1b\u00f3l. Salg\u00f3tarj\u00e1n v\u00e1ros ifj\u00fa &#8230; <a title=\"Elismer\u00e9s a legjobb di\u00e1koknak \u00e9s tan\u00e1raiknak\" class=\"read-more\" href=\"https:\/\/www.salgotarjan.hu\/?p=4218\" aria-label=\"Read more about Elismer\u00e9s a legjobb di\u00e1koknak \u00e9s tan\u00e1raiknak\">Olvass tov\u00e1bb<\/a><\/p>\n","protected":false},"author":7,"featured_media":0,"comment_status":"closed","ping_status":"closed","sticky":false,"template":"","format":"standard","meta":{"footnotes":""},"categories":[1,10],"tags":[],"class_list":["post-4218","post","type-post","status-publish","format-standard","hentry","category-egyebek","category-hirek-aktualitasok"],"_links":{"self":[{"href":"https:\/\/www.salgotarjan.hu\/index.php?rest_route=\/wp\/v2\/posts\/4218","targetHints":{"allow":["GET"]}}],"collection":[{"href":"https:\/\/www.salgotarjan.hu\/index.php?rest_route=\/wp\/v2\/posts"}],"about":[{"href":"https:\/\/www.salgotarjan.hu\/index.php?rest_route=\/wp\/v2\/types\/post"}],"author":[{"embeddable":true,"href":"https:\/\/www.salgotarjan.hu\/index.php?rest_route=\/wp\/v2\/users\/7"}],"replies":[{"embeddable":true,"href":"https:\/\/www.salgotarjan.hu\/index.php?rest_route=%2Fwp%2Fv2%2Fcomments&post=4218"}],"version-history":[{"count":6,"href":"https:\/\/www.salgotarjan.hu\/index.php?rest_route=\/wp\/v2\/posts\/4218\/revisions"}],"predecessor-version":[{"id":4243,"href":"https:\/\/www.salgotarjan.hu\/index.php?rest_route=\/wp\/v2\/posts\/4218\/revisions\/4243"}],"wp:attachment":[{"href":"https:\/\/www.salgotarjan.hu\/index.php?rest_route=%2Fwp%2Fv2%2Fmedia&parent=4218"}],"wp:term":[{"taxonomy":"category","embeddable":true,"href":"https:\/\/www.salgotarjan.hu\/index.php?rest_route=%2Fwp%2Fv2%2Fcategories&post=4218"},{"taxonomy":"post_tag","embeddable":true,"href":"https:\/\/www.salgotarjan.hu\/index.php?rest_route=%2Fwp%2Fv2%2Ftags&post=4218"}],"curies":[{"name":"wp","href":"https:\/\/api.w.org\/{rel}","templated":true}]}}