{"id":4215,"date":"2016-06-10T13:46:57","date_gmt":"2016-06-10T11:46:57","guid":{"rendered":"http:\/\/www.salgotarjan.hu\/?p=4215"},"modified":"2019-04-21T12:12:45","modified_gmt":"2019-04-21T10:12:45","slug":"megkezdodott-az-unnepi-konyvhet","status":"publish","type":"post","link":"https:\/\/www.salgotarjan.hu\/?p=4215","title":{"rendered":"Megkezd\u0151d\u00f6tt az \u00dcnnepi K\u00f6nyvh\u00e9t"},"content":{"rendered":"<p><img loading=\"lazy\" decoding=\"async\" src=\"http:\/\/www.salgotarjan.hu\/wp-content\/uploads\/20160610_konyvhet.jpg\" alt=\"20160610_konyvhet\" width=\"480\" height=\"319\" class=\"alignnone size-full wp-image-4216\" srcset=\"https:\/\/www.salgotarjan.hu\/wp-content\/uploads\/20160610_konyvhet.jpg 480w, https:\/\/www.salgotarjan.hu\/wp-content\/uploads\/20160610_konyvhet-300x199.jpg 300w\" sizes=\"auto, (max-width: 480px) 100vw, 480px\" \/><\/p>\n<p>Megkezd\u0151d\u00f6tt 87. \u00dcnnepi K\u00f6nyvh\u00e9t \u00e9s a 15. Gyermekk\u00f6nyvnapok salg\u00f3tarj\u00e1ni programsorozata.<\/p>\n<p>Az\u00a0\u00dcnnepi K\u00f6nyvh\u00e9t\u00a0lassan 90 \u00e9ve egyed\u00fcl\u00e1ll\u00f3 magyar kultur\u00e1lis rendezv\u00e9nysorozat, melynek n\u00e9pszer\u0171s\u00e9ge t\u00f6retlen A k\u00f6nyvfesztiv\u00e1l megtart\u00e1s\u00e1t az akkori Literatura\u00a0irodalmi foly\u00f3irat f\u0151szerkeszt\u0151je, Supka G\u00e9za\u00a0javasolta 1927-ben. Az \u0151 kezdem\u00e9nyez\u00e9s\u00e9re tartott\u00e1k meg az els\u0151 \u00dcnnepi K\u00f6nyvhetet 1929-ben. A rendezv\u00e9nyhez 2001-t\u0151l kapcsol\u00f3dnak a gyermekk\u00f6nyvnapok.<\/p>\n<p>B\u00e1r az \u00e9vek sor\u00e1n sz\u00e1mos v\u00e1ltoz\u00e1son \u00e1t form\u00e1l\u00f3dott \u00e9s form\u00e1l\u00f3dik az alapeszme, az \u00fcnnepi k\u00f6nyvh\u00e9t 2016-ban is a kort\u00e1rs magyar sz\u00e9pirodalom, a k\u00f6nyvekben r\u00f6gz\u00edtett t\u00f6rt\u00e9nelmi, irodalom- \u00e9s m\u0171v\u00e9szett\u00f6rt\u00e9neti tud\u00e1s, a gyermekirodalom \u00e9s mindezt gazdag\u00edtani tud\u00f3 k\u00f6nyvt\u00e1rgyak \u00fcnnepe.<\/p>\n<p>A 2016. j\u00fanius 9-\u00e9n a Balassi B\u00e1lint Megyei K\u00f6nyvt\u00e1rban rendezett megnyit\u00f3 \u00fcnneps\u00e9gen a r\u00e9sztvev\u0151k irodalmi id\u00e9zetekkel megt\u00f6lt\u00f6tt lufik magasba enged\u00e9s\u00e9vel \u00fczentek a k\u00f6rny\u00e9k lak\u00f3inak. A k\u00f6nyvh\u00e9t k\u00f6nyvt\u00e1ri programjai j\u00fanius 13-ig tartanak.<\/p>\n","protected":false},"excerpt":{"rendered":"<p>Megkezd\u0151d\u00f6tt 87. \u00dcnnepi K\u00f6nyvh\u00e9t \u00e9s a 15. Gyermekk\u00f6nyvnapok salg\u00f3tarj\u00e1ni programsorozata. Az\u00a0\u00dcnnepi K\u00f6nyvh\u00e9t\u00a0lassan 90 \u00e9ve egyed\u00fcl\u00e1ll\u00f3 magyar kultur\u00e1lis rendezv\u00e9nysorozat, melynek n\u00e9pszer\u0171s\u00e9ge t\u00f6retlen A k\u00f6nyvfesztiv\u00e1l megtart\u00e1s\u00e1t az akkori Literatura\u00a0irodalmi foly\u00f3irat f\u0151szerkeszt\u0151je, Supka G\u00e9za\u00a0javasolta 1927-ben. Az \u0151 kezdem\u00e9nyez\u00e9s\u00e9re tartott\u00e1k meg az els\u0151 \u00dcnnepi K\u00f6nyvhetet 1929-ben. A rendezv\u00e9nyhez 2001-t\u0151l kapcsol\u00f3dnak a gyermekk\u00f6nyvnapok. B\u00e1r az \u00e9vek sor\u00e1n sz\u00e1mos v\u00e1ltoz\u00e1son \u00e1t &#8230; <a title=\"Megkezd\u0151d\u00f6tt az \u00dcnnepi K\u00f6nyvh\u00e9t\" class=\"read-more\" href=\"https:\/\/www.salgotarjan.hu\/?p=4215\" aria-label=\"Read more about Megkezd\u0151d\u00f6tt az \u00dcnnepi K\u00f6nyvh\u00e9t\">Olvass tov\u00e1bb<\/a><\/p>\n","protected":false},"author":7,"featured_media":0,"comment_status":"closed","ping_status":"closed","sticky":false,"template":"","format":"standard","meta":{"footnotes":""},"categories":[1,10],"tags":[],"class_list":["post-4215","post","type-post","status-publish","format-standard","hentry","category-egyebek","category-hirek-aktualitasok"],"_links":{"self":[{"href":"https:\/\/www.salgotarjan.hu\/index.php?rest_route=\/wp\/v2\/posts\/4215","targetHints":{"allow":["GET"]}}],"collection":[{"href":"https:\/\/www.salgotarjan.hu\/index.php?rest_route=\/wp\/v2\/posts"}],"about":[{"href":"https:\/\/www.salgotarjan.hu\/index.php?rest_route=\/wp\/v2\/types\/post"}],"author":[{"embeddable":true,"href":"https:\/\/www.salgotarjan.hu\/index.php?rest_route=\/wp\/v2\/users\/7"}],"replies":[{"embeddable":true,"href":"https:\/\/www.salgotarjan.hu\/index.php?rest_route=%2Fwp%2Fv2%2Fcomments&post=4215"}],"version-history":[{"count":2,"href":"https:\/\/www.salgotarjan.hu\/index.php?rest_route=\/wp\/v2\/posts\/4215\/revisions"}],"predecessor-version":[{"id":4244,"href":"https:\/\/www.salgotarjan.hu\/index.php?rest_route=\/wp\/v2\/posts\/4215\/revisions\/4244"}],"wp:attachment":[{"href":"https:\/\/www.salgotarjan.hu\/index.php?rest_route=%2Fwp%2Fv2%2Fmedia&parent=4215"}],"wp:term":[{"taxonomy":"category","embeddable":true,"href":"https:\/\/www.salgotarjan.hu\/index.php?rest_route=%2Fwp%2Fv2%2Fcategories&post=4215"},{"taxonomy":"post_tag","embeddable":true,"href":"https:\/\/www.salgotarjan.hu\/index.php?rest_route=%2Fwp%2Fv2%2Ftags&post=4215"}],"curies":[{"name":"wp","href":"https:\/\/api.w.org\/{rel}","templated":true}]}}