{"id":4204,"date":"2016-06-08T12:32:45","date_gmt":"2016-06-08T10:32:45","guid":{"rendered":"http:\/\/www.salgotarjan.hu\/?p=4204"},"modified":"2019-04-21T12:12:46","modified_gmt":"2019-04-21T10:12:46","slug":"uj-allampapir-forgalmazo-ertekesitesi-pontok-balassagyarmaton-es-paszton","status":"publish","type":"post","link":"https:\/\/www.salgotarjan.hu\/?p=4204","title":{"rendered":"\u00daj \u00e1llampap\u00edr-forgalmaz\u00f3 \u00e9rt\u00e9kes\u00edt\u00e9si pontok Balassagyarmaton \u00e9s P\u00e1szt\u00f3n"},"content":{"rendered":"<p>A Magyar \u00c1llamkincst\u00e1r N\u00f3gr\u00e1d Megyei Igazgat\u00f3s\u00e1ga 2016-ban \u00e1llampap\u00edr-forgalmaz\u00f3 \u00e9rt\u00e9kes\u00edt\u00e9si pontot nyitott Balassagyarmaton \u00e9s P\u00e1szt\u00f3n. Az Igazgat\u00f3s\u00e1g a Polg\u00e1rmesteri Hivatal k\u00f6zrem\u0171k\u00f6d\u00e9s\u00e9t k\u00e9rte abban, hogy Salg\u00f3tarj\u00e1n \u00e9s k\u00f6rny\u00e9k\u00e9nek lak\u00f3i is tudom\u00e1st szerezzenek err\u0151l a lehet\u0151s\u00e9gr\u0151l. Az \u00e1llampap\u00edr-n\u00e9pszer\u0171s\u00edt\u00e9st szolg\u00e1l\u00f3 \u00c1ltal\u00e1nos \u00e9s Start \u00e9rt\u00e9kpap\u00edrsz\u00e1mla, valamint Tart\u00f3s befektet\u00e9si sz\u00e1mla t\u00e1j\u00e9koztat\u00f3k a csatolt dokumentumokban olvashat\u00f3k, ezen k\u00edv\u00fcl a napokban sz\u00f3r\u00f3lap form\u00e1j\u00e1ban egyes k\u00f6zint\u00e9zm\u00e9nyek \u00fcgyf\u00e9ltereiben is elhelyez\u00e9sre ker\u00fclnek.<\/p>\n<p>&#8211; <a href=\"http:\/\/www.salgotarjan.hu\/wp-content\/uploads\/20160608_ugyfeltajekoztato.pdf\" target=\"_blank\" rel=\"noopener noreferrer\">\u00c1ltal\u00e1nos \u00fcgyf\u00e9lt\u00e1j\u00e9koztat\u00f3<\/a> (pdf)<br \/>\n&#8211; <a href=\"http:\/\/www.salgotarjan.hu\/wp-content\/uploads\/20160608_tbsz_tajekoztato.pdf\" target=\"_blank\" rel=\"noopener noreferrer\">Tart\u00f3s Befektet\u00e9si Sz\u00e1mla t\u00e1j\u00e9koztat\u00f3<\/a> (pdf)<br \/>\n&#8211; <a href=\"http:\/\/www.salgotarjan.hu\/wp-content\/uploads\/20160608_start-ertekpapir-tajekoztato.pdf\" target=\"_blank\" rel=\"noopener noreferrer\">Start \u00c9rt\u00e9kpap\u00edrsz\u00e1mla t\u00e1j\u00e9koztat\u00f3<\/a> (pdf)<\/p>\n","protected":false},"excerpt":{"rendered":"<p>A Magyar \u00c1llamkincst\u00e1r N\u00f3gr\u00e1d Megyei Igazgat\u00f3s\u00e1ga 2016-ban \u00e1llampap\u00edr-forgalmaz\u00f3 \u00e9rt\u00e9kes\u00edt\u00e9si pontot nyitott Balassagyarmaton \u00e9s P\u00e1szt\u00f3n. Az Igazgat\u00f3s\u00e1g a Polg\u00e1rmesteri Hivatal k\u00f6zrem\u0171k\u00f6d\u00e9s\u00e9t k\u00e9rte abban, hogy Salg\u00f3tarj\u00e1n \u00e9s k\u00f6rny\u00e9k\u00e9nek lak\u00f3i is tudom\u00e1st szerezzenek err\u0151l a lehet\u0151s\u00e9gr\u0151l. Az \u00e1llampap\u00edr-n\u00e9pszer\u0171s\u00edt\u00e9st szolg\u00e1l\u00f3 \u00c1ltal\u00e1nos \u00e9s Start \u00e9rt\u00e9kpap\u00edrsz\u00e1mla, valamint Tart\u00f3s befektet\u00e9si sz\u00e1mla t\u00e1j\u00e9koztat\u00f3k a csatolt dokumentumokban olvashat\u00f3k, ezen k\u00edv\u00fcl a napokban sz\u00f3r\u00f3lap form\u00e1j\u00e1ban &#8230; <a title=\"\u00daj \u00e1llampap\u00edr-forgalmaz\u00f3 \u00e9rt\u00e9kes\u00edt\u00e9si pontok Balassagyarmaton \u00e9s P\u00e1szt\u00f3n\" class=\"read-more\" href=\"https:\/\/www.salgotarjan.hu\/?p=4204\" aria-label=\"Read more about \u00daj \u00e1llampap\u00edr-forgalmaz\u00f3 \u00e9rt\u00e9kes\u00edt\u00e9si pontok Balassagyarmaton \u00e9s P\u00e1szt\u00f3n\">Olvass tov\u00e1bb<\/a><\/p>\n","protected":false},"author":7,"featured_media":0,"comment_status":"closed","ping_status":"closed","sticky":false,"template":"","format":"standard","meta":{"footnotes":""},"categories":[1,10],"tags":[],"class_list":["post-4204","post","type-post","status-publish","format-standard","hentry","category-egyebek","category-hirek-aktualitasok"],"_links":{"self":[{"href":"https:\/\/www.salgotarjan.hu\/index.php?rest_route=\/wp\/v2\/posts\/4204","targetHints":{"allow":["GET"]}}],"collection":[{"href":"https:\/\/www.salgotarjan.hu\/index.php?rest_route=\/wp\/v2\/posts"}],"about":[{"href":"https:\/\/www.salgotarjan.hu\/index.php?rest_route=\/wp\/v2\/types\/post"}],"author":[{"embeddable":true,"href":"https:\/\/www.salgotarjan.hu\/index.php?rest_route=\/wp\/v2\/users\/7"}],"replies":[{"embeddable":true,"href":"https:\/\/www.salgotarjan.hu\/index.php?rest_route=%2Fwp%2Fv2%2Fcomments&post=4204"}],"version-history":[{"count":1,"href":"https:\/\/www.salgotarjan.hu\/index.php?rest_route=\/wp\/v2\/posts\/4204\/revisions"}],"predecessor-version":[{"id":9512,"href":"https:\/\/www.salgotarjan.hu\/index.php?rest_route=\/wp\/v2\/posts\/4204\/revisions\/9512"}],"wp:attachment":[{"href":"https:\/\/www.salgotarjan.hu\/index.php?rest_route=%2Fwp%2Fv2%2Fmedia&parent=4204"}],"wp:term":[{"taxonomy":"category","embeddable":true,"href":"https:\/\/www.salgotarjan.hu\/index.php?rest_route=%2Fwp%2Fv2%2Fcategories&post=4204"},{"taxonomy":"post_tag","embeddable":true,"href":"https:\/\/www.salgotarjan.hu\/index.php?rest_route=%2Fwp%2Fv2%2Ftags&post=4204"}],"curies":[{"name":"wp","href":"https:\/\/api.w.org\/{rel}","templated":true}]}}