{"id":4199,"date":"2016-06-08T09:13:06","date_gmt":"2016-06-08T07:13:06","guid":{"rendered":"http:\/\/www.salgotarjan.hu\/?p=4199"},"modified":"2019-04-21T12:12:46","modified_gmt":"2019-04-21T10:12:46","slug":"ujra-kozossegi-viragositasi-akcio-a-besztercen","status":"publish","type":"post","link":"https:\/\/www.salgotarjan.hu\/?p=4199","title":{"rendered":"\u00dajra k\u00f6z\u00f6ss\u00e9gi vir\u00e1gos\u00edt\u00e1si akci\u00f3 a Beszterc\u00e9n"},"content":{"rendered":"<p><img loading=\"lazy\" decoding=\"async\" src=\"http:\/\/www.salgotarjan.hu\/wp-content\/uploads\/20150608_viragositas.jpg\" alt=\"20150608_viragositas\" width=\"480\" height=\"360\" class=\"alignnone size-full wp-image-4200\" \/><\/p>\n<p>A tavalyi sikeres rendezv\u00e9nyhez hasonl\u00f3an id\u00e9n is vir\u00e1gos\u00edt\u00e1si akci\u00f3t tartanak j\u00fanius 9-\u00e9n (cs\u00fct\u00f6rt\u00f6k\u00f6n), 10 \u00f3r\u00e1t\u00f3l a Beszterce t\u00e9ren.<\/p>\n<p>A munka szervez\u00e9s\u00e9t \u00e9s lebonyol\u00edt\u00e1s\u00e1t a Salg\u00f3tarj\u00e1n Foglalkoztat\u00e1si Nonprofit Kft. munkat\u00e1rsai v\u00e9gzik, akik a helysz\u00ednen sz\u00edvesen fogadj\u00e1k a k\u00f6rny\u00e9k lak\u00f3inak seg\u00edts\u00e9g\u00e9t. Illetve lehet\u0151s\u00e9g lesz saj\u00e1t vir\u00e1gpal\u00e1nt\u00e1k elhelyez\u00e9s\u00e9re is a k\u00f6z\u00f6ss\u00e9gi kiskertekben. 2015-ben a Gyermekkert Tag\u00f3voda \u00f3vod\u00e1sai &#8222;\u00f6r\u00f6kbe fogadt\u00e1k&#8221; a t\u00e9ren \u00e1ll\u00f3 plat\u00e1nf\u00e1k k\u00f6r\u00fcl kialak\u00edtott kiskerteket, \u00edgy v\u00e1rhat\u00f3an id\u00e9n \u0151k is \u00fajra r\u00e9szt vesznek a kert\u00e9szked\u00e9sben.<\/p>\n","protected":false},"excerpt":{"rendered":"<p>A tavalyi sikeres rendezv\u00e9nyhez hasonl\u00f3an id\u00e9n is vir\u00e1gos\u00edt\u00e1si akci\u00f3t tartanak j\u00fanius 9-\u00e9n (cs\u00fct\u00f6rt\u00f6k\u00f6n), 10 \u00f3r\u00e1t\u00f3l a Beszterce t\u00e9ren. A munka szervez\u00e9s\u00e9t \u00e9s lebonyol\u00edt\u00e1s\u00e1t a Salg\u00f3tarj\u00e1n Foglalkoztat\u00e1si Nonprofit Kft. munkat\u00e1rsai v\u00e9gzik, akik a helysz\u00ednen sz\u00edvesen fogadj\u00e1k a k\u00f6rny\u00e9k lak\u00f3inak seg\u00edts\u00e9g\u00e9t. Illetve lehet\u0151s\u00e9g lesz saj\u00e1t vir\u00e1gpal\u00e1nt\u00e1k elhelyez\u00e9s\u00e9re is a k\u00f6z\u00f6ss\u00e9gi kiskertekben. 2015-ben a Gyermekkert Tag\u00f3voda \u00f3vod\u00e1sai &#8222;\u00f6r\u00f6kbe &#8230; <a title=\"\u00dajra k\u00f6z\u00f6ss\u00e9gi vir\u00e1gos\u00edt\u00e1si akci\u00f3 a Beszterc\u00e9n\" class=\"read-more\" href=\"https:\/\/www.salgotarjan.hu\/?p=4199\" aria-label=\"Read more about \u00dajra k\u00f6z\u00f6ss\u00e9gi vir\u00e1gos\u00edt\u00e1si akci\u00f3 a Beszterc\u00e9n\">Olvass tov\u00e1bb<\/a><\/p>\n","protected":false},"author":7,"featured_media":0,"comment_status":"closed","ping_status":"closed","sticky":false,"template":"","format":"standard","meta":{"footnotes":""},"categories":[1,10],"tags":[],"class_list":["post-4199","post","type-post","status-publish","format-standard","hentry","category-egyebek","category-hirek-aktualitasok"],"_links":{"self":[{"href":"https:\/\/www.salgotarjan.hu\/index.php?rest_route=\/wp\/v2\/posts\/4199","targetHints":{"allow":["GET"]}}],"collection":[{"href":"https:\/\/www.salgotarjan.hu\/index.php?rest_route=\/wp\/v2\/posts"}],"about":[{"href":"https:\/\/www.salgotarjan.hu\/index.php?rest_route=\/wp\/v2\/types\/post"}],"author":[{"embeddable":true,"href":"https:\/\/www.salgotarjan.hu\/index.php?rest_route=\/wp\/v2\/users\/7"}],"replies":[{"embeddable":true,"href":"https:\/\/www.salgotarjan.hu\/index.php?rest_route=%2Fwp%2Fv2%2Fcomments&post=4199"}],"version-history":[{"count":3,"href":"https:\/\/www.salgotarjan.hu\/index.php?rest_route=\/wp\/v2\/posts\/4199\/revisions"}],"predecessor-version":[{"id":4203,"href":"https:\/\/www.salgotarjan.hu\/index.php?rest_route=\/wp\/v2\/posts\/4199\/revisions\/4203"}],"wp:attachment":[{"href":"https:\/\/www.salgotarjan.hu\/index.php?rest_route=%2Fwp%2Fv2%2Fmedia&parent=4199"}],"wp:term":[{"taxonomy":"category","embeddable":true,"href":"https:\/\/www.salgotarjan.hu\/index.php?rest_route=%2Fwp%2Fv2%2Fcategories&post=4199"},{"taxonomy":"post_tag","embeddable":true,"href":"https:\/\/www.salgotarjan.hu\/index.php?rest_route=%2Fwp%2Fv2%2Ftags&post=4199"}],"curies":[{"name":"wp","href":"https:\/\/api.w.org\/{rel}","templated":true}]}}