{"id":4192,"date":"2016-06-06T22:30:52","date_gmt":"2016-06-06T20:30:52","guid":{"rendered":"http:\/\/www.salgotarjan.hu\/?p=4192"},"modified":"2019-04-21T12:12:46","modified_gmt":"2019-04-21T10:12:46","slug":"megkezdodik-az-utak-es-jardak-felujitasa","status":"publish","type":"post","link":"https:\/\/www.salgotarjan.hu\/?p=4192","title":{"rendered":"Megkezd\u0151dik az utak \u00e9s j\u00e1rd\u00e1k fel\u00faj\u00edt\u00e1sa"},"content":{"rendered":"<p><img loading=\"lazy\" decoding=\"async\" src=\"http:\/\/www.salgotarjan.hu\/wp-content\/uploads\/20160606_aszfaltozas.jpg\" alt=\"20160606_aszfaltozas\" width=\"480\" height=\"360\" class=\"alignnone size-full wp-image-4193\" srcset=\"https:\/\/www.salgotarjan.hu\/wp-content\/uploads\/20160606_aszfaltozas.jpg 480w, https:\/\/www.salgotarjan.hu\/wp-content\/uploads\/20160606_aszfaltozas-300x225.jpg 300w\" sizes=\"auto, (max-width: 480px) 100vw, 480px\" \/><\/p>\n<p>Az elm\u00falt napokban az \u00f6nkorm\u00e1nyzat szakemberei megkezdt\u00e9k a jav\u00edt\u00e1sra szorul\u00f3 utak \u00e9s j\u00e1rd\u00e1k el\u0151k\u00e9sz\u00edt\u00e9s\u00e9t a fel\u00faj\u00edt\u00e1sra. Az aszfaltoz\u00e1si munka holnapt\u00f3l indul \u00e9s a v\u00e1roson v\u00e9gighaladva, a tervek szerint kb. 2 h\u00e9tig tart. A fel\u00fcletek \u00e1llapot\u00e1t\u00f3l \u00e9s nagys\u00e1g\u00e1t\u00f3l f\u00fcgg\u0151en a jav\u00edt\u00e1s foltoz\u00e1st vagy az aszfaltr\u00e9teg nagyobb, egybef\u00fcgg\u0151 ter\u00fcleteinek cser\u00e9j\u00e9t jelenti.<\/p>\n<p>A munk\u00e1val j\u00e1r\u00f3 zaj \u00e9s esetleges korl\u00e1toz\u00e1sok miatt az \u00f6nkorm\u00e1nyzat k\u00e9ri a lakoss\u00e1g meg\u00e9rt\u00e9s\u00e9t \u00e9s t\u00fcrelm\u00e9t!<\/p>\n","protected":false},"excerpt":{"rendered":"<p>Az elm\u00falt napokban az \u00f6nkorm\u00e1nyzat szakemberei megkezdt\u00e9k a jav\u00edt\u00e1sra szorul\u00f3 utak \u00e9s j\u00e1rd\u00e1k el\u0151k\u00e9sz\u00edt\u00e9s\u00e9t a fel\u00faj\u00edt\u00e1sra. Az aszfaltoz\u00e1si munka holnapt\u00f3l indul \u00e9s a v\u00e1roson v\u00e9gighaladva, a tervek szerint kb. 2 h\u00e9tig tart. A fel\u00fcletek \u00e1llapot\u00e1t\u00f3l \u00e9s nagys\u00e1g\u00e1t\u00f3l f\u00fcgg\u0151en a jav\u00edt\u00e1s foltoz\u00e1st vagy az aszfaltr\u00e9teg nagyobb, egybef\u00fcgg\u0151 ter\u00fcleteinek cser\u00e9j\u00e9t jelenti. A munk\u00e1val j\u00e1r\u00f3 zaj \u00e9s esetleges &#8230; <a title=\"Megkezd\u0151dik az utak \u00e9s j\u00e1rd\u00e1k fel\u00faj\u00edt\u00e1sa\" class=\"read-more\" href=\"https:\/\/www.salgotarjan.hu\/?p=4192\" aria-label=\"Read more about Megkezd\u0151dik az utak \u00e9s j\u00e1rd\u00e1k fel\u00faj\u00edt\u00e1sa\">Olvass tov\u00e1bb<\/a><\/p>\n","protected":false},"author":7,"featured_media":0,"comment_status":"closed","ping_status":"closed","sticky":false,"template":"","format":"standard","meta":{"footnotes":""},"categories":[1,10],"tags":[],"class_list":["post-4192","post","type-post","status-publish","format-standard","hentry","category-egyebek","category-hirek-aktualitasok"],"_links":{"self":[{"href":"https:\/\/www.salgotarjan.hu\/index.php?rest_route=\/wp\/v2\/posts\/4192","targetHints":{"allow":["GET"]}}],"collection":[{"href":"https:\/\/www.salgotarjan.hu\/index.php?rest_route=\/wp\/v2\/posts"}],"about":[{"href":"https:\/\/www.salgotarjan.hu\/index.php?rest_route=\/wp\/v2\/types\/post"}],"author":[{"embeddable":true,"href":"https:\/\/www.salgotarjan.hu\/index.php?rest_route=\/wp\/v2\/users\/7"}],"replies":[{"embeddable":true,"href":"https:\/\/www.salgotarjan.hu\/index.php?rest_route=%2Fwp%2Fv2%2Fcomments&post=4192"}],"version-history":[{"count":2,"href":"https:\/\/www.salgotarjan.hu\/index.php?rest_route=\/wp\/v2\/posts\/4192\/revisions"}],"predecessor-version":[{"id":4195,"href":"https:\/\/www.salgotarjan.hu\/index.php?rest_route=\/wp\/v2\/posts\/4192\/revisions\/4195"}],"wp:attachment":[{"href":"https:\/\/www.salgotarjan.hu\/index.php?rest_route=%2Fwp%2Fv2%2Fmedia&parent=4192"}],"wp:term":[{"taxonomy":"category","embeddable":true,"href":"https:\/\/www.salgotarjan.hu\/index.php?rest_route=%2Fwp%2Fv2%2Fcategories&post=4192"},{"taxonomy":"post_tag","embeddable":true,"href":"https:\/\/www.salgotarjan.hu\/index.php?rest_route=%2Fwp%2Fv2%2Ftags&post=4192"}],"curies":[{"name":"wp","href":"https:\/\/api.w.org\/{rel}","templated":true}]}}