{"id":4160,"date":"2016-06-03T16:14:54","date_gmt":"2016-06-03T14:14:54","guid":{"rendered":"http:\/\/www.salgotarjan.hu\/?p=4160"},"modified":"2019-04-21T12:12:46","modified_gmt":"2019-04-21T10:12:46","slug":"rendkivuli-osztalyfonoki-ora-a-keriben","status":"publish","type":"post","link":"https:\/\/www.salgotarjan.hu\/?p=4160","title":{"rendered":"Rendk\u00edv\u00fcli oszt\u00e1lyf\u0151n\u00f6ki \u00f3ra a \u201eKeriben\u201d"},"content":{"rendered":"<p><img loading=\"lazy\" decoding=\"async\" src=\"http:\/\/www.salgotarjan.hu\/wp-content\/uploads\/20160603_keri.jpg\" alt=\"20160603_keri\" width=\"480\" height=\"360\" class=\"alignnone size-full wp-image-4161\" srcset=\"https:\/\/www.salgotarjan.hu\/wp-content\/uploads\/20160603_keri.jpg 480w, https:\/\/www.salgotarjan.hu\/wp-content\/uploads\/20160603_keri-300x225.jpg 300w\" sizes=\"auto, (max-width: 480px) 100vw, 480px\" \/><\/p>\n<p>Salg\u00f3tarj\u00e1n 5 \u00e9ves id\u0151tartamra nyerte el a Fogyaszt\u00f3bar\u00e1t telep\u00fcl\u00e9s c\u00edmet, ennek keret\u00e9ben a T\u00e1ncsics Mih\u00e1ly K\u00f6zgazdas\u00e1gi, \u00dcgyviteli, Kereskedelmi \u00e9s Vend\u00e9gl\u00e1t\u00f3ipari Szakk\u00f6z\u00e9piskola \u00e9s Szakiskola, Kereskedelmi \u00e9s Vend\u00e9gl\u00e1t\u00f3ipari Tagint\u00e9zm\u00e9ny\u00e9ben a tavasz folyam\u00e1n h\u00e1rom alkalommal is rendk\u00edv\u00fcli oszt\u00e1lyf\u0151n\u00f6ki tartottak a Polg\u00e1rmesteri Hivatal Hat\u00f3s\u00e1gi Irod\u00e1j\u00e1nak munkat\u00e1rsai. A tanul\u00f3k nagy \u00e9rdekl\u0151d\u00e9ssel fogadt\u00e1k a kereskedelmi igazgat\u00e1sr\u00f3l tartott el\u0151ad\u00e1st, \u00edgy v\u00e1laszt kaptak t\u00f6bbek k\u00f6z\u00f6tt a kereskedelmi tev\u00e9kenys\u00e9g bejelent\u00e9s\u00e9nek, enged\u00e9lyez\u00e9s\u00e9nek felt\u00e9teleir\u0151l is.<\/p>\n","protected":false},"excerpt":{"rendered":"<p>Salg\u00f3tarj\u00e1n 5 \u00e9ves id\u0151tartamra nyerte el a Fogyaszt\u00f3bar\u00e1t telep\u00fcl\u00e9s c\u00edmet, ennek keret\u00e9ben a T\u00e1ncsics Mih\u00e1ly K\u00f6zgazdas\u00e1gi, \u00dcgyviteli, Kereskedelmi \u00e9s Vend\u00e9gl\u00e1t\u00f3ipari Szakk\u00f6z\u00e9piskola \u00e9s Szakiskola, Kereskedelmi \u00e9s Vend\u00e9gl\u00e1t\u00f3ipari Tagint\u00e9zm\u00e9ny\u00e9ben a tavasz folyam\u00e1n h\u00e1rom alkalommal is rendk\u00edv\u00fcli oszt\u00e1lyf\u0151n\u00f6ki tartottak a Polg\u00e1rmesteri Hivatal Hat\u00f3s\u00e1gi Irod\u00e1j\u00e1nak munkat\u00e1rsai. A tanul\u00f3k nagy \u00e9rdekl\u0151d\u00e9ssel fogadt\u00e1k a kereskedelmi igazgat\u00e1sr\u00f3l tartott el\u0151ad\u00e1st, \u00edgy v\u00e1laszt kaptak &#8230; <a title=\"Rendk\u00edv\u00fcli oszt\u00e1lyf\u0151n\u00f6ki \u00f3ra a \u201eKeriben\u201d\" class=\"read-more\" href=\"https:\/\/www.salgotarjan.hu\/?p=4160\" aria-label=\"Read more about Rendk\u00edv\u00fcli oszt\u00e1lyf\u0151n\u00f6ki \u00f3ra a \u201eKeriben\u201d\">Olvass tov\u00e1bb<\/a><\/p>\n","protected":false},"author":7,"featured_media":0,"comment_status":"closed","ping_status":"closed","sticky":false,"template":"","format":"standard","meta":{"footnotes":""},"categories":[1,10],"tags":[],"class_list":["post-4160","post","type-post","status-publish","format-standard","hentry","category-egyebek","category-hirek-aktualitasok"],"_links":{"self":[{"href":"https:\/\/www.salgotarjan.hu\/index.php?rest_route=\/wp\/v2\/posts\/4160","targetHints":{"allow":["GET"]}}],"collection":[{"href":"https:\/\/www.salgotarjan.hu\/index.php?rest_route=\/wp\/v2\/posts"}],"about":[{"href":"https:\/\/www.salgotarjan.hu\/index.php?rest_route=\/wp\/v2\/types\/post"}],"author":[{"embeddable":true,"href":"https:\/\/www.salgotarjan.hu\/index.php?rest_route=\/wp\/v2\/users\/7"}],"replies":[{"embeddable":true,"href":"https:\/\/www.salgotarjan.hu\/index.php?rest_route=%2Fwp%2Fv2%2Fcomments&post=4160"}],"version-history":[{"count":2,"href":"https:\/\/www.salgotarjan.hu\/index.php?rest_route=\/wp\/v2\/posts\/4160\/revisions"}],"predecessor-version":[{"id":4167,"href":"https:\/\/www.salgotarjan.hu\/index.php?rest_route=\/wp\/v2\/posts\/4160\/revisions\/4167"}],"wp:attachment":[{"href":"https:\/\/www.salgotarjan.hu\/index.php?rest_route=%2Fwp%2Fv2%2Fmedia&parent=4160"}],"wp:term":[{"taxonomy":"category","embeddable":true,"href":"https:\/\/www.salgotarjan.hu\/index.php?rest_route=%2Fwp%2Fv2%2Fcategories&post=4160"},{"taxonomy":"post_tag","embeddable":true,"href":"https:\/\/www.salgotarjan.hu\/index.php?rest_route=%2Fwp%2Fv2%2Ftags&post=4160"}],"curies":[{"name":"wp","href":"https:\/\/api.w.org\/{rel}","templated":true}]}}