{"id":4150,"date":"2016-06-07T09:00:45","date_gmt":"2016-06-07T07:00:45","guid":{"rendered":"http:\/\/www.salgotarjan.hu\/?p=4150"},"modified":"2019-04-21T12:12:46","modified_gmt":"2019-04-21T10:12:46","slug":"modosult-a-penzbeli-es-termeszetben-nyujtott-szocialis-ellatasokrol-szolo-onkormanyzati-rendelet","status":"publish","type":"post","link":"https:\/\/www.salgotarjan.hu\/?p=4150","title":{"rendered":"M\u00f3dosult a p\u00e9nzbeli \u00e9s term\u00e9szetben ny\u00fajtott szoci\u00e1lis ell\u00e1t\u00e1sokr\u00f3l sz\u00f3l\u00f3 \u00f6nkorm\u00e1nyzati rendelet"},"content":{"rendered":"<p>2016-ra tiszt\u00e1n elk\u00fcl\u00f6n\u00fcltek az \u00e1llami \u00e9s az \u00f6nkorm\u00e1nyzati feladatok a szoci\u00e1lis ell\u00e1t\u00e1sok biztos\u00edt\u00e1sa tekintet\u00e9ben, tov\u00e1bb\u00e1 kialakult az az \u00fcgyf\u00e9li k\u00f6r, amely az \u00f6nkorm\u00e1nyzat \u00e1ltal biztos\u00edtott telep\u00fcl\u00e9si t\u00e1mogat\u00e1st ig\u00e9nybe veszi. A szoci\u00e1lis ell\u00e1t\u00e1sok legf\u0151bb c\u00e9lja, hogy az arra val\u00f3ban r\u00e1szorul\u00f3k t\u00e1mogat\u00e1sa r\u00e9v\u00e9n t\u00f6bb ell\u00e1t\u00e1s jusson az \u00e9rintett seg\u00e9lyezettek r\u00e9sz\u00e9re. A k\u00f6zgy\u0171l\u00e9s \u00e1ltal 2015-ben elfogadott \u00e9s id\u00e9n m\u00e1jusban m\u00f3dos\u00edtott 6\/2015. (II.19.) \u00f6nkorm\u00e1nyzati rendelet alkalmaz\u00e1sa sor\u00e1n szerzett tapasztalatok alapj\u00e1n a rendeletben foglalt ell\u00e1t\u00e1sok szab\u00e1lyoz\u00e1s\u00e1nak fel\u00fclvizsg\u00e1lat\u00e1ra ker\u00fclt sor. A m\u00f3dos\u00edt\u00e1s \u00e9rintette t\u00f6bbek k\u00f6z\u00f6tt a rendk\u00edv\u00fcli telep\u00fcl\u00e9si t\u00e1mogat\u00e1s \u00e9s a lakhat\u00e1shoz kapcsol\u00f3d\u00f3 rendszeres kiad\u00e1sok visel\u00e9s\u00e9hez ny\u00fajtott telep\u00fcl\u00e9si t\u00e1mogat\u00e1s eset\u00e9n az ir\u00e1nyad\u00f3 j\u00f6vedelemhat\u00e1rt, a gy\u00f3gyszerkiad\u00e1sokhoz ny\u00fajtott telep\u00fcl\u00e9si t\u00e1mogat\u00e1s eset\u00e9n a figyelembe vehet\u0151 gy\u00f3gyszerk\u00f6lts\u00e9get. A lakhat\u00e1shoz kapcsol\u00f3d\u00f3 rendszeres kiad\u00e1sok visel\u00e9s\u00e9hez ny\u00fajtott telep\u00fcl\u00e9si t\u00e1mogat\u00e1s eset\u00e9n kiz\u00e1r\u00f3 felt\u00e9telk\u00e9nt ker\u00fclt meghat\u00e1roz\u00e1sra a bejelentett lak\u00f3-, vagy tart\u00f3zkod\u00e1si hely hi\u00e1nya, a lak\u00e1shaszn\u00e1lat jogc\u00edme igazol\u00e1s\u00e1nak hi\u00e1nya, valamint ha a k\u00e9relmet nem az a szem\u00e9ly ny\u00fajtja be, akinek a nev\u00e9re a k\u00f6z\u00fczemi sz\u00e1mla ki\u00e1ll\u00edt\u00e1sra ker\u00fclt. A gy\u00f3gyszerkiad\u00e1sokhoz ny\u00fajtott telep\u00fcl\u00e9si t\u00e1mogat\u00e1s eset\u00e9n felt\u00e9tel a k\u00f6zgy\u00f3gyell\u00e1t\u00e1sra val\u00f3 jogosults\u00e1g meg\u00e1llap\u00edt\u00e1sa ir\u00e1nti k\u00e9relmet elutas\u00edt\u00f3 joger\u0151s hat\u00e1rozat, tov\u00e1bb\u00e1 \u00e1ll\u00e1stalan szem\u00e9ly eset\u00e9n a null\u00e1s j\u00f6vedelemnyilatkozat helyett az \u00e1ll\u00e1skeres\u0151k\u00e9nt t\u00f6rt\u00e9n\u0151 nyilv\u00e1ntart\u00e1sba v\u00e9tel igazol\u00e1sa.<\/p>\n<p>A m\u00f3dos\u00edtott rendelet teljes terjedelemben <a href=\"http:\/\/www.kozadat.salgotarjan.hu\/docs\/news\/241639.pdf\" target=\"_blank\" rel=\"noopener noreferrer\">let\u00f6lthet\u0151 itt<\/a>, illetve megtal\u00e1lhat\u00f3 az \u00f6nkorm\u00e1nyzat alagsori hirdet\u0151j\u00e9n, tov\u00e1bb\u00e1 minden felmer\u00fcl\u0151 k\u00e9rd\u00e9s eset\u00e9ben a f\u00f6ldszinti \u00fcgyf\u00e9lszolg\u00e1laton \u00e1llunk sz\u00edves rendelkez\u00e9s\u00fckre.<\/p>\n<p>Felh\u00edvjuk a T. \u00dcgyfelek figyelm\u00e9t, hogy a m\u00f3dos\u00edtott rendelet 2016. j\u00fanius 15. napj\u00e1t\u00f3l beny\u00fajtott k\u00e9relmek eset\u00e9n ker\u00fcl alkalmaz\u00e1sra.<\/p>\n<p>Salg\u00f3tarj\u00e1n, 2016. j\u00fanius 1.<\/p>\n<p><strong>T\u00f3thn\u00e9 dr. Kerekes Andrea<\/strong> sk.<br \/>\njegyz\u0151<\/p>\n","protected":false},"excerpt":{"rendered":"<p>2016-ra tiszt\u00e1n elk\u00fcl\u00f6n\u00fcltek az \u00e1llami \u00e9s az \u00f6nkorm\u00e1nyzati feladatok a szoci\u00e1lis ell\u00e1t\u00e1sok biztos\u00edt\u00e1sa tekintet\u00e9ben, tov\u00e1bb\u00e1 kialakult az az \u00fcgyf\u00e9li k\u00f6r, amely az \u00f6nkorm\u00e1nyzat \u00e1ltal biztos\u00edtott telep\u00fcl\u00e9si t\u00e1mogat\u00e1st ig\u00e9nybe veszi. A szoci\u00e1lis ell\u00e1t\u00e1sok legf\u0151bb c\u00e9lja, hogy az arra val\u00f3ban r\u00e1szorul\u00f3k t\u00e1mogat\u00e1sa r\u00e9v\u00e9n t\u00f6bb ell\u00e1t\u00e1s jusson az \u00e9rintett seg\u00e9lyezettek r\u00e9sz\u00e9re. A k\u00f6zgy\u0171l\u00e9s \u00e1ltal 2015-ben elfogadott \u00e9s id\u00e9n &#8230; <a title=\"M\u00f3dosult a p\u00e9nzbeli \u00e9s term\u00e9szetben ny\u00fajtott szoci\u00e1lis ell\u00e1t\u00e1sokr\u00f3l sz\u00f3l\u00f3 \u00f6nkorm\u00e1nyzati rendelet\" class=\"read-more\" href=\"https:\/\/www.salgotarjan.hu\/?p=4150\" aria-label=\"Read more about M\u00f3dosult a p\u00e9nzbeli \u00e9s term\u00e9szetben ny\u00fajtott szoci\u00e1lis ell\u00e1t\u00e1sokr\u00f3l sz\u00f3l\u00f3 \u00f6nkorm\u00e1nyzati rendelet\">Olvass tov\u00e1bb<\/a><\/p>\n","protected":false},"author":7,"featured_media":0,"comment_status":"closed","ping_status":"closed","sticky":false,"template":"","format":"standard","meta":{"footnotes":""},"categories":[1,10],"tags":[],"class_list":["post-4150","post","type-post","status-publish","format-standard","hentry","category-egyebek","category-hirek-aktualitasok"],"_links":{"self":[{"href":"https:\/\/www.salgotarjan.hu\/index.php?rest_route=\/wp\/v2\/posts\/4150","targetHints":{"allow":["GET"]}}],"collection":[{"href":"https:\/\/www.salgotarjan.hu\/index.php?rest_route=\/wp\/v2\/posts"}],"about":[{"href":"https:\/\/www.salgotarjan.hu\/index.php?rest_route=\/wp\/v2\/types\/post"}],"author":[{"embeddable":true,"href":"https:\/\/www.salgotarjan.hu\/index.php?rest_route=\/wp\/v2\/users\/7"}],"replies":[{"embeddable":true,"href":"https:\/\/www.salgotarjan.hu\/index.php?rest_route=%2Fwp%2Fv2%2Fcomments&post=4150"}],"version-history":[{"count":2,"href":"https:\/\/www.salgotarjan.hu\/index.php?rest_route=\/wp\/v2\/posts\/4150\/revisions"}],"predecessor-version":[{"id":9513,"href":"https:\/\/www.salgotarjan.hu\/index.php?rest_route=\/wp\/v2\/posts\/4150\/revisions\/9513"}],"wp:attachment":[{"href":"https:\/\/www.salgotarjan.hu\/index.php?rest_route=%2Fwp%2Fv2%2Fmedia&parent=4150"}],"wp:term":[{"taxonomy":"category","embeddable":true,"href":"https:\/\/www.salgotarjan.hu\/index.php?rest_route=%2Fwp%2Fv2%2Fcategories&post=4150"},{"taxonomy":"post_tag","embeddable":true,"href":"https:\/\/www.salgotarjan.hu\/index.php?rest_route=%2Fwp%2Fv2%2Ftags&post=4150"}],"curies":[{"name":"wp","href":"https:\/\/api.w.org\/{rel}","templated":true}]}}