{"id":4132,"date":"2016-05-31T19:23:10","date_gmt":"2016-05-31T17:23:10","guid":{"rendered":"http:\/\/www.salgotarjan.hu\/?p=4132"},"modified":"2019-04-21T12:12:46","modified_gmt":"2019-04-21T10:12:46","slug":"atadtak-a-volannak-a-lakossag-javaslatait","status":"publish","type":"post","link":"https:\/\/www.salgotarjan.hu\/?p=4132","title":{"rendered":"\u00c1tadt\u00e1k a Vol\u00e1nnak a lakoss\u00e1g javaslatait"},"content":{"rendered":"<p>\u00c1tadt\u00e1k a Vol\u00e1nnak a lakoss\u00e1g javaslatait az \u00faj helyi j\u00e1rat\u00fa menetrenddel kapcsolatban.<\/p>\n<p>Mint ismert, 2016. m\u00e1jus 1-j\u00e9t\u0151l a Vol\u00e1n \u00e1ltal kidolgozott \u00faj helyi j\u00e1rat\u00fa menetrend l\u00e9pett \u00e9letbe Salg\u00f3tarj\u00e1nban, mely drasztikus j\u00e1ratsz\u00e1m-cs\u00f6kkent\u00e9ssel j\u00e1rt.<br \/>\nAzt megel\u0151z\u0151en a k\u00f6zszolg\u00e1ltat\u00f3 c\u00e9g j\u00e1ratcs\u00f6kkent\u00e9sre vonatkoz\u00f3 sz\u00e1nd\u00e9kait megismerve a v\u00e1rosvezet\u00e9s \u2013 a v\u00e1ros lakoss\u00e1g\u00e1nak utaz\u00e1si szok\u00e1sait \u00e9s ig\u00e9nyeit k\u00e9pviselve \u2013 megtette javaslatait, \u00e1m a Vol\u00e1n hajthatatlan maradt.<\/p>\n<p>A v\u00e1rosi k\u00f6zgy\u0171l\u00e9s \u00fagy hat\u00e1rozott, hogy \u00fajabb javaslatokat tesz a k\u00f6zszolg\u00e1ltat\u00f3 c\u00e9g el\u00e9, ehhez pedig a v\u00e1laszt\u00f3k seg\u00edts\u00e9g\u00e9t k\u00e9rte. A v\u00e1ros lakoss\u00e1g\u00e1nak m\u00e1jus 25-ig lehet\u0151s\u00e9ge ny\u00edlott javaslatait e-mailben vagy postai \u00faton eljuttatni az \u00f6nkorm\u00e1nyzathoz, a v\u00e1laszt\u00f3ker\u00fcletek egy\u00e9ni k\u00e9pvisel\u0151i pedig szem\u00e9lyesen gy\u0171jt\u00f6tt\u00e9k \u00f6ssze az \u00e1llampolg\u00e1rok \u00e9szrev\u00e9teleit.<\/p>\n<p>Ezek \u00f6sszegz\u00e9se ut\u00e1n m\u00e1jus 31-\u00e9n a v\u00e1rosvezet\u00e9s, az egy\u00e9ni v\u00e1laszt\u00f3ker\u00fcleti \u00f6nkorm\u00e1nyzati k\u00e9pvisel\u0151k, a polg\u00e1rmesteri hivatal szakemberei \u00e9s a Vol\u00e1n k\u00e9pvisel\u0151i \u00fajra t\u00e1rgyal\u00f3asztalhoz \u00fcltek. A megbesz\u00e9l\u00e9s\u00e9n a t\u00f6bb sz\u00e1z lakoss\u00e1gi javaslat \u00f6sszegz\u00e9s\u00e9t az \u00f6nkorm\u00e1nyzat \u00e1tadta a k\u00f6zszolg\u00e1ltat\u00f3 c\u00e9gnek, k\u00e9rve, hogy az utaz\u00f3k\u00f6z\u00f6ns\u00e9g \u00e9szrev\u00e9teleit figyelembe v\u00e9ve az ig\u00e9nyeknek megfelel\u0151en m\u00f3dos\u00edtson a menetrenden.<\/p>\n<p>A Vol\u00e1n a dokumentum \u00e1ttanulm\u00e1nyoz\u00e1sa ut\u00e1n v\u00e1rhat\u00f3an m\u00e9g j\u00faniusban v\u00e1laszt ad a felmer\u00fclt k\u00e9rd\u00e9sekre.<\/p>\n","protected":false},"excerpt":{"rendered":"<p>\u00c1tadt\u00e1k a Vol\u00e1nnak a lakoss\u00e1g javaslatait az \u00faj helyi j\u00e1rat\u00fa menetrenddel kapcsolatban. Mint ismert, 2016. m\u00e1jus 1-j\u00e9t\u0151l a Vol\u00e1n \u00e1ltal kidolgozott \u00faj helyi j\u00e1rat\u00fa menetrend l\u00e9pett \u00e9letbe Salg\u00f3tarj\u00e1nban, mely drasztikus j\u00e1ratsz\u00e1m-cs\u00f6kkent\u00e9ssel j\u00e1rt. Azt megel\u0151z\u0151en a k\u00f6zszolg\u00e1ltat\u00f3 c\u00e9g j\u00e1ratcs\u00f6kkent\u00e9sre vonatkoz\u00f3 sz\u00e1nd\u00e9kait megismerve a v\u00e1rosvezet\u00e9s \u2013 a v\u00e1ros lakoss\u00e1g\u00e1nak utaz\u00e1si szok\u00e1sait \u00e9s ig\u00e9nyeit k\u00e9pviselve \u2013 megtette javaslatait, &#8230; <a title=\"\u00c1tadt\u00e1k a Vol\u00e1nnak a lakoss\u00e1g javaslatait\" class=\"read-more\" href=\"https:\/\/www.salgotarjan.hu\/?p=4132\" aria-label=\"Read more about \u00c1tadt\u00e1k a Vol\u00e1nnak a lakoss\u00e1g javaslatait\">Olvass tov\u00e1bb<\/a><\/p>\n","protected":false},"author":7,"featured_media":0,"comment_status":"closed","ping_status":"closed","sticky":false,"template":"","format":"standard","meta":{"footnotes":""},"categories":[1,10],"tags":[],"class_list":["post-4132","post","type-post","status-publish","format-standard","hentry","category-egyebek","category-hirek-aktualitasok"],"_links":{"self":[{"href":"https:\/\/www.salgotarjan.hu\/index.php?rest_route=\/wp\/v2\/posts\/4132","targetHints":{"allow":["GET"]}}],"collection":[{"href":"https:\/\/www.salgotarjan.hu\/index.php?rest_route=\/wp\/v2\/posts"}],"about":[{"href":"https:\/\/www.salgotarjan.hu\/index.php?rest_route=\/wp\/v2\/types\/post"}],"author":[{"embeddable":true,"href":"https:\/\/www.salgotarjan.hu\/index.php?rest_route=\/wp\/v2\/users\/7"}],"replies":[{"embeddable":true,"href":"https:\/\/www.salgotarjan.hu\/index.php?rest_route=%2Fwp%2Fv2%2Fcomments&post=4132"}],"version-history":[{"count":2,"href":"https:\/\/www.salgotarjan.hu\/index.php?rest_route=\/wp\/v2\/posts\/4132\/revisions"}],"predecessor-version":[{"id":4134,"href":"https:\/\/www.salgotarjan.hu\/index.php?rest_route=\/wp\/v2\/posts\/4132\/revisions\/4134"}],"wp:attachment":[{"href":"https:\/\/www.salgotarjan.hu\/index.php?rest_route=%2Fwp%2Fv2%2Fmedia&parent=4132"}],"wp:term":[{"taxonomy":"category","embeddable":true,"href":"https:\/\/www.salgotarjan.hu\/index.php?rest_route=%2Fwp%2Fv2%2Fcategories&post=4132"},{"taxonomy":"post_tag","embeddable":true,"href":"https:\/\/www.salgotarjan.hu\/index.php?rest_route=%2Fwp%2Fv2%2Ftags&post=4132"}],"curies":[{"name":"wp","href":"https:\/\/api.w.org\/{rel}","templated":true}]}}