{"id":4127,"date":"2016-05-30T21:36:53","date_gmt":"2016-05-30T19:36:53","guid":{"rendered":"http:\/\/www.salgotarjan.hu\/?p=4127"},"modified":"2019-04-21T12:12:46","modified_gmt":"2019-04-21T10:12:46","slug":"foiskolai-kepzes-a-napenergia-hasznositasaert","status":"publish","type":"post","link":"https:\/\/www.salgotarjan.hu\/?p=4127","title":{"rendered":"F\u0151iskolai k\u00e9pz\u00e9s a napenergia hasznos\u00edt\u00e1s\u00e1\u00e9rt"},"content":{"rendered":"<p><img loading=\"lazy\" decoding=\"async\" src=\"http:\/\/www.salgotarjan.hu\/wp-content\/uploads\/20160530_szolar.jpg\" alt=\"20160530_szolar\" width=\"480\" height=\"319\" class=\"alignnone size-full wp-image-4128\" srcset=\"https:\/\/www.salgotarjan.hu\/wp-content\/uploads\/20160530_szolar.jpg 480w, https:\/\/www.salgotarjan.hu\/wp-content\/uploads\/20160530_szolar-300x199.jpg 300w\" sizes=\"auto, (max-width: 480px) 100vw, 480px\" \/><\/p>\n<p>A napenergia-hasznos\u00edt\u00e1s hivatalos k\u00e9pz\u00e9se Salg\u00f3tarj\u00e1nban kezd\u0151d\u00f6tt els\u0151k\u00e9nt az orsz\u00e1gban.<\/p>\n<p>A v\u00e1rosb\u00f3l indult az a feln\u0151ttk\u00e9pz\u00e9si program, amely akkredit\u00e1lt \u2013 jelenleg feln\u0151ttk\u00e9pz\u00e9si nyilv\u00e1ntart\u00e1sba vett \u2013 kateg\u00f3riak\u00e9nt eddig 500-n\u00e1l t\u00f6bb olyan napelem-telep\u00edt\u0151 szakembert adott az orsz\u00e1gnak, akik k\u00e9pesek egyebek k\u00f6z\u00f6tt arra is, hogy a szakk\u00e9pzetlen\u00fcl, hozz\u00e1\u00e9rt\u0151 felel\u0151s m\u0171szaki vezet\u0151 n\u00e9lk\u00fcl kivitelezett telep\u00edt\u00e9seket a nagyobb hozamkies\u00e9s elker\u00fcl\u00e9s\u00e9hez a megfelel\u0151 m\u00e9rt\u00e9kben kijav\u00edts\u00e1k, \u00e9s a sz\u00fcks\u00e9ges m\u00e9retekben \u00fajratelep\u00edts\u00e9k.<\/p>\n<p>A Magyar M\u00e9rn\u00f6ki Kamara egyet\u00e9rt\u00e9s\u00e9vel szint\u00e9n Salg\u00f3tarj\u00e1nban teremtett\u00e9k meg az alapjait a szol\u00e1r telep\u00edt\u00e9sek felel\u0151s m\u0171szaki vezet\u00e9se k\u00e9pz\u00e9snek is, \u00e9s a K\u00f6rnyezetv\u00e9d\u0151k H\u00e1z\u00e1ban alak\u00edtott\u00e1k ki az orsz\u00e1g els\u0151 \u00e9s m\u00e1ig egyetlen \u201enapenergia hasznos\u00edt\u00f3 szaktanterm\u00e9t.\u201d<br \/>\nFakult\u00e1ci\u00f3s k\u00e9pz\u00e9s keret\u00e9ben szakk\u00e9pz\u0151 int\u00e9zetenk\u00e9nt 3-4 f\u0151 r\u00e9szv\u00e9tel\u00e9vel megszervezt\u00e9k azt a k\u00eds\u00e9rleti programot, melynek keret\u00e9ben a r\u00e9sztvev\u0151 di\u00e1kok az \u00e9retts\u00e9gi- vagy a szakmunk\u00e1s bizony\u00edtv\u00e1ny mell\u00e9 napelem-szerel\u0151 tan\u00fas\u00edtv\u00e1nyt szerezhetnek.<br \/>\n2016. febru\u00e1rj\u00e1ban az \u00d3budai Egyetem szakmai t\u00e1mogat\u00e1s\u00e1val Salg\u00f3tarj\u00e1nban indult el a fels\u0151fok\u00fa szol\u00e1r \u00fczemm\u00e9rn\u00f6k k\u00e9pz\u00e9s k\u00eds\u00e9rleti, \u201e0.\u201d \u00e9vfolyama, a v\u00e1rtn\u00e1l nagyobb, 30 f\u0151s l\u00e9tsz\u00e1mmal. Ez a napokban fejez\u0151d\u00f6tt be a kisteljes\u00edtm\u00e9ny\u0171 villamos naper\u0151m\u0171vek telep\u00edt\u00e9se \u00e9s karbantart\u00e1sa tematik\u00e1j\u00fa szakmai k\u00e9pz\u00e9ssel egy\u00fctt.<\/p>\n<p>Az \u00fczemm\u00e9rn\u00f6ki k\u00e9pz\u00e9sen r\u00e9sztvev\u0151knek m\u00e1jus 27-\u00e9n a Balassi B\u00e1lint Megyei K\u00f6nyvt\u00e1rban Husz\u00e1r M\u00e1t\u00e9, Salg\u00f3tarj\u00e1n alpolg\u00e1rmestere \u00e9s a k\u00e9pz\u00e9st vezet\u0151 szakemberek \u00fcnnep\u00e9lyes keretek k\u00f6z\u00f6tt adt\u00e1k \u00e1t a tan\u00fas\u00edtv\u00e1nyokat, melyek helyettes\u00edtik a 2016 szeptember\u00e9ben indul\u00f3 3 f\u00e9l\u00e9ves posztgradu\u00e1lis szol\u00e1r szak-\u00fczemm\u00e9rn\u00f6k k\u00e9pz\u00e9s felv\u00e9teli elj\u00e1r\u00e1s\u00e1t.<\/p>\n<p>Az \u00d3budai Egyetemet dr. K\u00e1d\u00e1r P\u00e9ter, az int\u00e9zm\u00e9ny villamosm\u00e9rn\u00f6ki kar\u00e1nak vezet\u0151je k\u00e9pviselte, aki bejelentette: a szol\u00e1r \u00fczemm\u00e9rn\u00f6k k\u00e9pz\u00e9si programot j\u00f3v\u00e1hagy\u00e1sra beny\u00fajtott\u00e1k az egyetem vezet\u00e9se \u00e9s szen\u00e1tusa el\u00e9, melyet kedvez\u0151en v\u00e9lem\u00e9nyeztek.<\/p>\n","protected":false},"excerpt":{"rendered":"<p>A napenergia-hasznos\u00edt\u00e1s hivatalos k\u00e9pz\u00e9se Salg\u00f3tarj\u00e1nban kezd\u0151d\u00f6tt els\u0151k\u00e9nt az orsz\u00e1gban. A v\u00e1rosb\u00f3l indult az a feln\u0151ttk\u00e9pz\u00e9si program, amely akkredit\u00e1lt \u2013 jelenleg feln\u0151ttk\u00e9pz\u00e9si nyilv\u00e1ntart\u00e1sba vett \u2013 kateg\u00f3riak\u00e9nt eddig 500-n\u00e1l t\u00f6bb olyan napelem-telep\u00edt\u0151 szakembert adott az orsz\u00e1gnak, akik k\u00e9pesek egyebek k\u00f6z\u00f6tt arra is, hogy a szakk\u00e9pzetlen\u00fcl, hozz\u00e1\u00e9rt\u0151 felel\u0151s m\u0171szaki vezet\u0151 n\u00e9lk\u00fcl kivitelezett telep\u00edt\u00e9seket a nagyobb hozamkies\u00e9s elker\u00fcl\u00e9s\u00e9hez a &#8230; <a title=\"F\u0151iskolai k\u00e9pz\u00e9s a napenergia hasznos\u00edt\u00e1s\u00e1\u00e9rt\" class=\"read-more\" href=\"https:\/\/www.salgotarjan.hu\/?p=4127\" aria-label=\"Read more about F\u0151iskolai k\u00e9pz\u00e9s a napenergia hasznos\u00edt\u00e1s\u00e1\u00e9rt\">Olvass tov\u00e1bb<\/a><\/p>\n","protected":false},"author":7,"featured_media":0,"comment_status":"closed","ping_status":"closed","sticky":false,"template":"","format":"standard","meta":{"footnotes":""},"categories":[1,10],"tags":[],"class_list":["post-4127","post","type-post","status-publish","format-standard","hentry","category-egyebek","category-hirek-aktualitasok"],"_links":{"self":[{"href":"https:\/\/www.salgotarjan.hu\/index.php?rest_route=\/wp\/v2\/posts\/4127","targetHints":{"allow":["GET"]}}],"collection":[{"href":"https:\/\/www.salgotarjan.hu\/index.php?rest_route=\/wp\/v2\/posts"}],"about":[{"href":"https:\/\/www.salgotarjan.hu\/index.php?rest_route=\/wp\/v2\/types\/post"}],"author":[{"embeddable":true,"href":"https:\/\/www.salgotarjan.hu\/index.php?rest_route=\/wp\/v2\/users\/7"}],"replies":[{"embeddable":true,"href":"https:\/\/www.salgotarjan.hu\/index.php?rest_route=%2Fwp%2Fv2%2Fcomments&post=4127"}],"version-history":[{"count":2,"href":"https:\/\/www.salgotarjan.hu\/index.php?rest_route=\/wp\/v2\/posts\/4127\/revisions"}],"predecessor-version":[{"id":4130,"href":"https:\/\/www.salgotarjan.hu\/index.php?rest_route=\/wp\/v2\/posts\/4127\/revisions\/4130"}],"wp:attachment":[{"href":"https:\/\/www.salgotarjan.hu\/index.php?rest_route=%2Fwp%2Fv2%2Fmedia&parent=4127"}],"wp:term":[{"taxonomy":"category","embeddable":true,"href":"https:\/\/www.salgotarjan.hu\/index.php?rest_route=%2Fwp%2Fv2%2Fcategories&post=4127"},{"taxonomy":"post_tag","embeddable":true,"href":"https:\/\/www.salgotarjan.hu\/index.php?rest_route=%2Fwp%2Fv2%2Ftags&post=4127"}],"curies":[{"name":"wp","href":"https:\/\/api.w.org\/{rel}","templated":true}]}}