{"id":4111,"date":"2016-05-29T17:53:48","date_gmt":"2016-05-29T15:53:48","guid":{"rendered":"http:\/\/www.salgotarjan.hu\/?p=4111"},"modified":"2019-04-21T12:12:46","modified_gmt":"2019-04-21T10:12:46","slug":"szines-kavalkad-a-varosi-gyermeknapon","status":"publish","type":"post","link":"https:\/\/www.salgotarjan.hu\/?p=4111","title":{"rendered":"Sz\u00ednes kavalk\u00e1d a v\u00e1rosi gyermeknapon"},"content":{"rendered":"<p><img loading=\"lazy\" decoding=\"async\" src=\"http:\/\/www.salgotarjan.hu\/wp-content\/uploads\/20160529_gyereknap_1.jpg\" alt=\"20160529_gyereknap_1\" width=\"480\" height=\"319\" class=\"alignnone size-full wp-image-4112\" srcset=\"https:\/\/www.salgotarjan.hu\/wp-content\/uploads\/20160529_gyereknap_1.jpg 480w, https:\/\/www.salgotarjan.hu\/wp-content\/uploads\/20160529_gyereknap_1-300x199.jpg 300w\" sizes=\"auto, (max-width: 480px) 100vw, 480px\" \/><\/p>\n<p>A\u00a0gyermeknap\u00a0a vil\u00e1g sok orsz\u00e1g\u00e1ban \u00fcnnepnap, melyet el\u0151sz\u00f6r T\u00f6r\u00f6korsz\u00e1gban tartottak meg 1920-ban. Magyarorsz\u00e1gon 1931-t\u0151l \u00fcnneplik, \u00e9s m\u00e1jus utols\u00f3 vas\u00e1rnapj\u00e1n tartj\u00e1k. Ennek a meghitt \u00e9s\u00a0\u00f6r\u00f6mteli \u00fcnnepnek a c\u00e9lja, hogy felh\u00edvja az emberek, a vil\u00e1g figyelm\u00e9t a gyermekek\u00a0helyzet\u00e9re \u00e9s jogaira. Ilyenkor a feln\u0151ttek is kicsit\u00a0gyermeknek\u00a0\u00e9rezhetik magukat. Az \u00fcnnep nemcsak a\u00a0gyermeknek\u00a0fontos, hanem a sz\u00fcl\u0151knek is,\u00a0hogy felejthetetlen \u00f6r\u00f6met szerezzenek\u00a0gyermekeiknek egy-egy aj\u00e1nd\u00e9kkal, egy-egy meglepet\u00e9s programmal.<\/p>\n<p>Salg\u00f3tarj\u00e1n Megyei Jog\u00fa V\u00e1ros \u00d6nkorm\u00e1nyzata \u00e9s a v\u00e1ros vezet\u00e9se \u201ej\u00f3 sz\u00fcl\u0151 m\u00f3dj\u00e1ra\u201d sz\u00ednes programokkal kedveskedett 2016. m\u00e1jus 29-\u00e9n a gyermekeknek: a v\u00e1rosi sportcentrumban a J\u00f3zsef Attila M\u0171vel\u0151d\u00e9si \u00e9s Konferencia K\u00f6zpont szervez\u00e9s\u00e9ben eml\u00e9kezetes gyermeknapot var\u00e1zsoltak kicsiknek \u00e9s nagyoknak, gyerekek \u00e9s sz\u00fcl\u0151knek. A sz\u00ednes \u00e9s v\u00e1ltozatos rendezv\u00e9ny forgatag\u00e1ban 47 csal\u00e1d r\u00e9szv\u00e9tel\u00e9vel ker\u00fclt sor a hagyom\u00e1nyos csal\u00e1di vet\u00e9lked\u0151re, melyen a legjobbaknak j\u00e1r\u00f3 d\u00edjakat D\u00e1niel Zolt\u00e1n alpolg\u00e1rmester, And\u00f3n\u00e9 Angyal M\u00e1ria, a Salg\u00f3tarj\u00e1ni \u00d6sszevont \u00d3voda vezet\u0151je \u00e9s Patai Anna, a Megaszt\u00e1rb\u00f3l ismert \u00e9nekes \u2013 a gyermeknap szt\u00e1rvend\u00e9ge \u2013 adt\u00e1k \u00e1t.<\/p>\n<p><img loading=\"lazy\" decoding=\"async\" src=\"http:\/\/www.salgotarjan.hu\/wp-content\/uploads\/20160529_gyereknap_9.jpg\" alt=\"20160529_gyereknap_9\" width=\"480\" height=\"434\" class=\"alignnone size-full wp-image-4121\" srcset=\"https:\/\/www.salgotarjan.hu\/wp-content\/uploads\/20160529_gyereknap_9.jpg 480w, https:\/\/www.salgotarjan.hu\/wp-content\/uploads\/20160529_gyereknap_9-300x271.jpg 300w\" sizes=\"auto, (max-width: 480px) 100vw, 480px\" \/><\/p>\n<p>Patai Anna nem csup\u00e1n a sz\u00ednpadon volt r\u00e9szese a v\u00e1rosi gyermeknapnak. Az \u00e9nekesn\u0151 a d\u00e9lel\u0151tt folyam\u00e1n Fekete Zsolt polg\u00e1rmesterrel egy\u00fctt ell\u00e1togatott a megyei k\u00f3rh\u00e1z gyermekoszt\u00e1ly\u00e1ra, hogy ezen a napon a betegesked\u0151 nebul\u00f3k \u00e9let\u00e9be is \u00f6r\u00f6met var\u00e1zsoljanak. A v\u00e1rosvezet\u0151 j\u00e1t\u00e9kokkal aj\u00e1nd\u00e9kozta meg a gyermekoszt\u00e1ly j\u00e1tsz\u00f3szob\u00e1j\u00e1t, m\u00edg Patai Anna t\u00f6bb karton gy\u00fcm\u00f6lcs\u00f6t \u00e9s sz\u00f6rp\u00f6t adott \u00e1t a kicsiknek, m\u00edg az \u00e1pol\u00f3n\u0151ket egy-egy dedik\u00e1lt CD-lemez\u00e9vel lepte meg.<\/p>\n<p><img loading=\"lazy\" decoding=\"async\" src=\"http:\/\/www.salgotarjan.hu\/wp-content\/uploads\/20160529_gyereknap_3.jpg\" alt=\"20160529_gyereknap_3\" width=\"480\" height=\"319\" class=\"alignnone size-full wp-image-4116\" srcset=\"https:\/\/www.salgotarjan.hu\/wp-content\/uploads\/20160529_gyereknap_3.jpg 480w, https:\/\/www.salgotarjan.hu\/wp-content\/uploads\/20160529_gyereknap_3-300x199.jpg 300w\" sizes=\"auto, (max-width: 480px) 100vw, 480px\" \/><\/p>\n<p>A k\u00f6zponti v\u00e1rosi program mellett a Beszterce-lak\u00f3telepen is rendeztek gyermeknapot. A hagyom\u00e1nyos \u2013 a helyi k\u00f6z\u00f6ss\u00e9gek \u00f6sszefog\u00e1s\u00e1val \u00e9s Moln\u00e1r K\u00e1roly \u00f6nkorm\u00e1nyzati k\u00e9pvisel\u0151 t\u00e1mogat\u00e1s\u00e1val \u00e9s k\u00f6zrem\u0171k\u00f6d\u00e9s\u00e9vel szervezett \u2013 program keret\u00e9ben a Sebaji \u00fati j\u00e1tsz\u00f3t\u00e9ren sok-sok gyerek \u00f6nfeledten sz\u00f3rakozva kapcsol\u00f3dott be az \u00fcgyess\u00e9gi, j\u00e1t\u00e9kos vet\u00e9lked\u00e9sekbe \u00e9s versenyekbe.<\/p>\n<p>Tov\u00e1bbi k\u00e9pek a rendezv\u00e9nyr\u0151l itt: <!--more--><\/p>\n<p><img loading=\"lazy\" decoding=\"async\" src=\"http:\/\/www.salgotarjan.hu\/wp-content\/uploads\/20160529_gyereknap_10.jpg\" alt=\"20160529_gyereknap_10\" width=\"480\" height=\"360\" class=\"alignnone size-full wp-image-4122\" srcset=\"https:\/\/www.salgotarjan.hu\/wp-content\/uploads\/20160529_gyereknap_10.jpg 480w, https:\/\/www.salgotarjan.hu\/wp-content\/uploads\/20160529_gyereknap_10-300x225.jpg 300w\" sizes=\"auto, (max-width: 480px) 100vw, 480px\" \/><\/p>\n<p><img loading=\"lazy\" decoding=\"async\" src=\"http:\/\/www.salgotarjan.hu\/wp-content\/uploads\/20160529_gyereknap_11.jpg\" alt=\"20160529_gyereknap_11\" width=\"480\" height=\"360\" class=\"alignnone size-full wp-image-4123\" srcset=\"https:\/\/www.salgotarjan.hu\/wp-content\/uploads\/20160529_gyereknap_11.jpg 480w, https:\/\/www.salgotarjan.hu\/wp-content\/uploads\/20160529_gyereknap_11-300x225.jpg 300w\" sizes=\"auto, (max-width: 480px) 100vw, 480px\" \/><\/p>\n<p><img loading=\"lazy\" decoding=\"async\" src=\"http:\/\/www.salgotarjan.hu\/wp-content\/uploads\/20160529_gyereknap_8.jpg\" alt=\"20160529_gyereknap_8\" width=\"480\" height=\"360\" class=\"alignnone size-full wp-image-4120\" srcset=\"https:\/\/www.salgotarjan.hu\/wp-content\/uploads\/20160529_gyereknap_8.jpg 480w, https:\/\/www.salgotarjan.hu\/wp-content\/uploads\/20160529_gyereknap_8-300x225.jpg 300w\" sizes=\"auto, (max-width: 480px) 100vw, 480px\" \/><\/p>\n<p><img loading=\"lazy\" decoding=\"async\" src=\"http:\/\/www.salgotarjan.hu\/wp-content\/uploads\/20160529_gyereknap_5.jpg\" alt=\"20160529_gyereknap_5\" width=\"480\" height=\"380\" class=\"alignnone size-full wp-image-4118\" srcset=\"https:\/\/www.salgotarjan.hu\/wp-content\/uploads\/20160529_gyereknap_5.jpg 480w, https:\/\/www.salgotarjan.hu\/wp-content\/uploads\/20160529_gyereknap_5-300x238.jpg 300w\" sizes=\"auto, (max-width: 480px) 100vw, 480px\" \/><\/p>\n<p><img loading=\"lazy\" decoding=\"async\" src=\"http:\/\/www.salgotarjan.hu\/wp-content\/uploads\/20160529_gyereknap_6.jpg\" alt=\"20160529_gyereknap_6\" width=\"480\" height=\"314\" class=\"alignnone size-full wp-image-4119\" srcset=\"https:\/\/www.salgotarjan.hu\/wp-content\/uploads\/20160529_gyereknap_6.jpg 480w, https:\/\/www.salgotarjan.hu\/wp-content\/uploads\/20160529_gyereknap_6-300x196.jpg 300w\" sizes=\"auto, (max-width: 480px) 100vw, 480px\" \/><\/p>\n<p><img loading=\"lazy\" decoding=\"async\" src=\"http:\/\/www.salgotarjan.hu\/wp-content\/uploads\/20160529_gyereknap_4.jpg\" alt=\"20160529_gyereknap_4\" width=\"480\" height=\"319\" class=\"alignnone size-full wp-image-4117\" srcset=\"https:\/\/www.salgotarjan.hu\/wp-content\/uploads\/20160529_gyereknap_4.jpg 480w, https:\/\/www.salgotarjan.hu\/wp-content\/uploads\/20160529_gyereknap_4-300x199.jpg 300w\" sizes=\"auto, (max-width: 480px) 100vw, 480px\" \/><\/p>\n<p><img loading=\"lazy\" decoding=\"async\" src=\"http:\/\/www.salgotarjan.hu\/wp-content\/uploads\/20160529_gyereknap_2.jpg\" alt=\"20160529_gyereknap_2\" width=\"480\" height=\"319\" class=\"alignnone size-full wp-image-4115\" srcset=\"https:\/\/www.salgotarjan.hu\/wp-content\/uploads\/20160529_gyereknap_2.jpg 480w, https:\/\/www.salgotarjan.hu\/wp-content\/uploads\/20160529_gyereknap_2-300x199.jpg 300w\" sizes=\"auto, (max-width: 480px) 100vw, 480px\" \/><\/p>\n<p><img loading=\"lazy\" decoding=\"async\" src=\"http:\/\/www.salgotarjan.hu\/wp-content\/uploads\/20160529_gyereknap_7.jpg\" alt=\"20160529_gyereknap_7\" width=\"480\" height=\"640\" class=\"alignnone size-full wp-image-4113\" srcset=\"https:\/\/www.salgotarjan.hu\/wp-content\/uploads\/20160529_gyereknap_7.jpg 480w, https:\/\/www.salgotarjan.hu\/wp-content\/uploads\/20160529_gyereknap_7-225x300.jpg 225w\" sizes=\"auto, (max-width: 480px) 100vw, 480px\" \/><\/p>\n","protected":false},"excerpt":{"rendered":"<p>A\u00a0gyermeknap\u00a0a vil\u00e1g sok orsz\u00e1g\u00e1ban \u00fcnnepnap, melyet el\u0151sz\u00f6r T\u00f6r\u00f6korsz\u00e1gban tartottak meg 1920-ban. Magyarorsz\u00e1gon 1931-t\u0151l \u00fcnneplik, \u00e9s m\u00e1jus utols\u00f3 vas\u00e1rnapj\u00e1n tartj\u00e1k. Ennek a meghitt \u00e9s\u00a0\u00f6r\u00f6mteli \u00fcnnepnek a c\u00e9lja, hogy felh\u00edvja az emberek, a vil\u00e1g figyelm\u00e9t a gyermekek\u00a0helyzet\u00e9re \u00e9s jogaira. Ilyenkor a feln\u0151ttek is kicsit\u00a0gyermeknek\u00a0\u00e9rezhetik magukat. Az \u00fcnnep nemcsak a\u00a0gyermeknek\u00a0fontos, hanem a sz\u00fcl\u0151knek is,\u00a0hogy felejthetetlen \u00f6r\u00f6met szerezzenek\u00a0gyermekeiknek egy-egy &#8230; <a title=\"Sz\u00ednes kavalk\u00e1d a v\u00e1rosi gyermeknapon\" class=\"read-more\" href=\"https:\/\/www.salgotarjan.hu\/?p=4111\" aria-label=\"Read more about Sz\u00ednes kavalk\u00e1d a v\u00e1rosi gyermeknapon\">Olvass tov\u00e1bb<\/a><\/p>\n","protected":false},"author":7,"featured_media":0,"comment_status":"closed","ping_status":"closed","sticky":false,"template":"","format":"standard","meta":{"footnotes":""},"categories":[1,10],"tags":[],"class_list":["post-4111","post","type-post","status-publish","format-standard","hentry","category-egyebek","category-hirek-aktualitasok"],"_links":{"self":[{"href":"https:\/\/www.salgotarjan.hu\/index.php?rest_route=\/wp\/v2\/posts\/4111","targetHints":{"allow":["GET"]}}],"collection":[{"href":"https:\/\/www.salgotarjan.hu\/index.php?rest_route=\/wp\/v2\/posts"}],"about":[{"href":"https:\/\/www.salgotarjan.hu\/index.php?rest_route=\/wp\/v2\/types\/post"}],"author":[{"embeddable":true,"href":"https:\/\/www.salgotarjan.hu\/index.php?rest_route=\/wp\/v2\/users\/7"}],"replies":[{"embeddable":true,"href":"https:\/\/www.salgotarjan.hu\/index.php?rest_route=%2Fwp%2Fv2%2Fcomments&post=4111"}],"version-history":[{"count":3,"href":"https:\/\/www.salgotarjan.hu\/index.php?rest_route=\/wp\/v2\/posts\/4111\/revisions"}],"predecessor-version":[{"id":4168,"href":"https:\/\/www.salgotarjan.hu\/index.php?rest_route=\/wp\/v2\/posts\/4111\/revisions\/4168"}],"wp:attachment":[{"href":"https:\/\/www.salgotarjan.hu\/index.php?rest_route=%2Fwp%2Fv2%2Fmedia&parent=4111"}],"wp:term":[{"taxonomy":"category","embeddable":true,"href":"https:\/\/www.salgotarjan.hu\/index.php?rest_route=%2Fwp%2Fv2%2Fcategories&post=4111"},{"taxonomy":"post_tag","embeddable":true,"href":"https:\/\/www.salgotarjan.hu\/index.php?rest_route=%2Fwp%2Fv2%2Ftags&post=4111"}],"curies":[{"name":"wp","href":"https:\/\/api.w.org\/{rel}","templated":true}]}}