{"id":4108,"date":"2016-05-29T16:45:25","date_gmt":"2016-05-29T14:45:25","guid":{"rendered":"http:\/\/www.salgotarjan.hu\/?p=4108"},"modified":"2019-04-21T12:13:01","modified_gmt":"2019-04-21T10:13:01","slug":"koszoruzas-a-magyar-hosok-emlekunnepen","status":"publish","type":"post","link":"https:\/\/www.salgotarjan.hu\/?p=4108","title":{"rendered":"Koszor\u00faz\u00e1s a Magyar H\u0151s\u00f6k Eml\u00e9k\u00fcnnep\u00e9n"},"content":{"rendered":"<p><img loading=\"lazy\" decoding=\"async\" src=\"http:\/\/www.salgotarjan.hu\/wp-content\/uploads\/20160529_magyarhosok-1.jpg\" alt=\"20160529_magyarhosok\" width=\"480\" height=\"721\" class=\"alignnone size-full wp-image-4109\" srcset=\"https:\/\/www.salgotarjan.hu\/wp-content\/uploads\/20160529_magyarhosok-1.jpg 480w, https:\/\/www.salgotarjan.hu\/wp-content\/uploads\/20160529_magyarhosok-1-200x300.jpg 200w\" sizes=\"auto, (max-width: 480px) 100vw, 480px\" \/><\/p>\n<p>A Magyar H\u0151s\u00f6k Eml\u00e9knapj\u00e1nak eredete az 1917. \u00e9vi VIII. t\u00f6rv\u00e9nyre vezethet\u0151 vissza, amely arra k\u00f6telezett minden k\u00f6zs\u00e9get, hogy m\u00e9lt\u00f3 eml\u00e9ket \u00e1ll\u00edtson elesett h\u0151seinek. A magyar h\u0151s\u00f6k eml\u00e9k\u00e9nek meg\u00f6r\u00f6k\u00edt\u00e9s\u00e9r\u0151l \u00e9s a magyar h\u0151s\u00f6k eml\u00e9k\u00fcnnep\u00e9r\u0151l sz\u00f3l\u00f3 2001. \u00e9vi t\u00f6rv\u00e9ny nyilv\u00e1n\u00edtotta ism\u00e9t a magyar h\u0151s\u00f6k eml\u00e9k\u00fcnnep\u00e9v\u00e9 minden esztend\u0151 m\u00e1jus\u00e1nak utols\u00f3 vas\u00e1rnapj\u00e1t.<\/p>\n<p>Ez alkalomb\u00f3l 2016. m\u00e1jus 29-\u00e9n rendezt\u00e9k meg a salg\u00f3tarj\u00e1ni v\u00e1rosi koszor\u00faz\u00e1si megeml\u00e9kez\u00e9st az Ac\u00e9lgy\u00e1ri \u00faton l\u00e9v\u0151 Millenniumi eml\u00e9km\u0171n\u00e9l, ahol D\u00e1niel Zolt\u00e1n alpolg\u00e1rmester mondott \u00fcnnepi besz\u00e9det.<\/p>\n<p>Az 1917-ben t\u00f6rv\u00e9nybe foglalt \u00fcnnepet 1945-t\u0151l nem tartott\u00e1k meg, majd 2001-ben ism\u00e9t hivatalosan \u00fcnnepp\u00e9 nyilv\u00e1n\u00edtott\u00e1k. Az eml\u00e9knap azoknak a n\u00e9vtelen h\u0151s\u00f6knek \u00e1ll\u00edt eml\u00e9ket, akik Szent Istv\u00e1n \u00f3ta \u00e9let\u00fcket \u00e1ldozt\u00e1k a haz\u00e1\u00e9rt.<\/p>\n","protected":false},"excerpt":{"rendered":"<p>A Magyar H\u0151s\u00f6k Eml\u00e9knapj\u00e1nak eredete az 1917. \u00e9vi VIII. t\u00f6rv\u00e9nyre vezethet\u0151 vissza, amely arra k\u00f6telezett minden k\u00f6zs\u00e9get, hogy m\u00e9lt\u00f3 eml\u00e9ket \u00e1ll\u00edtson elesett h\u0151seinek. A magyar h\u0151s\u00f6k eml\u00e9k\u00e9nek meg\u00f6r\u00f6k\u00edt\u00e9s\u00e9r\u0151l \u00e9s a magyar h\u0151s\u00f6k eml\u00e9k\u00fcnnep\u00e9r\u0151l sz\u00f3l\u00f3 2001. \u00e9vi t\u00f6rv\u00e9ny nyilv\u00e1n\u00edtotta ism\u00e9t a magyar h\u0151s\u00f6k eml\u00e9k\u00fcnnep\u00e9v\u00e9 minden esztend\u0151 m\u00e1jus\u00e1nak utols\u00f3 vas\u00e1rnapj\u00e1t. Ez alkalomb\u00f3l 2016. m\u00e1jus 29-\u00e9n rendezt\u00e9k meg &#8230; <a title=\"Koszor\u00faz\u00e1s a Magyar H\u0151s\u00f6k Eml\u00e9k\u00fcnnep\u00e9n\" class=\"read-more\" href=\"https:\/\/www.salgotarjan.hu\/?p=4108\" aria-label=\"Read more about Koszor\u00faz\u00e1s a Magyar H\u0151s\u00f6k Eml\u00e9k\u00fcnnep\u00e9n\">Olvass tov\u00e1bb<\/a><\/p>\n","protected":false},"author":7,"featured_media":0,"comment_status":"closed","ping_status":"closed","sticky":false,"template":"","format":"standard","meta":{"footnotes":""},"categories":[1,10],"tags":[],"class_list":["post-4108","post","type-post","status-publish","format-standard","hentry","category-egyebek","category-hirek-aktualitasok"],"_links":{"self":[{"href":"https:\/\/www.salgotarjan.hu\/index.php?rest_route=\/wp\/v2\/posts\/4108","targetHints":{"allow":["GET"]}}],"collection":[{"href":"https:\/\/www.salgotarjan.hu\/index.php?rest_route=\/wp\/v2\/posts"}],"about":[{"href":"https:\/\/www.salgotarjan.hu\/index.php?rest_route=\/wp\/v2\/types\/post"}],"author":[{"embeddable":true,"href":"https:\/\/www.salgotarjan.hu\/index.php?rest_route=\/wp\/v2\/users\/7"}],"replies":[{"embeddable":true,"href":"https:\/\/www.salgotarjan.hu\/index.php?rest_route=%2Fwp%2Fv2%2Fcomments&post=4108"}],"version-history":[{"count":2,"href":"https:\/\/www.salgotarjan.hu\/index.php?rest_route=\/wp\/v2\/posts\/4108\/revisions"}],"predecessor-version":[{"id":4131,"href":"https:\/\/www.salgotarjan.hu\/index.php?rest_route=\/wp\/v2\/posts\/4108\/revisions\/4131"}],"wp:attachment":[{"href":"https:\/\/www.salgotarjan.hu\/index.php?rest_route=%2Fwp%2Fv2%2Fmedia&parent=4108"}],"wp:term":[{"taxonomy":"category","embeddable":true,"href":"https:\/\/www.salgotarjan.hu\/index.php?rest_route=%2Fwp%2Fv2%2Fcategories&post=4108"},{"taxonomy":"post_tag","embeddable":true,"href":"https:\/\/www.salgotarjan.hu\/index.php?rest_route=%2Fwp%2Fv2%2Ftags&post=4108"}],"curies":[{"name":"wp","href":"https:\/\/api.w.org\/{rel}","templated":true}]}}