{"id":4095,"date":"2016-05-26T21:33:34","date_gmt":"2016-05-26T19:33:34","guid":{"rendered":"http:\/\/www.salgotarjan.hu\/?p=4095"},"modified":"2019-04-21T12:13:01","modified_gmt":"2019-04-21T10:13:01","slug":"koszontes-es-elismeresek-atadasa-a-varosi-pedagogusnapon","status":"publish","type":"post","link":"https:\/\/www.salgotarjan.hu\/?p=4095","title":{"rendered":"K\u00f6sz\u00f6nt\u00e9s \u00e9s elismer\u00e9sek \u00e1tad\u00e1sa a v\u00e1rosi pedag\u00f3gusnapon"},"content":{"rendered":"<p>J\u00fanius els\u0151 vas\u00e1rnapja 1951 \u00f3ta a pedag\u00f3gusok \u00fcnnepe. A k\u00f6zelg\u0151 pedag\u00f3gusnap alkalm\u00e1b\u00f3l 2016. m\u00e1jus 25-\u00e9n az Apoll\u00f3 Centrumban ker\u00fclt sor a v\u00e1rosi \u00fcnneps\u00e9gre, melyen Fekete Zsolt polg\u00e1rmester \u00e9s Husz\u00e1r M\u00e1t\u00e9 alpolg\u00e1rmester adta \u00e1t a vas, gy\u00e9m\u00e1nt \u00e9s arany d\u00edszokleveleket azoknak a pedag\u00f3gusoknak, akik 50, 60, illetve 65 \u00e9vvel ezel\u0151tt vett\u00e9k \u00e1t diplom\u00e1jukat, \u00e9s \u00e9letp\u00e1ly\u00e1jukkal kifejezt\u00e9k elk\u00f6telezetts\u00e9g\u00fcket a pedag\u00f3gus \u00e9lethivat\u00e1s mellett. A rendezv\u00e9nyen adt\u00e1k \u00e1t a Csiki Jol\u00e1n \u00e9s Csiki M\u00e1ria Alap\u00edtv\u00e1ny, a Szlivka L\u00e1szl\u00f3 Alap\u00edtv\u00e1ny elismer\u00e9seit, valamint a Pedag\u00f3gus Szolg\u00e1lati Eml\u00e9k\u00e9rmeket is.<\/p>\n<p>Salg\u00f3tarj\u00e1n Megyei Jog\u00fa V\u00e1ros \u00d6nkorm\u00e1nyzata lehet\u0151s\u00e9gei szerint r\u00e9szt vesz \u00e9s t\u00e1mogatja az oktat\u00e1si-nevel\u00e9si int\u00e9zm\u00e9nyekben szervezett programokat, kezdem\u00e9nyez\u00e9seket, s term\u00e9szetesen k\u00f6telezetts\u00e9g\u00e9b\u0151l fakad\u00f3an m\u0171k\u00f6d\u00e9s\u00fcket is. Az \u00f6nkorm\u00e1nyzat ugyancsak fontosnak tartja a legkiv\u00e1l\u00f3bb pedag\u00f3giai munk\u00e1t v\u00e9gz\u0151 szakemberek, valamint az iskol\u00e1k di\u00e1kjainak elismer\u00e9s\u00e9t a v\u00e1ros d\u00edjaival \u00e9s kit\u00fcntet\u00e9seivel.<\/p>\n<p><img loading=\"lazy\" decoding=\"async\" src=\"http:\/\/www.salgotarjan.hu\/wp-content\/uploads\/20160526_pedagogusnap.jpg\" alt=\"20160526_pedagogusnap\" width=\"480\" height=\"266\" class=\"alignnone size-full wp-image-4125\" srcset=\"https:\/\/www.salgotarjan.hu\/wp-content\/uploads\/20160526_pedagogusnap.jpg 480w, https:\/\/www.salgotarjan.hu\/wp-content\/uploads\/20160526_pedagogusnap-300x166.jpg 300w\" sizes=\"auto, (max-width: 480px) 100vw, 480px\" \/><\/p>\n<p>A 2016. \u00e9vi v\u00e1rosi \u00fcnneps\u00e9gen a k\u00f6vetkez\u0151 pedag\u00f3gusok kaptak elismer\u00e9st:<\/p>\n<p><strong>Vas d\u00edszoklev\u00e9l<\/strong> (65 \u00e9vvel ezel\u0151tt szerzett diploma): Cz\u00e9g\u00e9ny S\u00e1ndorn\u00e9 (M\u00e1tay M\u00e1ria), Erhardt Tiborn\u00e9 (Kurucz Margit).<\/p>\n<p><strong>Gy\u00e9m\u00e1nt d\u00edszoklev\u00e9l<\/strong> (60 \u00e9vvel ezel\u0151tt szerzett diploma): Cseh Adolfn\u00e9 (Wagner Margit), Falati Mih\u00e1lyn\u00e9 (Elek Erzs\u00e9bet), G\u00e9czy Tiborn\u00e9 (Birincsik Erzs\u00e9bet), Hars\u00e1nyi J\u00f3zsefn\u00e9 (Soproni Roz\u00e1lia), Marek Alad\u00e1rn\u00e9 (Omaszta Ilona), S\u00e1ndor Istv\u00e1nn\u00e9 (Wingler \u00c9va), Scholtz L\u00e1szl\u00f3n\u00e9 (N\u00e9meth Katalin), Antal G\u00e1bor Attila, Saxinger Gyul\u00e1n\u00e9 (Gere Ilona), Szepesi Antal.<\/p>\n<p><strong>Arany d\u00edszoklev\u00e9l<\/strong> (50 \u00e9vvel ezel\u0151tt szerzett diploma): Dr. B\u00e9res Istv\u00e1nn\u00e9 (Hagara M\u00e1ria Magdona), G\u0151z S\u00e1ndor Gy\u00f6rgyn\u00e9 (Farkas Gabriella), K\u00e9rin\u00e9 Farkas Gabriella, Kondacs Anna, Konti Ferencn\u00e9 (Rozmaring Ildik\u00f3), T\u00e1las Mikl\u00f3sn\u00e9 (T\u00f3th Ir\u00e9n), Dr. T\u00f3th Istv\u00e1nn\u00e9 (Antal Magdolna Olga), T\u00f3tokn\u00e9 Bozsik \u00c9va, B\u00e1sti B\u00e9la, Gugi L\u00e1szl\u00f3,<\/p>\n<p><strong>Nyug\u00e1llom\u00e1nyba vonul\u00e1sa alkalm\u00e1b\u00f3l<\/strong> az Emberi Er\u0151forr\u00e1sok Miniszt\u00e9riuma Pedag\u00f3gus Szolg\u00e1lati Eml\u00e9k\u00e9rm\u00e9t kapta: K\u00e9kesi \u00c9va, Horv\u00e1th Istv\u00e1nn\u00e9 (Belv\u00e1ri Marianna Eszter), Ozsv\u00e1rtn\u00e9 Marcsok Katalin, Sz\u0151ll\u0151s Katalin, Sz\u0151nyin\u00e9 S\u00e1ri \u00c9va.<\/p>\n<p>A <strong>Csiki Jol\u00e1n \u00e9s Csiki M\u00e1ria Alap\u00edtv\u00e1ny d\u00edj\u00e1t<\/strong> a Salg\u00f3tarj\u00e1ni \u00c1ltal\u00e1nos Iskola Dornyay B\u00e9la Tagiskol\u00e1ja als\u00f3s munkak\u00f6z\u00f6ss\u00e9ge kapta.<\/p>\n<p>A <strong>Szlivka L\u00e1szl\u00f3 Alap\u00edtv\u00e1ny elismer\u00e9s\u00e9t<\/strong> V\u00e1l\u00f3czi Erik\u00e1nak, a Salg\u00f3tarj\u00e1ni \u00c1ltal\u00e1nos Iskola Kod\u00e1ly Zolt\u00e1n Tagiskola tan\u00edt\u00f3j\u00e1nak adt\u00e1k \u00e1t.<\/p>\n","protected":false},"excerpt":{"rendered":"<p>J\u00fanius els\u0151 vas\u00e1rnapja 1951 \u00f3ta a pedag\u00f3gusok \u00fcnnepe. A k\u00f6zelg\u0151 pedag\u00f3gusnap alkalm\u00e1b\u00f3l 2016. m\u00e1jus 25-\u00e9n az Apoll\u00f3 Centrumban ker\u00fclt sor a v\u00e1rosi \u00fcnneps\u00e9gre, melyen Fekete Zsolt polg\u00e1rmester \u00e9s Husz\u00e1r M\u00e1t\u00e9 alpolg\u00e1rmester adta \u00e1t a vas, gy\u00e9m\u00e1nt \u00e9s arany d\u00edszokleveleket azoknak a pedag\u00f3gusoknak, akik 50, 60, illetve 65 \u00e9vvel ezel\u0151tt vett\u00e9k \u00e1t diplom\u00e1jukat, \u00e9s \u00e9letp\u00e1ly\u00e1jukkal kifejezt\u00e9k &#8230; <a title=\"K\u00f6sz\u00f6nt\u00e9s \u00e9s elismer\u00e9sek \u00e1tad\u00e1sa a v\u00e1rosi pedag\u00f3gusnapon\" class=\"read-more\" href=\"https:\/\/www.salgotarjan.hu\/?p=4095\" aria-label=\"Read more about K\u00f6sz\u00f6nt\u00e9s \u00e9s elismer\u00e9sek \u00e1tad\u00e1sa a v\u00e1rosi pedag\u00f3gusnapon\">Olvass tov\u00e1bb<\/a><\/p>\n","protected":false},"author":7,"featured_media":0,"comment_status":"closed","ping_status":"closed","sticky":false,"template":"","format":"standard","meta":{"footnotes":""},"categories":[1,10],"tags":[],"class_list":["post-4095","post","type-post","status-publish","format-standard","hentry","category-egyebek","category-hirek-aktualitasok"],"_links":{"self":[{"href":"https:\/\/www.salgotarjan.hu\/index.php?rest_route=\/wp\/v2\/posts\/4095","targetHints":{"allow":["GET"]}}],"collection":[{"href":"https:\/\/www.salgotarjan.hu\/index.php?rest_route=\/wp\/v2\/posts"}],"about":[{"href":"https:\/\/www.salgotarjan.hu\/index.php?rest_route=\/wp\/v2\/types\/post"}],"author":[{"embeddable":true,"href":"https:\/\/www.salgotarjan.hu\/index.php?rest_route=\/wp\/v2\/users\/7"}],"replies":[{"embeddable":true,"href":"https:\/\/www.salgotarjan.hu\/index.php?rest_route=%2Fwp%2Fv2%2Fcomments&post=4095"}],"version-history":[{"count":2,"href":"https:\/\/www.salgotarjan.hu\/index.php?rest_route=\/wp\/v2\/posts\/4095\/revisions"}],"predecessor-version":[{"id":4126,"href":"https:\/\/www.salgotarjan.hu\/index.php?rest_route=\/wp\/v2\/posts\/4095\/revisions\/4126"}],"wp:attachment":[{"href":"https:\/\/www.salgotarjan.hu\/index.php?rest_route=%2Fwp%2Fv2%2Fmedia&parent=4095"}],"wp:term":[{"taxonomy":"category","embeddable":true,"href":"https:\/\/www.salgotarjan.hu\/index.php?rest_route=%2Fwp%2Fv2%2Fcategories&post=4095"},{"taxonomy":"post_tag","embeddable":true,"href":"https:\/\/www.salgotarjan.hu\/index.php?rest_route=%2Fwp%2Fv2%2Ftags&post=4095"}],"curies":[{"name":"wp","href":"https:\/\/api.w.org\/{rel}","templated":true}]}}