{"id":4085,"date":"2016-05-25T22:32:51","date_gmt":"2016-05-25T20:32:51","guid":{"rendered":"http:\/\/www.salgotarjan.hu\/?p=4085"},"modified":"2019-04-21T12:13:01","modified_gmt":"2019-04-21T10:13:01","slug":"megmozdult-a-varos-a-kihivas-napjan","status":"publish","type":"post","link":"https:\/\/www.salgotarjan.hu\/?p=4085","title":{"rendered":"Megmozdult a v\u00e1ros a Kih\u00edv\u00e1s Napj\u00e1n"},"content":{"rendered":"<p><img loading=\"lazy\" decoding=\"async\" src=\"http:\/\/www.salgotarjan.hu\/wp-content\/uploads\/20160525_kihivas_1.jpg\" alt=\"20160525_kihivas_1\" width=\"480\" height=\"330\" class=\"alignnone size-full wp-image-4075\" srcset=\"https:\/\/www.salgotarjan.hu\/wp-content\/uploads\/20160525_kihivas_1.jpg 480w, https:\/\/www.salgotarjan.hu\/wp-content\/uploads\/20160525_kihivas_1-300x206.jpg 300w\" sizes=\"auto, (max-width: 480px) 100vw, 480px\" \/><\/p>\n<p>A Kih\u00edv\u00e1s Napja 1982-ben indult Kanad\u00e1b\u00f3l, majd r\u00f6vid id\u0151n bel\u00fcl meghonosodott szerte a nagyvil\u00e1gban, 1991-ben pedig Magyarorsz\u00e1gra is meg\u00e9rkezett. A Kih\u00edv\u00e1s Napj\u00e1nak c\u00e9lja az, hogy kedvet teremtsen a mozg\u00e1shoz, az eg\u00e9szs\u00e9ges \u00e9letm\u00f3dhoz &#8211; ez\u00e9rt t\u00e1mogatj\u00e1k olimpikonjaink, sportkiv\u00e1l\u00f3s\u00e1gaink is szem\u00e9lyes r\u00e9szv\u00e9tel\u00fckkel ezt az orsz\u00e1gos esem\u00e9nyt.<\/p>\n<p>2016. m\u00e1jus 25-\u00e9n, az idei Kih\u00edv\u00e1s Napj\u00e1n \u00fajra mozg\u00e1sba lend\u00fclt Salg\u00f3tarj\u00e1n. A d\u00e9lel\u0151tti \u00f3r\u00e1kban A F\u0151 t\u00e9ren F\u00e9legyh\u00e1zi \u00c9va  vezette a bemeleg\u00edt\u0151 torn\u00e1t, majd sorban k\u00f6vett\u00e9k egym\u00e1st a programok. \u00d3vod\u00e1soknak \u00e9s iskol\u00e1soknak rendeztek sorversenyt, volt streetball torna, judo edz\u00e9s, \u00edj\u00e1szat, capoeira \u00e9s t\u00e1ncsport-program is. A JAMKK klubterm\u00e9ben senior \u00e9s gerinc torn\u00e1ra, a sportcentrumban k\u00f6z\u00e9piskol\u00e1sok kisp\u00e1ly\u00e1s labdar\u00fag\u00f3torn\u00e1j\u00e1ra ker\u00fclt sor.<\/p>\n<p>A kih\u00edv\u00e1s 15 percnyi mozg\u00e1ssal teljes\u00edthet\u0151 volt. A tegnapi napon Salg\u00f3tarj\u00e1nban 83129 db 15 perces teljes\u00edt\u00e9s t\u00f6rt\u00e9nt, ezzel v\u00e1rosunk a 6. kateg\u00f3ri\u00e1ban Kazincbarcika m\u00f6g\u00f6tt a 2. helyen v\u00e9gzett.<\/p>\n<p>A nap folyam\u00e1n F\u0151 t\u00e9ri k\u00eds\u00e9r\u0151programok r\u00e9szek\u00e9nt eg\u00e9szs\u00e9g\u00fcgyi sz\u0171r\u00e9seket \u00e9s \u00e1llapot-felm\u00e9r\u00e9seket vehettek ig\u00e9nybe az \u00e9rdekl\u0151d\u0151k.<\/p>\n","protected":false},"excerpt":{"rendered":"<p>A Kih\u00edv\u00e1s Napja 1982-ben indult Kanad\u00e1b\u00f3l, majd r\u00f6vid id\u0151n bel\u00fcl meghonosodott szerte a nagyvil\u00e1gban, 1991-ben pedig Magyarorsz\u00e1gra is meg\u00e9rkezett. A Kih\u00edv\u00e1s Napj\u00e1nak c\u00e9lja az, hogy kedvet teremtsen a mozg\u00e1shoz, az eg\u00e9szs\u00e9ges \u00e9letm\u00f3dhoz &#8211; ez\u00e9rt t\u00e1mogatj\u00e1k olimpikonjaink, sportkiv\u00e1l\u00f3s\u00e1gaink is szem\u00e9lyes r\u00e9szv\u00e9tel\u00fckkel ezt az orsz\u00e1gos esem\u00e9nyt. 2016. m\u00e1jus 25-\u00e9n, az idei Kih\u00edv\u00e1s Napj\u00e1n \u00fajra mozg\u00e1sba lend\u00fclt Salg\u00f3tarj\u00e1n. &#8230; <a title=\"Megmozdult a v\u00e1ros a Kih\u00edv\u00e1s Napj\u00e1n\" class=\"read-more\" href=\"https:\/\/www.salgotarjan.hu\/?p=4085\" aria-label=\"Read more about Megmozdult a v\u00e1ros a Kih\u00edv\u00e1s Napj\u00e1n\">Olvass tov\u00e1bb<\/a><\/p>\n","protected":false},"author":7,"featured_media":0,"comment_status":"closed","ping_status":"closed","sticky":false,"template":"","format":"standard","meta":{"footnotes":""},"categories":[1,10],"tags":[],"class_list":["post-4085","post","type-post","status-publish","format-standard","hentry","category-egyebek","category-hirek-aktualitasok"],"_links":{"self":[{"href":"https:\/\/www.salgotarjan.hu\/index.php?rest_route=\/wp\/v2\/posts\/4085","targetHints":{"allow":["GET"]}}],"collection":[{"href":"https:\/\/www.salgotarjan.hu\/index.php?rest_route=\/wp\/v2\/posts"}],"about":[{"href":"https:\/\/www.salgotarjan.hu\/index.php?rest_route=\/wp\/v2\/types\/post"}],"author":[{"embeddable":true,"href":"https:\/\/www.salgotarjan.hu\/index.php?rest_route=\/wp\/v2\/users\/7"}],"replies":[{"embeddable":true,"href":"https:\/\/www.salgotarjan.hu\/index.php?rest_route=%2Fwp%2Fv2%2Fcomments&post=4085"}],"version-history":[{"count":3,"href":"https:\/\/www.salgotarjan.hu\/index.php?rest_route=\/wp\/v2\/posts\/4085\/revisions"}],"predecessor-version":[{"id":4088,"href":"https:\/\/www.salgotarjan.hu\/index.php?rest_route=\/wp\/v2\/posts\/4085\/revisions\/4088"}],"wp:attachment":[{"href":"https:\/\/www.salgotarjan.hu\/index.php?rest_route=%2Fwp%2Fv2%2Fmedia&parent=4085"}],"wp:term":[{"taxonomy":"category","embeddable":true,"href":"https:\/\/www.salgotarjan.hu\/index.php?rest_route=%2Fwp%2Fv2%2Fcategories&post=4085"},{"taxonomy":"post_tag","embeddable":true,"href":"https:\/\/www.salgotarjan.hu\/index.php?rest_route=%2Fwp%2Fv2%2Ftags&post=4085"}],"curies":[{"name":"wp","href":"https:\/\/api.w.org\/{rel}","templated":true}]}}