{"id":4027,"date":"2016-05-18T14:53:26","date_gmt":"2016-05-18T12:53:26","guid":{"rendered":"http:\/\/www.salgotarjan.hu\/?p=4027"},"modified":"2019-04-21T12:13:01","modified_gmt":"2019-04-21T10:13:01","slug":"celegyenesben-a-medvesi-fotos-maraton","status":"publish","type":"post","link":"https:\/\/www.salgotarjan.hu\/?p=4027","title":{"rendered":"C\u00e9legyenesben a Medvesi Fot\u00f3s Maraton"},"content":{"rendered":"<p><img loading=\"lazy\" decoding=\"async\" src=\"http:\/\/www.salgotarjan.hu\/wp-content\/uploads\/20160518_fotosmaraton.jpg\" alt=\"20160518_fotosmaraton\" width=\"480\" height=\"320\" class=\"alignnone size-full wp-image-4028\" srcset=\"https:\/\/www.salgotarjan.hu\/wp-content\/uploads\/20160518_fotosmaraton.jpg 480w, https:\/\/www.salgotarjan.hu\/wp-content\/uploads\/20160518_fotosmaraton-300x200.jpg 300w\" sizes=\"auto, (max-width: 480px) 100vw, 480px\" \/><\/p>\n<p>2016. j\u00fanius 3-5. k\u00f6z\u00f6tt imm\u00e1ron harmadik alkalommal v\u00e1rj\u00e1k a vil\u00e1g els\u0151 hat\u00e1ron \u00e1tny\u00fal\u00f3 geoparkj\u00e1ba az \u00e9rdekl\u0151d\u0151ket a Medvesi Fot\u00f3s Maraton esem\u00e9ny\u00e9re. A legjobbnak \u00edt\u00e9lt felv\u00e9teleiket id\u00e9n is fot\u00f3p\u00e1ly\u00e1zaton m\u00e9rethetik majd meg a r\u00e9sztvev\u0151k a szakmai zs\u0171ri el\u0151tt.<\/p>\n<p>A szervez\u0151k a r\u00e9sztvev\u0151knek 48 \u00f3r\u00e1n kereszt\u00fcl biztos\u00edtanak majd programokat annak \u00e9rdek\u00e9ben, hogy megismerj\u00e9k, felfedezz\u00e9k ennek a kev\u00e9ss\u00e9 ismert, ugyanakkor v\u00e1ltozatos, term\u00e9szeti \u00e9rt\u00e9kekben gazdag t\u00e1jnak, a Medves-vid\u00e9k\u00e9nek az \u00e9rt\u00e9keit. A program r\u00e9szek\u00e9nt \u00e9jszakai fot\u00f3z\u00e1sra is lehet\u0151s\u00e9g\u00fck ny\u00edlik, mely sor\u00e1n a rendez\u0151k kivil\u00e1g\u00edtj\u00e1k a k\u00f6z\u00e9pkori v\u00e1rromokat.<\/p>\n<p>2013-ban 53 p\u00e1ly\u00e1z\u00f3 t\u00f6bb mint 300 felv\u00e9tel\u00e9t nevezte az akkori fot\u00f3p\u00e1ly\u00e1zatra, m\u00edg 2014-ben m\u00e1r 86 r\u00e9sztvev\u0151 \u00e9lt a lehet\u0151s\u00e9ggel, \u00f6sszesen 402 p\u00e1lyam\u0171vel. A szakmai zs\u0171ri d\u00f6nt\u00e9se \u00e9s a k\u00f6z\u00f6ns\u00e9gszavaz\u00e1s alapj\u00e1n mindk\u00e9t \u00e9vben t\u00f6bb mint harminc felv\u00e9tel ker\u00fclt kiv\u00e1laszt\u00e1sra, melyek v\u00e1ndorki\u00e1ll\u00edt\u00e1s form\u00e1j\u00e1ban megfordultak t\u00f6bbek k\u00f6z\u00f6tt Salg\u00f3tarj\u00e1nban, Budapesten \u00e9s Ipolytarn\u00f3con is. Az els\u0151 Medvesi Fot\u00f3s Maraton v\u00e1logat\u00e1sa az eresztv\u00e9nyi Geopark Oktat\u00f3, Kutat\u00f3 \u00e9s Ir\u00e1ny\u00edt\u00f3 K\u00f6zpont k\u00f6z\u00f6ss\u00e9gi ter\u00e9ben tal\u00e1lt v\u00e9gleges otthonra, m\u00edg a m\u00e1sodik rendezv\u00e9ny fot\u00f3ki\u00e1ll\u00edt\u00e1sa a mai napig \u201e\u00faton van\u201d.<\/p>\n<p>A mostani p\u00e1ly\u00e1zatra a Medvesi Fot\u00f3s Maraton 48 \u00f3r\u00e1ja alatt, a program helysz\u00ednein, illetve a Medves \u00e9s a Medvesalja t\u00e9rs\u00e9g\u00e9ben k\u00e9sz\u00fclt olyan egyedi fotogr\u00e1fi\u00e1val lehet p\u00e1ly\u00e1zni, melynek szerz\u0151i jog\u00e1val korl\u00e1toz\u00e1s n\u00e9lk\u00fcl rendelkezik a p\u00e1ly\u00e1z\u00f3. A fot\u00f3k t\u00e9m\u00e1j\u00e1nak els\u0151sorban a Medves vid\u00e9k\u00e9nek t\u00e1ji, term\u00e9szeti, geol\u00f3giai soksz\u00edn\u0171s\u00e9g\u00e9nek, sz\u00e9ps\u00e9g\u00e9nek, ember \u00e9s t\u00e1j kapcsolat\u00e1nak, az itt \u00e9l\u0151 emberek bemutat\u00e1s\u00e1nak kell lennie.<\/p>\n","protected":false},"excerpt":{"rendered":"<p>2016. j\u00fanius 3-5. k\u00f6z\u00f6tt imm\u00e1ron harmadik alkalommal v\u00e1rj\u00e1k a vil\u00e1g els\u0151 hat\u00e1ron \u00e1tny\u00fal\u00f3 geoparkj\u00e1ba az \u00e9rdekl\u0151d\u0151ket a Medvesi Fot\u00f3s Maraton esem\u00e9ny\u00e9re. A legjobbnak \u00edt\u00e9lt felv\u00e9teleiket id\u00e9n is fot\u00f3p\u00e1ly\u00e1zaton m\u00e9rethetik majd meg a r\u00e9sztvev\u0151k a szakmai zs\u0171ri el\u0151tt. A szervez\u0151k a r\u00e9sztvev\u0151knek 48 \u00f3r\u00e1n kereszt\u00fcl biztos\u00edtanak majd programokat annak \u00e9rdek\u00e9ben, hogy megismerj\u00e9k, felfedezz\u00e9k ennek a kev\u00e9ss\u00e9 &#8230; <a title=\"C\u00e9legyenesben a Medvesi Fot\u00f3s Maraton\" class=\"read-more\" href=\"https:\/\/www.salgotarjan.hu\/?p=4027\" aria-label=\"Read more about C\u00e9legyenesben a Medvesi Fot\u00f3s Maraton\">Olvass tov\u00e1bb<\/a><\/p>\n","protected":false},"author":7,"featured_media":0,"comment_status":"closed","ping_status":"closed","sticky":false,"template":"","format":"standard","meta":{"footnotes":""},"categories":[1,10],"tags":[],"class_list":["post-4027","post","type-post","status-publish","format-standard","hentry","category-egyebek","category-hirek-aktualitasok"],"_links":{"self":[{"href":"https:\/\/www.salgotarjan.hu\/index.php?rest_route=\/wp\/v2\/posts\/4027","targetHints":{"allow":["GET"]}}],"collection":[{"href":"https:\/\/www.salgotarjan.hu\/index.php?rest_route=\/wp\/v2\/posts"}],"about":[{"href":"https:\/\/www.salgotarjan.hu\/index.php?rest_route=\/wp\/v2\/types\/post"}],"author":[{"embeddable":true,"href":"https:\/\/www.salgotarjan.hu\/index.php?rest_route=\/wp\/v2\/users\/7"}],"replies":[{"embeddable":true,"href":"https:\/\/www.salgotarjan.hu\/index.php?rest_route=%2Fwp%2Fv2%2Fcomments&post=4027"}],"version-history":[{"count":2,"href":"https:\/\/www.salgotarjan.hu\/index.php?rest_route=\/wp\/v2\/posts\/4027\/revisions"}],"predecessor-version":[{"id":4169,"href":"https:\/\/www.salgotarjan.hu\/index.php?rest_route=\/wp\/v2\/posts\/4027\/revisions\/4169"}],"wp:attachment":[{"href":"https:\/\/www.salgotarjan.hu\/index.php?rest_route=%2Fwp%2Fv2%2Fmedia&parent=4027"}],"wp:term":[{"taxonomy":"category","embeddable":true,"href":"https:\/\/www.salgotarjan.hu\/index.php?rest_route=%2Fwp%2Fv2%2Fcategories&post=4027"},{"taxonomy":"post_tag","embeddable":true,"href":"https:\/\/www.salgotarjan.hu\/index.php?rest_route=%2Fwp%2Fv2%2Ftags&post=4027"}],"curies":[{"name":"wp","href":"https:\/\/api.w.org\/{rel}","templated":true}]}}