{"id":4005,"date":"2016-05-13T14:36:43","date_gmt":"2016-05-13T12:36:43","guid":{"rendered":"http:\/\/www.salgotarjan.hu\/?p=4005"},"modified":"2019-04-21T12:13:01","modified_gmt":"2019-04-21T10:13:01","slug":"akinek-hite-volt-a-muveszet","status":"publish","type":"post","link":"https:\/\/www.salgotarjan.hu\/?p=4005","title":{"rendered":"Akinek hite volt a m\u0171v\u00e9szet"},"content":{"rendered":"<p>Czinke Ferenc fest\u0151m\u0171v\u00e9sz-grafikus sz\u00fclet\u00e9s\u00e9nek 90. \u00e9vfordul\u00f3j\u00e1n \u201eHitem a m\u0171v\u00e9szet\u201d c\u00edmmel 2016. m\u00e1jus 13-\u00e1n eml\u00e9kki\u00e1ll\u00edt\u00e1s ny\u00edlott a Dornyay B\u00e9la M\u00fazeumban.<\/p>\n<p>Czinke Ferenc 1926. okt\u00f3ber 20-\u00e1n sz\u00fcletett a bodrogk\u00f6zi Meszeske tany\u00e1n. 1964-t\u0151l a salg\u00f3tarj\u00e1ni Mad\u00e1ch Imre Gimn\u00e1zium tan\u00e1rak\u00e9nt dolgozott, majd a Bolyai J\u00e1nos Gimn\u00e1zium egyik alap\u00edt\u00f3 pedag\u00f3gusa lett. 1967-ben \u0151 alap\u00edtotta meg Magyarorsz\u00e1g els\u0151 iskolagal\u00e9ri\u00e1j\u00e1t, a Derkovits Gyula Iskolagal\u00e9ri\u00e1t.<br \/>\nP\u00e1ly\u00e1ja sor\u00e1n Czinke\u00a0Ferenc sz\u00e1mos m\u0171v\u00e9szi, szakmai elismer\u00e9st szerzett, \u00edgy egyebek mellett megkapta a Munk\u00e1csy-d\u00edjat, valamint azz\u00a0\u00c9rdemes m\u0171v\u00e9sz\u00a0\u00e9s\u00a0Kiv\u00e1l\u00f3 m\u0171v\u00e9sz\u00a0kit\u00fcntet\u00e9st is. Salg\u00f3tarj\u00e1n \u00e9s a Borsod-Aba\u00faj-Zempl\u00e9n megyei falu, P\u00e1cin d\u00edszpolg\u00e1ri c\u00edmmel ismerte el munk\u00e1ss\u00e1g\u00e1t. \u00c1lland\u00f3 ki\u00e1ll\u00edt\u00e1sa P\u00e1cinban l\u00e1that\u00f3.<br \/>\nPedag\u00f3giai \u00e9s m\u0171v\u00e9szi hitvall\u00e1sa szerencs\u00e9sen \u00f6tv\u00f6z\u0151d\u00f6tt egy\u00e9nis\u00e9g\u00e9ben. Szem\u00e9lyis\u00e9ge, m\u0171v\u00e9szete napjainkban is kimagasl\u00f3 p\u00e9ld\u00e1t ny\u00fajt, \u00e9rt\u00e9krendszere a j\u00f6v\u0151 sz\u00e1m\u00e1ra is pozit\u00edv \u00fczeneteket k\u00f6zvet\u00edt.<\/p>\n<p>A t\u00e1rlat megnyit\u00f3j\u00e1n Fekete Zsolt, Salg\u00f3tarj\u00e1n polg\u00e1rmestere k\u00f6sz\u00f6nt\u00f6tte a megjelenteket, majd megnyit\u00f3j\u00e1ban K. Pe\u00e1k Ildik\u00f3 m\u0171v\u00e9szett\u00f6rt\u00e9n\u00e9sz m\u00e9ltatta Czinke Ferenc munk\u00e1ss\u00e1g\u00e1t.<\/p>\n<p>A ki\u00e1ll\u00edt\u00e1s 2016.j\u00fanius 15-ig tekinthet\u0151 meg.<\/p>\n<p><img loading=\"lazy\" decoding=\"async\" src=\"http:\/\/www.salgotarjan.hu\/wp-content\/uploads\/20160513_czinke.jpg\" alt=\"20160513_czinke\" width=\"480\" height=\"319\" class=\"alignnone size-full wp-image-4006\" srcset=\"https:\/\/www.salgotarjan.hu\/wp-content\/uploads\/20160513_czinke.jpg 480w, https:\/\/www.salgotarjan.hu\/wp-content\/uploads\/20160513_czinke-300x199.jpg 300w\" sizes=\"auto, (max-width: 480px) 100vw, 480px\" \/><\/p>\n<p>Fekete Zsolt Shah Gabriell\u00e1val, a m\u00fazeum igazgat\u00f3j\u00e1val k\u00f6z\u00f6sen tekintette meg az alkot\u00e1sokat.<\/p>\n","protected":false},"excerpt":{"rendered":"<p>Czinke Ferenc fest\u0151m\u0171v\u00e9sz-grafikus sz\u00fclet\u00e9s\u00e9nek 90. \u00e9vfordul\u00f3j\u00e1n \u201eHitem a m\u0171v\u00e9szet\u201d c\u00edmmel 2016. m\u00e1jus 13-\u00e1n eml\u00e9kki\u00e1ll\u00edt\u00e1s ny\u00edlott a Dornyay B\u00e9la M\u00fazeumban. Czinke Ferenc 1926. okt\u00f3ber 20-\u00e1n sz\u00fcletett a bodrogk\u00f6zi Meszeske tany\u00e1n. 1964-t\u0151l a salg\u00f3tarj\u00e1ni Mad\u00e1ch Imre Gimn\u00e1zium tan\u00e1rak\u00e9nt dolgozott, majd a Bolyai J\u00e1nos Gimn\u00e1zium egyik alap\u00edt\u00f3 pedag\u00f3gusa lett. 1967-ben \u0151 alap\u00edtotta meg Magyarorsz\u00e1g els\u0151 iskolagal\u00e9ri\u00e1j\u00e1t, a Derkovits &#8230; <a title=\"Akinek hite volt a m\u0171v\u00e9szet\" class=\"read-more\" href=\"https:\/\/www.salgotarjan.hu\/?p=4005\" aria-label=\"Read more about Akinek hite volt a m\u0171v\u00e9szet\">Olvass tov\u00e1bb<\/a><\/p>\n","protected":false},"author":7,"featured_media":0,"comment_status":"closed","ping_status":"closed","sticky":false,"template":"","format":"standard","meta":{"footnotes":""},"categories":[1,10],"tags":[],"class_list":["post-4005","post","type-post","status-publish","format-standard","hentry","category-egyebek","category-hirek-aktualitasok"],"_links":{"self":[{"href":"https:\/\/www.salgotarjan.hu\/index.php?rest_route=\/wp\/v2\/posts\/4005","targetHints":{"allow":["GET"]}}],"collection":[{"href":"https:\/\/www.salgotarjan.hu\/index.php?rest_route=\/wp\/v2\/posts"}],"about":[{"href":"https:\/\/www.salgotarjan.hu\/index.php?rest_route=\/wp\/v2\/types\/post"}],"author":[{"embeddable":true,"href":"https:\/\/www.salgotarjan.hu\/index.php?rest_route=\/wp\/v2\/users\/7"}],"replies":[{"embeddable":true,"href":"https:\/\/www.salgotarjan.hu\/index.php?rest_route=%2Fwp%2Fv2%2Fcomments&post=4005"}],"version-history":[{"count":4,"href":"https:\/\/www.salgotarjan.hu\/index.php?rest_route=\/wp\/v2\/posts\/4005\/revisions"}],"predecessor-version":[{"id":4012,"href":"https:\/\/www.salgotarjan.hu\/index.php?rest_route=\/wp\/v2\/posts\/4005\/revisions\/4012"}],"wp:attachment":[{"href":"https:\/\/www.salgotarjan.hu\/index.php?rest_route=%2Fwp%2Fv2%2Fmedia&parent=4005"}],"wp:term":[{"taxonomy":"category","embeddable":true,"href":"https:\/\/www.salgotarjan.hu\/index.php?rest_route=%2Fwp%2Fv2%2Fcategories&post=4005"},{"taxonomy":"post_tag","embeddable":true,"href":"https:\/\/www.salgotarjan.hu\/index.php?rest_route=%2Fwp%2Fv2%2Ftags&post=4005"}],"curies":[{"name":"wp","href":"https:\/\/api.w.org\/{rel}","templated":true}]}}