{"id":3999,"date":"2016-05-11T11:00:19","date_gmt":"2016-05-11T09:00:19","guid":{"rendered":"http:\/\/www.salgotarjan.hu\/?p=3999"},"modified":"2019-04-21T12:13:01","modified_gmt":"2019-04-21T10:13:01","slug":"salgotarjan-kincsei","status":"publish","type":"post","link":"https:\/\/www.salgotarjan.hu\/?p=3999","title":{"rendered":"Salg\u00f3tarj\u00e1n kincsei"},"content":{"rendered":"<p><img loading=\"lazy\" decoding=\"async\" src=\"http:\/\/www.salgotarjan.hu\/wp-content\/uploads\/20160511_ovoda_megnyito1.jpg\" alt=\"20160511_ovoda_megnyito1\" width=\"480\" height=\"319\" class=\"alignnone size-full wp-image-4000\" srcset=\"https:\/\/www.salgotarjan.hu\/wp-content\/uploads\/20160511_ovoda_megnyito1.jpg 480w, https:\/\/www.salgotarjan.hu\/wp-content\/uploads\/20160511_ovoda_megnyito1-300x199.jpg 300w\" sizes=\"auto, (max-width: 480px) 100vw, 480px\" \/><\/p>\n<p>A Balassi B\u00e1lint K\u00f6nyvt\u00e1r B\u00f3na Kov\u00e1cs K\u00e1roly Gal\u00e9ri\u00e1j\u00e1ban ny\u00edlott ki\u00e1ll\u00edt\u00e1s a Salg\u00f3tarj\u00e1ni \u00d6sszevont \u00d3voda gyermekeinek alkot\u00e1saib\u00f3l.<\/p>\n<p>A most indul\u00f3, Salg\u00f3tarj\u00e1n kincsei sorozat keret\u00e9ben a j\u00f6v\u0151ben a v\u00e1ros tov\u00e1bbi int\u00e9zm\u00e9nyei mutatkoznak be a nagyk\u00f6z\u00f6ns\u00e9gnek. A 2016. m\u00e1jus 10-ik\u00e9t\u0151l l\u00e1togathat\u00f3 t\u00e1rlaton olyan alkot\u00e1sok, rajzok, festm\u00e9nyek, k\u00e9zm\u0171ves t\u00e1rgyak szerepelnek, amelyek az \u00f3vod\u00e1sok \u00e9s az \u00f3vodapedag\u00f3gusok k\u00f6z\u00f6s munk\u00e1j\u00e1t, egy\u00fcttes eredm\u00e9nyeit mutatj\u00e1k be.<\/p>\n<p><img loading=\"lazy\" decoding=\"async\" src=\"http:\/\/www.salgotarjan.hu\/wp-content\/uploads\/20160511_ovoda_megnyito2.jpg\" alt=\"20160511_ovoda_megnyito2\" width=\"480\" height=\"319\" class=\"alignnone size-full wp-image-4001\" srcset=\"https:\/\/www.salgotarjan.hu\/wp-content\/uploads\/20160511_ovoda_megnyito2.jpg 480w, https:\/\/www.salgotarjan.hu\/wp-content\/uploads\/20160511_ovoda_megnyito2-300x199.jpg 300w\" sizes=\"auto, (max-width: 480px) 100vw, 480px\" \/><\/p>\n<p>A megnyit\u00f3n mondott k\u00f6sz\u00f6nt\u0151j\u00e9ben D\u00e1niel Zolt\u00e1n, Salg\u00f3tarj\u00e1n alpolg\u00e1rmestere egyebek mellett hangs\u00falyozta: a ki\u00e1ll\u00edt\u00e1s a h\u00e9tk\u00f6znapokba enged bepillant\u00e1st, abba a felbecs\u00fclhetetlen jelent\u0151s\u00e9g\u0171 fejleszt\u0151-, nevel\u0151- \u00e9s oktat\u00f3munk\u00e1ba, amelyet az \u00f3v\u00f3n\u0151k, a dajk\u00e1k v\u00e9geznek. \u00c9s abba a titokzatos, k\u00fcl\u00f6nleges vil\u00e1gba, amelyet a gyermeki l\u00e1t\u00e1sm\u00f3d teremt meg. A t\u00e1rlat a k\u00f6nyvt\u00e1r nyitva tart\u00e1si idej\u00e9ben h\u00e9tk\u00f6znapokon tekinthet\u0151 meg. Aki teheti, n\u00e9zze meg a picik alkot\u00e1sait. \u00c9rdemes!<\/p>\n","protected":false},"excerpt":{"rendered":"<p>A Balassi B\u00e1lint K\u00f6nyvt\u00e1r B\u00f3na Kov\u00e1cs K\u00e1roly Gal\u00e9ri\u00e1j\u00e1ban ny\u00edlott ki\u00e1ll\u00edt\u00e1s a Salg\u00f3tarj\u00e1ni \u00d6sszevont \u00d3voda gyermekeinek alkot\u00e1saib\u00f3l. A most indul\u00f3, Salg\u00f3tarj\u00e1n kincsei sorozat keret\u00e9ben a j\u00f6v\u0151ben a v\u00e1ros tov\u00e1bbi int\u00e9zm\u00e9nyei mutatkoznak be a nagyk\u00f6z\u00f6ns\u00e9gnek. A 2016. m\u00e1jus 10-ik\u00e9t\u0151l l\u00e1togathat\u00f3 t\u00e1rlaton olyan alkot\u00e1sok, rajzok, festm\u00e9nyek, k\u00e9zm\u0171ves t\u00e1rgyak szerepelnek, amelyek az \u00f3vod\u00e1sok \u00e9s az \u00f3vodapedag\u00f3gusok k\u00f6z\u00f6s munk\u00e1j\u00e1t, egy\u00fcttes &#8230; <a title=\"Salg\u00f3tarj\u00e1n kincsei\" class=\"read-more\" href=\"https:\/\/www.salgotarjan.hu\/?p=3999\" aria-label=\"Read more about Salg\u00f3tarj\u00e1n kincsei\">Olvass tov\u00e1bb<\/a><\/p>\n","protected":false},"author":7,"featured_media":0,"comment_status":"closed","ping_status":"closed","sticky":false,"template":"","format":"standard","meta":{"footnotes":""},"categories":[1,10],"tags":[],"class_list":["post-3999","post","type-post","status-publish","format-standard","hentry","category-egyebek","category-hirek-aktualitasok"],"_links":{"self":[{"href":"https:\/\/www.salgotarjan.hu\/index.php?rest_route=\/wp\/v2\/posts\/3999","targetHints":{"allow":["GET"]}}],"collection":[{"href":"https:\/\/www.salgotarjan.hu\/index.php?rest_route=\/wp\/v2\/posts"}],"about":[{"href":"https:\/\/www.salgotarjan.hu\/index.php?rest_route=\/wp\/v2\/types\/post"}],"author":[{"embeddable":true,"href":"https:\/\/www.salgotarjan.hu\/index.php?rest_route=\/wp\/v2\/users\/7"}],"replies":[{"embeddable":true,"href":"https:\/\/www.salgotarjan.hu\/index.php?rest_route=%2Fwp%2Fv2%2Fcomments&post=3999"}],"version-history":[{"count":2,"href":"https:\/\/www.salgotarjan.hu\/index.php?rest_route=\/wp\/v2\/posts\/3999\/revisions"}],"predecessor-version":[{"id":4003,"href":"https:\/\/www.salgotarjan.hu\/index.php?rest_route=\/wp\/v2\/posts\/3999\/revisions\/4003"}],"wp:attachment":[{"href":"https:\/\/www.salgotarjan.hu\/index.php?rest_route=%2Fwp%2Fv2%2Fmedia&parent=3999"}],"wp:term":[{"taxonomy":"category","embeddable":true,"href":"https:\/\/www.salgotarjan.hu\/index.php?rest_route=%2Fwp%2Fv2%2Fcategories&post=3999"},{"taxonomy":"post_tag","embeddable":true,"href":"https:\/\/www.salgotarjan.hu\/index.php?rest_route=%2Fwp%2Fv2%2Ftags&post=3999"}],"curies":[{"name":"wp","href":"https:\/\/api.w.org\/{rel}","templated":true}]}}