{"id":3989,"date":"2016-05-09T18:17:22","date_gmt":"2016-05-09T16:17:22","guid":{"rendered":"http:\/\/www.salgotarjan.hu\/?p=3989"},"modified":"2019-04-21T12:13:01","modified_gmt":"2019-04-21T10:13:01","slug":"megemlekezes-a-gyozelem-napjan","status":"publish","type":"post","link":"https:\/\/www.salgotarjan.hu\/?p=3989","title":{"rendered":"Megeml\u00e9kez\u00e9s a Gy\u0151zelem Napj\u00e1n"},"content":{"rendered":"<p><img loading=\"lazy\" decoding=\"async\" src=\"http:\/\/www.salgotarjan.hu\/wp-content\/uploads\/20160509_koszoruzas.jpg\" alt=\"20160509_koszoruzas\" width=\"480\" height=\"319\" class=\"alignnone size-full wp-image-3990\" srcset=\"https:\/\/www.salgotarjan.hu\/wp-content\/uploads\/20160509_koszoruzas.jpg 480w, https:\/\/www.salgotarjan.hu\/wp-content\/uploads\/20160509_koszoruzas-300x199.jpg 300w\" sizes=\"auto, (max-width: 480px) 100vw, 480px\" \/><\/p>\n<p>Eur\u00f3pa szerte m\u00e1jus 8-\u00e1n \u00e9s 9-\u00e9n \u00fcnneplik a m\u00e1sodik vil\u00e1gh\u00e1bor\u00fa befejez\u00e9s\u00e9nek eml\u00e9knapj\u00e1t, amikor N\u00e9metorsz\u00e1g 1945-ben felt\u00e9tel n\u00e9lk\u00fcl megadta mag\u00e1t.<br \/>\nAz a h\u00e1bor\u00fa z\u00e1rult le 71 \u00e9vvel ezel\u0151tt, amely a t\u00f6rt\u00e9nelem sor\u00e1n a legt\u00f6bb hal\u00e1los \u00e1ldozatot k\u00f6vetelte. Az \u00e9rtelmetlen puszt\u00edt\u00e1s sor\u00e1n t\u00f6bb n\u00e9pcsoportot m\u00f3dszeresen irtottak, k\u00f6z\u00fcl\u00fck kiemelkedik a t\u00f6bb milli\u00f3 zsid\u00f3 sz\u00e1rmaz\u00e1s\u00fa ember hal\u00e1l\u00e1t jelent\u0151 holokauszt.<br \/>\nA m\u00e1sodik vil\u00e1gh\u00e1bor\u00fa politikai, t\u00e1rsadalmi \u00e9s emberi tanuls\u00e1gai p\u00e9ldak\u00e9nt \u00e1llnak a ma embere el\u0151tt, hogy ehhez hasonl\u00f3 trag\u00e9dia soha t\u00f6bb\u00e9 ne t\u00f6rt\u00e9njen. Ugyanakkor \u00fcnnep a Gy\u0151zelem Napja, hiszen a hat \u00e9ven \u00e1t elh\u00faz\u00f3d\u00f3 puszt\u00edt\u00e1s ut\u00e1n a politikai \u00f6nk\u00e9ny \u00e9s a zsarnoks\u00e1g al\u00f3l szabadult meg Eur\u00f3pa.<\/p>\n<p>Salg\u00f3tarj\u00e1nban 2016. m\u00e1jus 9-\u00e9n \u2013 a hagyom\u00e1nyoknak megfelel\u0151en \u2013 a Tarj\u00e1n Vend\u00e9gl\u0151 \u00e9s Rendezv\u00e9nyh\u00e1z mellett, V\u00edgh Tam\u00e1s szobr\u00e1szm\u0171v\u00e9sz: A szarvas gy\u0151zelme elnevez\u00e9s\u0171 szobr\u00e1n\u00e1l ker\u00fclt sor a megeml\u00e9kez\u00e9sre. Itt a v\u00e1ros vezet\u00e9s\u00e9nek k\u00e9pviselet\u00e9ben D\u00e1niel Zolt\u00e1n \u00e9s Husz\u00e1r M\u00e1t\u00e9 alpolg\u00e1rmesterek helyezt\u00e9k el az eml\u00e9kez\u00e9s vir\u00e1gait.<\/p>\n","protected":false},"excerpt":{"rendered":"<p>Eur\u00f3pa szerte m\u00e1jus 8-\u00e1n \u00e9s 9-\u00e9n \u00fcnneplik a m\u00e1sodik vil\u00e1gh\u00e1bor\u00fa befejez\u00e9s\u00e9nek eml\u00e9knapj\u00e1t, amikor N\u00e9metorsz\u00e1g 1945-ben felt\u00e9tel n\u00e9lk\u00fcl megadta mag\u00e1t. Az a h\u00e1bor\u00fa z\u00e1rult le 71 \u00e9vvel ezel\u0151tt, amely a t\u00f6rt\u00e9nelem sor\u00e1n a legt\u00f6bb hal\u00e1los \u00e1ldozatot k\u00f6vetelte. Az \u00e9rtelmetlen puszt\u00edt\u00e1s sor\u00e1n t\u00f6bb n\u00e9pcsoportot m\u00f3dszeresen irtottak, k\u00f6z\u00fcl\u00fck kiemelkedik a t\u00f6bb milli\u00f3 zsid\u00f3 sz\u00e1rmaz\u00e1s\u00fa ember hal\u00e1l\u00e1t jelent\u0151 holokauszt. &#8230; <a title=\"Megeml\u00e9kez\u00e9s a Gy\u0151zelem Napj\u00e1n\" class=\"read-more\" href=\"https:\/\/www.salgotarjan.hu\/?p=3989\" aria-label=\"Read more about Megeml\u00e9kez\u00e9s a Gy\u0151zelem Napj\u00e1n\">Olvass tov\u00e1bb<\/a><\/p>\n","protected":false},"author":7,"featured_media":0,"comment_status":"closed","ping_status":"closed","sticky":false,"template":"","format":"standard","meta":{"footnotes":""},"categories":[1,10],"tags":[],"class_list":["post-3989","post","type-post","status-publish","format-standard","hentry","category-egyebek","category-hirek-aktualitasok"],"_links":{"self":[{"href":"https:\/\/www.salgotarjan.hu\/index.php?rest_route=\/wp\/v2\/posts\/3989","targetHints":{"allow":["GET"]}}],"collection":[{"href":"https:\/\/www.salgotarjan.hu\/index.php?rest_route=\/wp\/v2\/posts"}],"about":[{"href":"https:\/\/www.salgotarjan.hu\/index.php?rest_route=\/wp\/v2\/types\/post"}],"author":[{"embeddable":true,"href":"https:\/\/www.salgotarjan.hu\/index.php?rest_route=\/wp\/v2\/users\/7"}],"replies":[{"embeddable":true,"href":"https:\/\/www.salgotarjan.hu\/index.php?rest_route=%2Fwp%2Fv2%2Fcomments&post=3989"}],"version-history":[{"count":2,"href":"https:\/\/www.salgotarjan.hu\/index.php?rest_route=\/wp\/v2\/posts\/3989\/revisions"}],"predecessor-version":[{"id":3993,"href":"https:\/\/www.salgotarjan.hu\/index.php?rest_route=\/wp\/v2\/posts\/3989\/revisions\/3993"}],"wp:attachment":[{"href":"https:\/\/www.salgotarjan.hu\/index.php?rest_route=%2Fwp%2Fv2%2Fmedia&parent=3989"}],"wp:term":[{"taxonomy":"category","embeddable":true,"href":"https:\/\/www.salgotarjan.hu\/index.php?rest_route=%2Fwp%2Fv2%2Fcategories&post=3989"},{"taxonomy":"post_tag","embeddable":true,"href":"https:\/\/www.salgotarjan.hu\/index.php?rest_route=%2Fwp%2Fv2%2Ftags&post=3989"}],"curies":[{"name":"wp","href":"https:\/\/api.w.org\/{rel}","templated":true}]}}