{"id":3981,"date":"2016-05-09T10:11:21","date_gmt":"2016-05-09T08:11:21","guid":{"rendered":"http:\/\/www.salgotarjan.hu\/?p=3981"},"modified":"2019-04-21T12:13:01","modified_gmt":"2019-04-21T10:13:01","slug":"salgotarjan-emlekermet-kapott-berki-tamas","status":"publish","type":"post","link":"https:\/\/www.salgotarjan.hu\/?p=3981","title":{"rendered":"Salg\u00f3tarj\u00e1n Eml\u00e9k\u00e9rmet kapott Berki Tam\u00e1s"},"content":{"rendered":"<p><img loading=\"lazy\" decoding=\"async\" src=\"http:\/\/www.salgotarjan.hu\/wp-content\/uploads\/20160509_berki.jpg\" alt=\"20160509_berki\" width=\"480\" height=\"532\" class=\"alignnone size-full wp-image-3982\" srcset=\"https:\/\/www.salgotarjan.hu\/wp-content\/uploads\/20160509_berki.jpg 480w, https:\/\/www.salgotarjan.hu\/wp-content\/uploads\/20160509_berki-271x300.jpg 271w\" sizes=\"auto, (max-width: 480px) 100vw, 480px\" \/><\/p>\n<p>A 2016. m\u00e1jus 6-8. k\u00f6z\u00f6tt megrendezett 32. Nemzetk\u00f6zi Dixieland Fesztiv\u00e1lon \u00fajra a salg\u00f3tarj\u00e1ni sz\u00ednpadra l\u00e9pett Berki Tam\u00e1s, aki n\u00e9lk\u00fcl hossz\u00fa \u00e9vek \u00f3ta elk\u00e9pzelhetetlen a zenei program.<\/p>\n<p>A zen\u00e9sz- zeneszerz\u0151 hossz\u00fa id\u0151n \u00e1t sz\u00f3listak\u00e9nt l\u00e9pett fel a fesztiv\u00e1lon a Benk\u00f3 Dixieland Banddel. Ez\u00fattal a Moln\u00e1r Dixieland Banddel sz\u00f3rakoztatta a zenekedvel\u0151 salg\u00f3tarj\u00e1ni k\u00f6z\u00f6ns\u00e9get.<\/p>\n<p>Az esem\u00e9nyen \u2013 a fell\u00e9p\u00e9seivel a dixieland fesztiv\u00e1l h\u00edrnev\u00e9t er\u0151s\u00edt\u0151 \u2013 Berki Tam\u00e1snak k\u00f6zelg\u0151 70. sz\u00fclet\u00e9snapja alkalm\u00e1b\u00f3l Fekete Zsolt polg\u00e1rmester Salg\u00f3tarj\u00e1n Eml\u00e9k\u00e9rem elismer\u00e9st adott \u00e1t.<\/p>\n","protected":false},"excerpt":{"rendered":"<p>A 2016. m\u00e1jus 6-8. k\u00f6z\u00f6tt megrendezett 32. Nemzetk\u00f6zi Dixieland Fesztiv\u00e1lon \u00fajra a salg\u00f3tarj\u00e1ni sz\u00ednpadra l\u00e9pett Berki Tam\u00e1s, aki n\u00e9lk\u00fcl hossz\u00fa \u00e9vek \u00f3ta elk\u00e9pzelhetetlen a zenei program. A zen\u00e9sz- zeneszerz\u0151 hossz\u00fa id\u0151n \u00e1t sz\u00f3listak\u00e9nt l\u00e9pett fel a fesztiv\u00e1lon a Benk\u00f3 Dixieland Banddel. Ez\u00fattal a Moln\u00e1r Dixieland Banddel sz\u00f3rakoztatta a zenekedvel\u0151 salg\u00f3tarj\u00e1ni k\u00f6z\u00f6ns\u00e9get. Az esem\u00e9nyen \u2013 a &#8230; <a title=\"Salg\u00f3tarj\u00e1n Eml\u00e9k\u00e9rmet kapott Berki Tam\u00e1s\" class=\"read-more\" href=\"https:\/\/www.salgotarjan.hu\/?p=3981\" aria-label=\"Read more about Salg\u00f3tarj\u00e1n Eml\u00e9k\u00e9rmet kapott Berki Tam\u00e1s\">Olvass tov\u00e1bb<\/a><\/p>\n","protected":false},"author":7,"featured_media":0,"comment_status":"closed","ping_status":"closed","sticky":false,"template":"","format":"standard","meta":{"footnotes":""},"categories":[1,10],"tags":[],"class_list":["post-3981","post","type-post","status-publish","format-standard","hentry","category-egyebek","category-hirek-aktualitasok"],"_links":{"self":[{"href":"https:\/\/www.salgotarjan.hu\/index.php?rest_route=\/wp\/v2\/posts\/3981","targetHints":{"allow":["GET"]}}],"collection":[{"href":"https:\/\/www.salgotarjan.hu\/index.php?rest_route=\/wp\/v2\/posts"}],"about":[{"href":"https:\/\/www.salgotarjan.hu\/index.php?rest_route=\/wp\/v2\/types\/post"}],"author":[{"embeddable":true,"href":"https:\/\/www.salgotarjan.hu\/index.php?rest_route=\/wp\/v2\/users\/7"}],"replies":[{"embeddable":true,"href":"https:\/\/www.salgotarjan.hu\/index.php?rest_route=%2Fwp%2Fv2%2Fcomments&post=3981"}],"version-history":[{"count":2,"href":"https:\/\/www.salgotarjan.hu\/index.php?rest_route=\/wp\/v2\/posts\/3981\/revisions"}],"predecessor-version":[{"id":4170,"href":"https:\/\/www.salgotarjan.hu\/index.php?rest_route=\/wp\/v2\/posts\/3981\/revisions\/4170"}],"wp:attachment":[{"href":"https:\/\/www.salgotarjan.hu\/index.php?rest_route=%2Fwp%2Fv2%2Fmedia&parent=3981"}],"wp:term":[{"taxonomy":"category","embeddable":true,"href":"https:\/\/www.salgotarjan.hu\/index.php?rest_route=%2Fwp%2Fv2%2Fcategories&post=3981"},{"taxonomy":"post_tag","embeddable":true,"href":"https:\/\/www.salgotarjan.hu\/index.php?rest_route=%2Fwp%2Fv2%2Ftags&post=3981"}],"curies":[{"name":"wp","href":"https:\/\/api.w.org\/{rel}","templated":true}]}}