{"id":3552,"date":"2016-03-22T19:38:08","date_gmt":"2016-03-22T18:38:08","guid":{"rendered":"http:\/\/www.salgotarjan.hu\/?p=3552"},"modified":"2019-04-21T12:13:32","modified_gmt":"2019-04-21T10:13:32","slug":"negyvenegy-ovodai-csoport-indul","status":"publish","type":"post","link":"https:\/\/www.salgotarjan.hu\/?p=3552","title":{"rendered":"Negyvenegy \u00f3vodai csoport indul"},"content":{"rendered":"<p>Negyvenegy \u00f3vodai csoport indul a k\u00f6vetkez\u0151 nevel\u00e9si \u00e9vben. A v\u00e1rosi \u00f6nkorm\u00e1nyzat m\u00e1rciusi rendk\u00edv\u00fcli \u00fcl\u00e9s\u00e9n elfogadta a Salg\u00f3tarj\u00e1ni \u00d6sszevont \u00d3voda 2016\/2017. nevel\u00e9si \u00e9v kezd\u00e9s\u00e9hez sz\u00fcks\u00e9ges ir\u00e1nyelveket.<\/p>\n<p>2015. szeptember 1-j\u00e9t\u0151l a vonatkoz\u00f3 t\u00f6rv\u00e9nyi rendelkez\u00e9sek szerint a gyermeknek abban az \u00e9vben, amelynek augusztus 31. napj\u00e1ig a harmadik \u00e9let\u00e9v\u00e9t bet\u00f6lti, a nevel\u00e9si \u00e9v kezd\u0151 napj\u00e1t\u00f3l legal\u00e1bb napi n\u00e9gy \u00f3r\u00e1ban \u00f3vodai foglalkoz\u00e1son kell r\u00e9szt vennie. A jegyz\u0151 a sz\u00fcl\u0151 k\u00e9relm\u00e9re \u00e9s az \u00f3vodavezet\u0151, valamint a v\u00e9d\u0151n\u0151 egyet\u00e9rt\u00e9s\u00e9vel, a gyermek jogos \u00e9rdek\u00e9t szem el\u0151tt tartva, az \u00f6t\u00f6dik \u00e9let\u00e9v bet\u00f6lt\u00e9s\u00e9ig felment\u00e9st adhat a k\u00f6telez\u0151 \u00f3vodai nevel\u00e9sben val\u00f3 r\u00e9szv\u00e9tel al\u00f3l, ha a gyermek csal\u00e1di k\u00f6r\u00fclm\u00e9nyei, k\u00e9pess\u00e9geinek kibontakoztat\u00e1sa, saj\u00e1tos helyzete indokolja.<\/p>\n<p>A rendelet d\u00f6nt az \u00f3vodai beiratkoz\u00e1s idej\u00e9r\u0151l, melyet a t\u00e1rgy\u00e9v \u00e1prilis 20-a \u00e9s m\u00e1jus 20-a k\u00f6z\u00f6tti id\u0151szakban kell meghat\u00e1rozni. A v\u00e1rosi k\u00f6zgy\u0171l\u00e9s d\u00f6nt\u00e9se \u00e9rtelm\u00e9ben az \u00f6nkorm\u00e1nyzat fenntart\u00e1s\u00e1ban m\u0171k\u00f6d\u0151 <strong>Salg\u00f3tarj\u00e1ni \u00d6sszevont \u00d3vod\u00e1ba t\u00f6rt\u00e9n\u0151 beiratkoz\u00e1sra 2016. m\u00e1jus 3-4-\u00e9n ker\u00fcl sor<\/strong>, a p\u00f3tbeiratkoz\u00e1s napja 2016. m\u00e1jus 11.<\/p>\n<p>A Salg\u00f3tarj\u00e1ni \u00d6sszevont \u00d3voda 2016\/2017. nevel\u00e9si \u00e9v kezd\u00e9s\u00e9vel \u00f6sszef\u00fcgg\u00e9sben megvizsg\u00e1lt\u00e1k az \u00d3vod\u00e1ban az \u00f3vodai jogviszonnyal rendelkez\u0151 gyermekek, a 2016\/2017. nevel\u00e9si \u00e9vben \u00f3vodak\u00f6teles gyermekek, valamint a 2016\/2017. nevel\u00e9si \u00e9vben a 3. \u00e9let\u00e9v\u00fcket bet\u00f6lt\u00f6tt gyermekek v\u00e1rhat\u00f3 sz\u00e1m\u00e1t. Ennek eredm\u00e9nyek\u00e9nt az \u00f3vod\u00e1ban 2016\/2017. nevel\u00e9si \u00e9vben a gyermekek sz\u00e1ma v\u00e1rhat\u00f3an 960 f\u0151 lesz.<\/p>\n<p>Az \u00f6nkorm\u00e1nyzat d\u00f6nt\u00e9se \u00e9rtelm\u00e9ben \u00edgy a k\u00f6vetkez\u0151 nevel\u00e9si \u00e9vben 41 \u00f3vodai csoport indul, melyekhez a pedag\u00f3gus, illetve a nevel\u0151munk\u00e1t seg\u00edt\u0151 alkalmazottak l\u00e9tsz\u00e1ma \u2013 figyelembe v\u00e9ve a folyamatban l\u00e9v\u0151 nyugd\u00edjaz\u00e1si elj\u00e1r\u00e1sokat is \u2013 biztos\u00edtott. A Salg\u00f3tarj\u00e1ni \u00d6sszevont \u00d3vod\u00e1ban ind\u00edtand\u00f3 csoportok sz\u00e1ma a 2016\/2017. nevel\u00e9si \u00e9vben:<br \/>\nMack\u00f3v\u00e1r K\u00f6zponti \u00d3voda 12, Apr\u00f3falva Tag\u00f3voda 3, Baglyasi Tag\u00f3voda 2, Gyermekkert Tag\u00f3voda 5, H\u00e9tsz\u00ednvir\u00e1g Tag\u00f3voda 2, K\u00f6r\u00fati Tag\u00f3voda 2, Mesekert Tag\u00f3voda 2, Nyitnik\u00e9k Tag\u00f3voda 6, Pitypang Tag\u00f3voda 3, Sziv\u00e1rv\u00e1ny Tag\u00f3voda 2, Vadvir\u00e1g Tag\u00f3voda 2.<\/p>\n","protected":false},"excerpt":{"rendered":"<p>Negyvenegy \u00f3vodai csoport indul a k\u00f6vetkez\u0151 nevel\u00e9si \u00e9vben. A v\u00e1rosi \u00f6nkorm\u00e1nyzat m\u00e1rciusi rendk\u00edv\u00fcli \u00fcl\u00e9s\u00e9n elfogadta a Salg\u00f3tarj\u00e1ni \u00d6sszevont \u00d3voda 2016\/2017. nevel\u00e9si \u00e9v kezd\u00e9s\u00e9hez sz\u00fcks\u00e9ges ir\u00e1nyelveket. 2015. szeptember 1-j\u00e9t\u0151l a vonatkoz\u00f3 t\u00f6rv\u00e9nyi rendelkez\u00e9sek szerint a gyermeknek abban az \u00e9vben, amelynek augusztus 31. napj\u00e1ig a harmadik \u00e9let\u00e9v\u00e9t bet\u00f6lti, a nevel\u00e9si \u00e9v kezd\u0151 napj\u00e1t\u00f3l legal\u00e1bb napi n\u00e9gy \u00f3r\u00e1ban &#8230; <a title=\"Negyvenegy \u00f3vodai csoport indul\" class=\"read-more\" href=\"https:\/\/www.salgotarjan.hu\/?p=3552\" aria-label=\"Read more about Negyvenegy \u00f3vodai csoport indul\">Olvass tov\u00e1bb<\/a><\/p>\n","protected":false},"author":7,"featured_media":0,"comment_status":"closed","ping_status":"closed","sticky":false,"template":"","format":"standard","meta":{"footnotes":""},"categories":[1,10],"tags":[],"class_list":["post-3552","post","type-post","status-publish","format-standard","hentry","category-egyebek","category-hirek-aktualitasok"],"_links":{"self":[{"href":"https:\/\/www.salgotarjan.hu\/index.php?rest_route=\/wp\/v2\/posts\/3552","targetHints":{"allow":["GET"]}}],"collection":[{"href":"https:\/\/www.salgotarjan.hu\/index.php?rest_route=\/wp\/v2\/posts"}],"about":[{"href":"https:\/\/www.salgotarjan.hu\/index.php?rest_route=\/wp\/v2\/types\/post"}],"author":[{"embeddable":true,"href":"https:\/\/www.salgotarjan.hu\/index.php?rest_route=\/wp\/v2\/users\/7"}],"replies":[{"embeddable":true,"href":"https:\/\/www.salgotarjan.hu\/index.php?rest_route=%2Fwp%2Fv2%2Fcomments&post=3552"}],"version-history":[{"count":1,"href":"https:\/\/www.salgotarjan.hu\/index.php?rest_route=\/wp\/v2\/posts\/3552\/revisions"}],"predecessor-version":[{"id":3554,"href":"https:\/\/www.salgotarjan.hu\/index.php?rest_route=\/wp\/v2\/posts\/3552\/revisions\/3554"}],"wp:attachment":[{"href":"https:\/\/www.salgotarjan.hu\/index.php?rest_route=%2Fwp%2Fv2%2Fmedia&parent=3552"}],"wp:term":[{"taxonomy":"category","embeddable":true,"href":"https:\/\/www.salgotarjan.hu\/index.php?rest_route=%2Fwp%2Fv2%2Fcategories&post=3552"},{"taxonomy":"post_tag","embeddable":true,"href":"https:\/\/www.salgotarjan.hu\/index.php?rest_route=%2Fwp%2Fv2%2Ftags&post=3552"}],"curies":[{"name":"wp","href":"https:\/\/api.w.org\/{rel}","templated":true}]}}