{"id":3545,"date":"2016-03-22T16:43:11","date_gmt":"2016-03-22T15:43:11","guid":{"rendered":"http:\/\/www.salgotarjan.hu\/?p=3545"},"modified":"2019-04-21T12:13:32","modified_gmt":"2019-04-21T10:13:32","slug":"hirdetmeny-palyazati-eljarasrol","status":"publish","type":"post","link":"https:\/\/www.salgotarjan.hu\/?p=3545","title":{"rendered":"Hirdetm\u00e9ny p\u00e1ly\u00e1zati elj\u00e1r\u00e1sr\u00f3l"},"content":{"rendered":"<p>Salg\u00f3tarj\u00e1n Megyei Jog\u00fa V\u00e1ros \u00d6nkorm\u00e1nyzat\u00e1nak K\u00f6zgy\u0171l\u00e9se 240\/2015. (XII.17.) \u00d6h. sz. hat\u00e1rozat\u00e1val d\u00f6nt\u00f6tt arr\u00f3l, hogy munk\u00e1ltat\u00f3i jogk\u00f6r\u00e9ben elj\u00e1rva, az el\u0151ad\u00f3-m\u0171v\u00e9szeti szervezetek t\u00e1mogat\u00e1s\u00e1r\u00f3l \u00e9s saj\u00e1tos foglalkoztat\u00e1si szab\u00e1lyair\u00f3l sz\u00f3l\u00f3 2008. \u00e9vi XCIX. t\u00f6rv\u00e9ny (a tov\u00e1bbiakban: Emtv.) 39. \u00a7 (3) bekezd\u00e9se alapj\u00e1n p\u00e1ly\u00e1zatot \u00edrt ki a Salg\u00f3tarj\u00e1ni K\u00f6zm\u0171vel\u0151d\u00e9si Nonprofit Kft. (3100 Salg\u00f3tarj\u00e1n, F\u0151 t\u00e9r 5.; a tov\u00e1bbiakban: SKN Kft.) \u00fcgyvezet\u0151i munkak\u00f6r\u00e9nek ell\u00e1t\u00e1s\u00e1ra. A p\u00e1ly\u00e1zat ki\u00edr\u00e1s\u00e1t az indokolta, hogy a SKN Kft. \u00fcgyvezet\u0151 igazgat\u00f3j\u00e1nak, Simon Lajosnak megb\u00edz\u00e1sa 2016. j\u00fanius 30. napj\u00e1n lej\u00e1r. A p\u00e1ly\u00e1zati ki\u00edr\u00e1sban megjel\u00f6lt hat\u00e1rid\u0151re 3 db p\u00e1ly\u00e1zati anyag \u00e9rkezett, melyek beny\u00fajt\u00f3i: Hajd\u00fa Gy\u00f6rgyi, Kojnok N\u00e1ndor \u00e9s Simon Lajos.<br \/>\nAz Emtv. 39. \u00a7 (6) bekezd\u00e9s\u00e9ben el\u0151\u00edrtak szerint az \u00fcgyvezet\u0151i munkak\u00f6rre ki\u00edrt p\u00e1ly\u00e1zatok v\u00e9lem\u00e9nyez\u00e9s\u00e9re a munk\u00e1ltat\u00f3i jogk\u00f6r gyakorl\u00f3ja szakmai bizotts\u00e1got (a tov\u00e1bbiakban: Bizotts\u00e1g) k\u00e9rt fel.<br \/>\nA Bizotts\u00e1g tagjai<\/p>\n<p>A Sz\u00ednh\u00e1zm\u0171v\u00e9szeti Bizotts\u00e1g deleg\u00e1lt tagjai<br \/>\n1. <strong>Dr. Bors\u00f3s Be\u00e1ta<\/strong> igazgat\u00f3 &#8211; Bart\u00f3k Kamarasz\u00ednh\u00e1z \u00e9s M\u0171v\u00e9szetek H\u00e1za, Duna\u00fajv\u00e1ros<br \/>\n2. <strong>Cs\u00e1sz\u00e1r Angela<\/strong> sz\u00ednm\u0171v\u00e9sz, a Magyar M\u0171v\u00e9szeti Akad\u00e9mia rendes tagja<br \/>\n3. <strong>Topol\u00e1nszky Tam\u00e1s<\/strong> koreogr\u00e1fus, t\u00e1nctagozat-vezet\u0151 &#8211; G\u00e1rdonyi G\u00e9za Sz\u00ednh\u00e1z, Eger<br \/>\n4. <strong>Zig\u00f3 Viktor<\/strong> gazdas\u00e1gi igazgat\u00f3 &#8211; Kolibri Sz\u00ednh\u00e1z Nonprofit Kft., Budapest<\/p>\n<p>Az emberi er\u0151forr\u00e1sok miniszter\u00e9nek k\u00e9pviselet\u00e9ben<br \/>\n5. <strong>Szedlacsek Em\u00edlia<\/strong> f\u0151oszt\u00e1lyvezet\u0151 &#8211; Emberi Er\u0151forr\u00e1sok Miniszt\u00e9riuma Kult\u00far\u00e1\u00e9rt Felel\u0151s \u00c1llamtitk\u00e1rs\u00e1g K\u00f6z\u00f6ss\u00e9gi M\u0171vel\u0151d\u00e9si \u00e9s M\u0171v\u00e9szeti F\u0151oszt\u00e1lya<\/p>\n<p>A Sz\u00ednh\u00e1zi Dolgoz\u00f3k Szakszervezete \u2013 mint reprezentat\u00edv szakszervezet \u2013 k\u00e9pviselet\u00e9ben<br \/>\n6. <strong>Mih\u00e1lyi Gy\u0151z\u0151<\/strong> eln\u00f6k<\/p>\n<p>Salg\u00f3tarj\u00e1n Megyei Jog\u00fa V\u00e1ros \u00d6nkorm\u00e1nyzat\u00e1nak  \u2013 mint a munk\u00e1ltat\u00f3i jogk\u00f6r gyakorl\u00f3ja &#8211; k\u00e9pviselet\u00e9ben<br \/>\n7. <strong>Kov\u00e1cs Zsolt<\/strong> telep\u00fcl\u00e9si k\u00e9pvisel\u0151, az \u00d6nkorm\u00e1nyzat K\u00f6zgy\u0171l\u00e9se N\u00e9pj\u00f3l\u00e9ti Bizotts\u00e1g\u00e1nak eln\u00f6ke<br \/>\n8. <strong>Dr. Bercs\u00e9nyi Lajos<\/strong> telep\u00fcl\u00e9si k\u00e9pvisel\u0151, az \u00d6nkorm\u00e1nyzat K\u00f6zgy\u0171l\u00e9se N\u00e9pj\u00f3l\u00e9ti Bizotts\u00e1g\u00e1nak eln\u00f6khelyettese<\/p>\n<p>A Bizotts\u00e1g a Salg\u00f3tarj\u00e1n Megyei Jog\u00fa V\u00e1ros Polg\u00e1rmesteri Hivatal\u00e1nak (Salg\u00f3tarj\u00e1n, M\u00fazeum t\u00e9r 1.) 116. t\u00e1rgyal\u00f3j\u00e1ban, 2016. m\u00e1rcius 11-\u00e9n tartotta \u00fcl\u00e9s\u00e9t a p\u00e1ly\u00e1z\u00f3k szem\u00e9lyes meghallgat\u00e1s\u00e1val \u00e9s a p\u00e1ly\u00e1zatokban foglaltak elemz\u00e9s\u00e9vel.<\/p>\n<p>Az Emtv. 39. \u00a7 (7) bekezd\u00e9se alapj\u00e1n: \u201eA szakmai bizotts\u00e1g \u00fcl\u00e9s\u00e9r\u0151l \u00e9s a szavaz\u00e1s eredm\u00e9ny\u00e9r\u0151l \u00edr\u00e1sbeli jegyz\u0151k\u00f6nyv k\u00e9sz\u00fcl, amelynek a p\u00e1ly\u00e1zatok \u00e9rt\u00e9kel\u00e9s\u00e9re \u00e9s a szavaz\u00e1s eredm\u00e9ny\u00e9re vonatkoz\u00f3 r\u00e9sz\u00e9t ismertetni kell a d\u00f6nt\u00e9shoz\u00f3val, \u00e9s a helyben szok\u00e1sos m\u00f3don k\u00f6zz\u00e9 kell tenni.\u201d<\/p>\n<p><strong>A Bizotts\u00e1g egyhang\u00faan, 8 igen szavazattal t\u00e1mogatta Simon Lajos jelenlegi \u00fcgyvezet\u0151 igazgat\u00f3 p\u00e1ly\u00e1zat\u00e1t \u00e9s javasolja a d\u00f6nt\u00e9shoz\u00f3 test\u00fcletnek, hogy Simon Lajost b\u00edzza meg a Salg\u00f3tarj\u00e1ni K\u00f6zm\u0171vel\u0151d\u00e9si Nonprofit Kft. \u00fcgyvezet\u0151i teend\u0151inek ell\u00e1t\u00e1s\u00e1val.<\/strong><\/p>\n<p>A szakmai bizotts\u00e1g \u00f6sszefoglal\u00f3 v\u00e9lem\u00e9nye<\/p>\n<p>Simon Lajos p\u00e1ly\u00e1zata a nyilv\u00e1ntart\u00e1sba vett el\u0151ad\u00f3-m\u0171v\u00e9szeti szervezetk\u00e9nt m\u0171k\u00f6d\u0151 SKN Kft. \u00e9s az \u00e1ltala f\u0151tev\u00e9kenys\u00e9gk\u00e9nt m\u0171k\u00f6dtetett Zenthe Ferenc Sz\u00ednh\u00e1z m\u0171v\u00e9szeti arculata, a t\u00e1rsulat\u00e9p\u00edt\u00e9s, az int\u00e9zm\u00e9nyszervez\u00e9s, a marketingtev\u00e9kenys\u00e9g \u00e9s k\u00f6z\u00f6ns\u00e9gkapcsolatok \u00e9p\u00edt\u00e9s\u00e9nek koncepci\u00f3ja tekintet\u00e9ben egyar\u00e1nt megalapozott, hiteless\u00e9g jellemzi. A p\u00e1ly\u00e1zat tartalmazza a p\u00e1ly\u00e1z\u00f3 a SKN Kft. hat\u00e1lyos k\u00f6zszolg\u00e1ltat\u00e1si szerz\u0151d\u00e9s\u00e9ben foglalt c\u00e9lok megval\u00f3s\u00edt\u00e1s\u00e1ra, gazdas\u00e1gi-\u00fczemeltet\u00e9si programj\u00e1ra vonatkoz\u00f3 szakmai terveit. <\/p>\n<p>A Bizotts\u00e1g v\u00e9lem\u00e9nye szerint Simon Lajos eddig v\u00e9gzett sikeres \u00fcgyvezet\u0151 igazgat\u00f3i tev\u00e9kenys\u00e9ge garanci\u00e1t jelent az elk\u00f6vetkez\u0151 \u00e9vekre sz\u00f3l\u00f3 \u00fcgyvezet\u0151i megb\u00edz\u00e1s\u00e1ra, a SKN Kft. \u201ekiemelt el\u0151ad\u00f3-m\u0171v\u00e9szeti szervezett\u00e9\u201d val\u00f3 min\u0151s\u00edt\u00e9s\u00e9nek el\u00e9r\u00e9s\u00e9re, a salg\u00f3tarj\u00e1ni sz\u00ednj\u00e1tsz\u00e1s hagyom\u00e1nyainak, a hazai sz\u00ednm\u0171v\u00e9szeti \u00e9letben bet\u00f6lt\u00f6tt szerepnek meg\u0151rz\u00e9s\u00e9re \u00e9s j\u00f6v\u0151beni meger\u0151s\u00edt\u00e9s\u00e9re.<\/p>\n<p>A \u201eJavaslat a Salg\u00f3tarj\u00e1ni K\u00f6zm\u0171vel\u0151d\u00e9si Nonprofit Kft. \u00fcgyvezet\u0151 igazgat\u00f3j\u00e1val kapcsolatos d\u00f6nt\u00e9sek meghozatal\u00e1ra\u201d c\u00edm\u0171 el\u0151terjeszt\u00e9st a K\u00f6zgy\u0171l\u00e9s 2016. m\u00e1rcius 31-i \u00fcl\u00e9s\u00e9n t\u00e1rgyalja.<\/p>\n","protected":false},"excerpt":{"rendered":"<p>Salg\u00f3tarj\u00e1n Megyei Jog\u00fa V\u00e1ros \u00d6nkorm\u00e1nyzat\u00e1nak K\u00f6zgy\u0171l\u00e9se 240\/2015. (XII.17.) \u00d6h. sz. hat\u00e1rozat\u00e1val d\u00f6nt\u00f6tt arr\u00f3l, hogy munk\u00e1ltat\u00f3i jogk\u00f6r\u00e9ben elj\u00e1rva, az el\u0151ad\u00f3-m\u0171v\u00e9szeti szervezetek t\u00e1mogat\u00e1s\u00e1r\u00f3l \u00e9s saj\u00e1tos foglalkoztat\u00e1si szab\u00e1lyair\u00f3l sz\u00f3l\u00f3 2008. \u00e9vi XCIX. t\u00f6rv\u00e9ny (a tov\u00e1bbiakban: Emtv.) 39. \u00a7 (3) bekezd\u00e9se alapj\u00e1n p\u00e1ly\u00e1zatot \u00edrt ki a Salg\u00f3tarj\u00e1ni K\u00f6zm\u0171vel\u0151d\u00e9si Nonprofit Kft. (3100 Salg\u00f3tarj\u00e1n, F\u0151 t\u00e9r 5.; a tov\u00e1bbiakban: SKN Kft.) &#8230; <a title=\"Hirdetm\u00e9ny p\u00e1ly\u00e1zati elj\u00e1r\u00e1sr\u00f3l\" class=\"read-more\" href=\"https:\/\/www.salgotarjan.hu\/?p=3545\" aria-label=\"Read more about Hirdetm\u00e9ny p\u00e1ly\u00e1zati elj\u00e1r\u00e1sr\u00f3l\">Olvass tov\u00e1bb<\/a><\/p>\n","protected":false},"author":7,"featured_media":0,"comment_status":"closed","ping_status":"closed","sticky":false,"template":"","format":"standard","meta":{"footnotes":""},"categories":[1,10],"tags":[],"class_list":["post-3545","post","type-post","status-publish","format-standard","hentry","category-egyebek","category-hirek-aktualitasok"],"_links":{"self":[{"href":"https:\/\/www.salgotarjan.hu\/index.php?rest_route=\/wp\/v2\/posts\/3545","targetHints":{"allow":["GET"]}}],"collection":[{"href":"https:\/\/www.salgotarjan.hu\/index.php?rest_route=\/wp\/v2\/posts"}],"about":[{"href":"https:\/\/www.salgotarjan.hu\/index.php?rest_route=\/wp\/v2\/types\/post"}],"author":[{"embeddable":true,"href":"https:\/\/www.salgotarjan.hu\/index.php?rest_route=\/wp\/v2\/users\/7"}],"replies":[{"embeddable":true,"href":"https:\/\/www.salgotarjan.hu\/index.php?rest_route=%2Fwp%2Fv2%2Fcomments&post=3545"}],"version-history":[{"count":6,"href":"https:\/\/www.salgotarjan.hu\/index.php?rest_route=\/wp\/v2\/posts\/3545\/revisions"}],"predecessor-version":[{"id":3563,"href":"https:\/\/www.salgotarjan.hu\/index.php?rest_route=\/wp\/v2\/posts\/3545\/revisions\/3563"}],"wp:attachment":[{"href":"https:\/\/www.salgotarjan.hu\/index.php?rest_route=%2Fwp%2Fv2%2Fmedia&parent=3545"}],"wp:term":[{"taxonomy":"category","embeddable":true,"href":"https:\/\/www.salgotarjan.hu\/index.php?rest_route=%2Fwp%2Fv2%2Fcategories&post=3545"},{"taxonomy":"post_tag","embeddable":true,"href":"https:\/\/www.salgotarjan.hu\/index.php?rest_route=%2Fwp%2Fv2%2Ftags&post=3545"}],"curies":[{"name":"wp","href":"https:\/\/api.w.org\/{rel}","templated":true}]}}