{"id":3526,"date":"2016-03-15T19:38:24","date_gmt":"2016-03-15T18:38:24","guid":{"rendered":"http:\/\/www.salgotarjan.hu\/?p=3526"},"modified":"2019-04-21T12:13:49","modified_gmt":"2019-04-21T10:13:49","slug":"legyen-lelked-szabad","status":"publish","type":"post","link":"https:\/\/www.salgotarjan.hu\/?p=3526","title":{"rendered":"Legyen lelked szabad\u2026"},"content":{"rendered":"<p><img loading=\"lazy\" decoding=\"async\" src=\"http:\/\/www.salgotarjan.hu\/wp-content\/uploads\/20160315_unnepseg1.jpg\" alt=\"20160315_unnepseg1\" width=\"480\" height=\"319\" class=\"alignnone size-full wp-image-3527\" srcset=\"https:\/\/www.salgotarjan.hu\/wp-content\/uploads\/20160315_unnepseg1.jpg 480w, https:\/\/www.salgotarjan.hu\/wp-content\/uploads\/20160315_unnepseg1-300x199.jpg 300w\" sizes=\"auto, (max-width: 480px) 100vw, 480px\" \/><\/p>\n<p>2016. m\u00e1rcius 15-\u00e9n az 1848\/49-es forradalomra \u00e9s szabads\u00e1gharcra eml\u00e9kezett Salg\u00f3tarj\u00e1n is. A v\u00e1rosi programok m\u00e1rcius 11-\u00e9n kezd\u0151dtek. Ezen a napon Somosk\u0151n, a r\u00e9gi temet\u0151ben koszor\u00faz\u00e1si megeml\u00e9kez\u00e9sre ker\u00fclt sor Somoske\u0151y Istv\u00e1n honv\u00e9dsz\u00e1zados s\u00edrj\u00e1n\u00e1l, ahol Moln\u00e1r K\u00e1roly telep\u00fcl\u00e9si \u00f6nkorm\u00e1nyzati k\u00e9pvisel\u0151 eml\u00e9kezett a h\u0151s\u00f6kre.<\/p>\n<p>M\u00e1rcius 15-\u00e9n d\u00e9lel\u0151tt a Dornyay B\u00e9la M\u00fazeumban az \u201e1848-49-es forradalom \u00e9s szabads\u00e1gharc eml\u00e9kezete\u201d c\u00edmmel m\u00fazeumpedag\u00f3giai foglalkoz\u00e1st tartottak. Ugyancsak d\u00e9lel\u0151tt Salg\u00f3tarj\u00e1n Megyei Jog\u00fa V\u00e1ros \u00d6nkorm\u00e1nyzata \u00e9s a N\u00f3gr\u00e1d Megyei Term\u00e9szetbar\u00e1tok T\u00e1rsas\u00e1ga Pet\u0151fi S\u00e1ndor eml\u00e9kt\u00far\u00e1t szervezett a Salg\u00f3i v\u00e1r alatti sziklafalon elhelyezett Pet\u0151fi-eml\u00e9kt\u00e1bl\u00e1hoz. Ott D\u00e1niel Zolt\u00e1n alpolg\u00e1rmester \u00e9s J\u00f3zsa G\u00e1bor, a N\u00f3gr\u00e1d Megyei Term\u00e9szetbar\u00e1tok T\u00e1rsas\u00e1g\u00e1nak k\u00e9pvisel\u0151je mondott \u00fcnnepi k\u00f6sz\u00f6nt\u0151t, majd megkoszor\u00fazt\u00e1k az eml\u00e9kt\u00e1bl\u00e1t.<\/p>\n<p><img loading=\"lazy\" decoding=\"async\" src=\"http:\/\/www.salgotarjan.hu\/wp-content\/uploads\/20160315_unnepseg2.jpg\" alt=\"20160315_unnepseg2\" width=\"480\" height=\"319\" class=\"alignnone size-full wp-image-3528\" srcset=\"https:\/\/www.salgotarjan.hu\/wp-content\/uploads\/20160315_unnepseg2.jpg 480w, https:\/\/www.salgotarjan.hu\/wp-content\/uploads\/20160315_unnepseg2-300x199.jpg 300w\" sizes=\"auto, (max-width: 480px) 100vw, 480px\" \/><\/p>\n<p>Nemzeti \u00fcnnep\u00fcnk\u00f6n a v\u00e1rosi megeml\u00e9kez\u00e9sre a Sz\u00e9chenyi szoborn\u00e1l ker\u00fclt sor. A \u201eLegyen lelked szabad\u2026\u201d c\u00edm\u0171 zen\u00e9s m\u0171sorban megvillantak az 1848\/49-es forradalom \u00e9s szabads\u00e1gharc m\u00e1ig \u00e9rv\u00e9nyes \u00fczenetei. A h\u0151s\u00f6kre, \u00f6r\u00f6ks\u00e9g\u00fckre, m\u00e1rcius 15-e jelent\u0151s\u00e9g\u00e9re Fekete Zsolt polg\u00e1rmester eml\u00e9kezett \u00fcnnepi besz\u00e9d\u00e9ben.<br \/>\nA sz\u00f3noklatot k\u00f6vet\u0151en a m\u00e1rcius 15-i program koszor\u00faz\u00e1ssal fejez\u0151d\u00f6tt be: a Sz\u00e9chenyi szoborn\u00e1l az \u00f6nkorm\u00e1nyzat mellett p\u00e1rtok, civil szervezetek, int\u00e9zm\u00e9nyek \u00e9s mag\u00e1nszem\u00e9lyek helyezt\u00e9k el az eml\u00e9kez\u00e9s vir\u00e1gait.<\/p>\n","protected":false},"excerpt":{"rendered":"<p>2016. m\u00e1rcius 15-\u00e9n az 1848\/49-es forradalomra \u00e9s szabads\u00e1gharcra eml\u00e9kezett Salg\u00f3tarj\u00e1n is. A v\u00e1rosi programok m\u00e1rcius 11-\u00e9n kezd\u0151dtek. Ezen a napon Somosk\u0151n, a r\u00e9gi temet\u0151ben koszor\u00faz\u00e1si megeml\u00e9kez\u00e9sre ker\u00fclt sor Somoske\u0151y Istv\u00e1n honv\u00e9dsz\u00e1zados s\u00edrj\u00e1n\u00e1l, ahol Moln\u00e1r K\u00e1roly telep\u00fcl\u00e9si \u00f6nkorm\u00e1nyzati k\u00e9pvisel\u0151 eml\u00e9kezett a h\u0151s\u00f6kre. M\u00e1rcius 15-\u00e9n d\u00e9lel\u0151tt a Dornyay B\u00e9la M\u00fazeumban az \u201e1848-49-es forradalom \u00e9s szabads\u00e1gharc eml\u00e9kezete\u201d c\u00edmmel &#8230; <a title=\"Legyen lelked szabad\u2026\" class=\"read-more\" href=\"https:\/\/www.salgotarjan.hu\/?p=3526\" aria-label=\"Read more about Legyen lelked szabad\u2026\">Olvass tov\u00e1bb<\/a><\/p>\n","protected":false},"author":7,"featured_media":0,"comment_status":"closed","ping_status":"closed","sticky":false,"template":"","format":"standard","meta":{"footnotes":""},"categories":[1,10],"tags":[],"class_list":["post-3526","post","type-post","status-publish","format-standard","hentry","category-egyebek","category-hirek-aktualitasok"],"_links":{"self":[{"href":"https:\/\/www.salgotarjan.hu\/index.php?rest_route=\/wp\/v2\/posts\/3526","targetHints":{"allow":["GET"]}}],"collection":[{"href":"https:\/\/www.salgotarjan.hu\/index.php?rest_route=\/wp\/v2\/posts"}],"about":[{"href":"https:\/\/www.salgotarjan.hu\/index.php?rest_route=\/wp\/v2\/types\/post"}],"author":[{"embeddable":true,"href":"https:\/\/www.salgotarjan.hu\/index.php?rest_route=\/wp\/v2\/users\/7"}],"replies":[{"embeddable":true,"href":"https:\/\/www.salgotarjan.hu\/index.php?rest_route=%2Fwp%2Fv2%2Fcomments&post=3526"}],"version-history":[{"count":1,"href":"https:\/\/www.salgotarjan.hu\/index.php?rest_route=\/wp\/v2\/posts\/3526\/revisions"}],"predecessor-version":[{"id":3529,"href":"https:\/\/www.salgotarjan.hu\/index.php?rest_route=\/wp\/v2\/posts\/3526\/revisions\/3529"}],"wp:attachment":[{"href":"https:\/\/www.salgotarjan.hu\/index.php?rest_route=%2Fwp%2Fv2%2Fmedia&parent=3526"}],"wp:term":[{"taxonomy":"category","embeddable":true,"href":"https:\/\/www.salgotarjan.hu\/index.php?rest_route=%2Fwp%2Fv2%2Fcategories&post=3526"},{"taxonomy":"post_tag","embeddable":true,"href":"https:\/\/www.salgotarjan.hu\/index.php?rest_route=%2Fwp%2Fv2%2Ftags&post=3526"}],"curies":[{"name":"wp","href":"https:\/\/api.w.org\/{rel}","templated":true}]}}