{"id":3519,"date":"2016-03-14T08:34:53","date_gmt":"2016-03-14T07:34:53","guid":{"rendered":"http:\/\/www.salgotarjan.hu\/?p=3519"},"modified":"2019-04-21T12:13:50","modified_gmt":"2019-04-21T10:13:50","slug":"kutyafuttatasi-lehetosegek-a-varosban","status":"publish","type":"post","link":"https:\/\/www.salgotarjan.hu\/?p=3519","title":{"rendered":"Kutyafuttat\u00e1si lehet\u0151s\u00e9gek a v\u00e1rosban"},"content":{"rendered":"<p>Salg\u00f3tarj\u00e1n Megyei Jog\u00fa V\u00e1ros \u00d6nkorm\u00e1nyzat\u00e1nak K\u00f6zgy\u0171l\u00e9se 2011. \u00e1prilis\u00e1ban alkotta meg az \u00e1llatok tart\u00e1s\u00e1r\u00f3l sz\u00f3l\u00f3 rendelet\u00e9t, az\u00f3ta azonban jelent\u0151sen m\u00f3dosultak az \u00e1llattart\u00e1sra vonatkoz\u00f3 hat\u00e1sk\u00f6r\u00f6k, valamint k\u00f6zponti jogszab\u00e1lyok, melyek korl\u00e1tozt\u00e1k az \u00e1llattart\u00e1s helyi szint\u0171 szab\u00e1lyoz\u00e1s\u00e1nak lehet\u0151s\u00e9geit.<br \/>\nA t\u00f6bbsz\u00f6r m\u00f3dos\u00edtott rendelet t\u00f6bb szakasza hat\u00e1lytalan, a megl\u00e9v\u0151 rendelkez\u00e9sek pedig t\u00f6bb pontban is ellent\u00e9tesek magasabb szint\u0171 jogszab\u00e1lyokban meghat\u00e1rozottakkal, ez\u00e9rt indokoltt\u00e1 v\u00e1lt a teljes rendelet hat\u00e1lyon k\u00edv\u00fcl helyez\u00e9se, valamint a kutyafuttat\u00f3 ter\u00fcletek kijel\u00f6l\u00e9s\u00e9r\u0151l sz\u00f3l\u00f3 rendelet megalkot\u00e1sa. Ezt fogadta el 2016. m\u00e1rcius 10-i \u00fcl\u00e9s\u00e9n a v\u00e1ros \u00f6nkorm\u00e1nyzata. A kutyafuttat\u00e1sra kijel\u00f6lt ter\u00fcleteket a k\u00e9pvisel\u0151kkel el\u0151zetesen egyeztett\u00e9k.<\/p>\n<p>A kijel\u00f6lt ter\u00fcletek<br \/>\n&#8211; Salg\u00f3tarj\u00e1n, Camping \u00fat t\u00f3strandi v\u00edzm\u0171 melletti 2413 hrsz. k\u00f6zter\u00fclet<br \/>\n&#8211; Salg\u00f3tarj\u00e1n, F\u00e1y Andr\u00e1s krt. 88-90-92 m\u00f6g\u00f6tti 2102 hrsz. k\u00f6zter\u00fclet<br \/>\n&#8211; Salg\u00f3tarj\u00e1n, B\u00e1thori Istv\u00e1n utca 2-4-6. sz\u00e1m m\u00f6g\u00f6tti 3012 hrsz. k\u00f6zter\u00fclet<br \/>\n&#8211; Salg\u00f3tarj\u00e1n v\u00e1rosk\u00f6zpont M\u00e1rcius 15. \u00fat t\u00e1mfal feletti r\u00e9szen az Arany J\u00e1nos \u00fat 19. alatti 3746\/2 hrsz. k\u00f6zter\u00fclet<br \/>\n&#8211; Salg\u00f3tarj\u00e1n, P\u00e9csk\u0151 \u00faton l\u00e9v\u0151 uszoda \u00e9s a v\u00edzm\u0171 k\u00f6z\u00f6tti 4171 hrsz. k\u00f6zter\u00fclet<br \/>\n&#8211; Salg\u00f3tarj\u00e1n, Csokonai \u00fat 82. sz\u00e1mmal szemben l\u00e9v\u0151, a k\u00f6z\u00e9piskola melletti 6069\/3 hrsz. k\u00f6zter\u00fclet<br \/>\n&#8211; Salg\u00f3tarj\u00e1n, Gorkij krt. 21-23-25-27. sz\u00e1m m\u00f6g\u00f6tti 6677\/28. hrsz. k\u00f6zter\u00fclet<br \/>\n&#8211; Salg\u00f3tarj\u00e1n, Gorkij krt.85. sz\u00e1m melletti 6677\/28. hrsz. k\u00f6zter\u00fclet<\/p>\n","protected":false},"excerpt":{"rendered":"<p>Salg\u00f3tarj\u00e1n Megyei Jog\u00fa V\u00e1ros \u00d6nkorm\u00e1nyzat\u00e1nak K\u00f6zgy\u0171l\u00e9se 2011. \u00e1prilis\u00e1ban alkotta meg az \u00e1llatok tart\u00e1s\u00e1r\u00f3l sz\u00f3l\u00f3 rendelet\u00e9t, az\u00f3ta azonban jelent\u0151sen m\u00f3dosultak az \u00e1llattart\u00e1sra vonatkoz\u00f3 hat\u00e1sk\u00f6r\u00f6k, valamint k\u00f6zponti jogszab\u00e1lyok, melyek korl\u00e1tozt\u00e1k az \u00e1llattart\u00e1s helyi szint\u0171 szab\u00e1lyoz\u00e1s\u00e1nak lehet\u0151s\u00e9geit. A t\u00f6bbsz\u00f6r m\u00f3dos\u00edtott rendelet t\u00f6bb szakasza hat\u00e1lytalan, a megl\u00e9v\u0151 rendelkez\u00e9sek pedig t\u00f6bb pontban is ellent\u00e9tesek magasabb szint\u0171 jogszab\u00e1lyokban meghat\u00e1rozottakkal, ez\u00e9rt indokoltt\u00e1 &#8230; <a title=\"Kutyafuttat\u00e1si lehet\u0151s\u00e9gek a v\u00e1rosban\" class=\"read-more\" href=\"https:\/\/www.salgotarjan.hu\/?p=3519\" aria-label=\"Read more about Kutyafuttat\u00e1si lehet\u0151s\u00e9gek a v\u00e1rosban\">Olvass tov\u00e1bb<\/a><\/p>\n","protected":false},"author":7,"featured_media":0,"comment_status":"closed","ping_status":"closed","sticky":false,"template":"","format":"standard","meta":{"footnotes":""},"categories":[1,10],"tags":[],"class_list":["post-3519","post","type-post","status-publish","format-standard","hentry","category-egyebek","category-hirek-aktualitasok"],"_links":{"self":[{"href":"https:\/\/www.salgotarjan.hu\/index.php?rest_route=\/wp\/v2\/posts\/3519","targetHints":{"allow":["GET"]}}],"collection":[{"href":"https:\/\/www.salgotarjan.hu\/index.php?rest_route=\/wp\/v2\/posts"}],"about":[{"href":"https:\/\/www.salgotarjan.hu\/index.php?rest_route=\/wp\/v2\/types\/post"}],"author":[{"embeddable":true,"href":"https:\/\/www.salgotarjan.hu\/index.php?rest_route=\/wp\/v2\/users\/7"}],"replies":[{"embeddable":true,"href":"https:\/\/www.salgotarjan.hu\/index.php?rest_route=%2Fwp%2Fv2%2Fcomments&post=3519"}],"version-history":[{"count":1,"href":"https:\/\/www.salgotarjan.hu\/index.php?rest_route=\/wp\/v2\/posts\/3519\/revisions"}],"predecessor-version":[{"id":3520,"href":"https:\/\/www.salgotarjan.hu\/index.php?rest_route=\/wp\/v2\/posts\/3519\/revisions\/3520"}],"wp:attachment":[{"href":"https:\/\/www.salgotarjan.hu\/index.php?rest_route=%2Fwp%2Fv2%2Fmedia&parent=3519"}],"wp:term":[{"taxonomy":"category","embeddable":true,"href":"https:\/\/www.salgotarjan.hu\/index.php?rest_route=%2Fwp%2Fv2%2Fcategories&post=3519"},{"taxonomy":"post_tag","embeddable":true,"href":"https:\/\/www.salgotarjan.hu\/index.php?rest_route=%2Fwp%2Fv2%2Ftags&post=3519"}],"curies":[{"name":"wp","href":"https:\/\/api.w.org\/{rel}","templated":true}]}}