{"id":3516,"date":"2016-03-14T08:33:14","date_gmt":"2016-03-14T07:33:14","guid":{"rendered":"http:\/\/www.salgotarjan.hu\/?p=3516"},"modified":"2019-04-21T12:13:50","modified_gmt":"2019-04-21T10:13:50","slug":"uj-elnok-az-ugyrendi-bizottsagban","status":"publish","type":"post","link":"https:\/\/www.salgotarjan.hu\/?p=3516","title":{"rendered":"\u00daj eln\u00f6k az \u00fcgyrendi bizotts\u00e1gban"},"content":{"rendered":"<p>A vonatkoz\u00f3 t\u00f6rv\u00e9ny szerint az alpolg\u00e1rmester nem lehet bizotts\u00e1g eln\u00f6ke vagy tagja. A szab\u00e1ly \u00e9rtelm\u00e9ben Husz\u00e1r M\u00e1t\u00e9 2016. m\u00e1rcius 10-\u00e9n t\u00f6rt\u00e9nt alpolg\u00e1rmesterr\u00e9 v\u00e1laszt\u00e1s\u00e1val az \u00fcgyrendi, jogi \u00e9s k\u00f6zbeszerz\u00e9si bizotts\u00e1g \u00e9l\u00e9re \u00faj eln\u00f6k\u00f6t kellett v\u00e1lasztani, mivel ezt a feladatot kor\u00e1bban Husz\u00e1r M\u00e1t\u00e9 l\u00e1tta el. A v\u00e1rosi k\u00f6zgy\u0171l\u00e9s d\u00f6nt\u00e9se \u00e9rtelm\u00e9ben a bizotts\u00e1g eln\u00f6k\u00e9v\u00e9 Dud\u00e1s N\u00e1ndort v\u00e1lasztott\u00e1k, aki ezt megel\u0151z\u0151en tagk\u00e9nt tev\u00e9kenykedett a bizotts\u00e1gban, \u00edgy hely\u00e9re Moln\u00e1r K\u00e1roly k\u00e9pvisel\u0151nek szavazott bizalmat a test\u00fclet. Az \u00fcgyrendi, jogi \u00e9s k\u00f6zbeszerz\u00e9si bizotts\u00e1g \u00f6sszet\u00e9tele a k\u00f6vetkez\u0151: Dud\u00e1s N\u00e1ndor (eln\u00f6k), Turcs\u00e1ny L\u00e1szl\u00f3 (eln\u00f6khelyettes), Moln\u00e1r K\u00e1roly, Homoga L\u00e1szl\u00f3, Tolnai S\u00e1ndor (telep\u00fcl\u00e9si k\u00e9pvisel\u0151i tagok), Czene Gyula, Harmos L\u00e1szl\u00f3, Holczer L\u00e1szl\u00f3n\u00e9, Danyi Erika (nem telep\u00fcl\u00e9si k\u00e9pvisel\u0151i tagok).<\/p>\n","protected":false},"excerpt":{"rendered":"<p>A vonatkoz\u00f3 t\u00f6rv\u00e9ny szerint az alpolg\u00e1rmester nem lehet bizotts\u00e1g eln\u00f6ke vagy tagja. A szab\u00e1ly \u00e9rtelm\u00e9ben Husz\u00e1r M\u00e1t\u00e9 2016. m\u00e1rcius 10-\u00e9n t\u00f6rt\u00e9nt alpolg\u00e1rmesterr\u00e9 v\u00e1laszt\u00e1s\u00e1val az \u00fcgyrendi, jogi \u00e9s k\u00f6zbeszerz\u00e9si bizotts\u00e1g \u00e9l\u00e9re \u00faj eln\u00f6k\u00f6t kellett v\u00e1lasztani, mivel ezt a feladatot kor\u00e1bban Husz\u00e1r M\u00e1t\u00e9 l\u00e1tta el. A v\u00e1rosi k\u00f6zgy\u0171l\u00e9s d\u00f6nt\u00e9se \u00e9rtelm\u00e9ben a bizotts\u00e1g eln\u00f6k\u00e9v\u00e9 Dud\u00e1s N\u00e1ndort v\u00e1lasztott\u00e1k, aki &#8230; <a title=\"\u00daj eln\u00f6k az \u00fcgyrendi bizotts\u00e1gban\" class=\"read-more\" href=\"https:\/\/www.salgotarjan.hu\/?p=3516\" aria-label=\"Read more about \u00daj eln\u00f6k az \u00fcgyrendi bizotts\u00e1gban\">Olvass tov\u00e1bb<\/a><\/p>\n","protected":false},"author":7,"featured_media":0,"comment_status":"closed","ping_status":"closed","sticky":false,"template":"","format":"standard","meta":{"footnotes":""},"categories":[1,10],"tags":[],"class_list":["post-3516","post","type-post","status-publish","format-standard","hentry","category-egyebek","category-hirek-aktualitasok"],"_links":{"self":[{"href":"https:\/\/www.salgotarjan.hu\/index.php?rest_route=\/wp\/v2\/posts\/3516","targetHints":{"allow":["GET"]}}],"collection":[{"href":"https:\/\/www.salgotarjan.hu\/index.php?rest_route=\/wp\/v2\/posts"}],"about":[{"href":"https:\/\/www.salgotarjan.hu\/index.php?rest_route=\/wp\/v2\/types\/post"}],"author":[{"embeddable":true,"href":"https:\/\/www.salgotarjan.hu\/index.php?rest_route=\/wp\/v2\/users\/7"}],"replies":[{"embeddable":true,"href":"https:\/\/www.salgotarjan.hu\/index.php?rest_route=%2Fwp%2Fv2%2Fcomments&post=3516"}],"version-history":[{"count":3,"href":"https:\/\/www.salgotarjan.hu\/index.php?rest_route=\/wp\/v2\/posts\/3516\/revisions"}],"predecessor-version":[{"id":3522,"href":"https:\/\/www.salgotarjan.hu\/index.php?rest_route=\/wp\/v2\/posts\/3516\/revisions\/3522"}],"wp:attachment":[{"href":"https:\/\/www.salgotarjan.hu\/index.php?rest_route=%2Fwp%2Fv2%2Fmedia&parent=3516"}],"wp:term":[{"taxonomy":"category","embeddable":true,"href":"https:\/\/www.salgotarjan.hu\/index.php?rest_route=%2Fwp%2Fv2%2Fcategories&post=3516"},{"taxonomy":"post_tag","embeddable":true,"href":"https:\/\/www.salgotarjan.hu\/index.php?rest_route=%2Fwp%2Fv2%2Ftags&post=3516"}],"curies":[{"name":"wp","href":"https:\/\/api.w.org\/{rel}","templated":true}]}}