{"id":3513,"date":"2016-03-11T15:20:33","date_gmt":"2016-03-11T14:20:33","guid":{"rendered":"http:\/\/www.salgotarjan.hu\/?p=3513"},"modified":"2019-04-21T12:13:50","modified_gmt":"2019-04-21T10:13:50","slug":"palyazati-felhivas-6","status":"publish","type":"post","link":"https:\/\/www.salgotarjan.hu\/?p=3513","title":{"rendered":"P\u00e1ly\u00e1zati felh\u00edv\u00e1s"},"content":{"rendered":"<p>Salg\u00f3tarj\u00e1n Megyei Jog\u00fa V\u00e1ros \u00d6nkorm\u00e1nyzata a Civil Koncepci\u00f3j\u00e1nak mell\u00e9klete alapj\u00e1n t\u00e1mogatja a Salg\u00f3tarj\u00e1n ter\u00fclet\u00e9n m\u0171k\u00f6d\u0151 civil szervezetek tev\u00e9kenys\u00e9g\u00e9t, a civil szervezetek egy\u00fcttm\u0171k\u00f6d\u00e9si form\u00e1it, valamint az \u00e1ltaluk tervezett programok megszervez\u00e9s\u00e9t.<br \/>\nA k\u00e9relem beny\u00fajt\u00e1s\u00e1nak hat\u00e1rideje: 2016. m\u00e1rcius 30.<\/p>\n<p>A felh\u00edv\u00e1shoz kapcsol\u00f3d\u00f3 dokumentum let\u00f6lthet\u0151 az \u00d6nkorm\u00e1nyzat-><a href=\"http:\/\/www.salgotarjan.hu\/?page_id=829\">P\u00e1ly\u00e1zatok<\/a> oldalr\u00f3l.<\/p>\n","protected":false},"excerpt":{"rendered":"<p>Salg\u00f3tarj\u00e1n Megyei Jog\u00fa V\u00e1ros \u00d6nkorm\u00e1nyzata a Civil Koncepci\u00f3j\u00e1nak mell\u00e9klete alapj\u00e1n t\u00e1mogatja a Salg\u00f3tarj\u00e1n ter\u00fclet\u00e9n m\u0171k\u00f6d\u0151 civil szervezetek tev\u00e9kenys\u00e9g\u00e9t, a civil szervezetek egy\u00fcttm\u0171k\u00f6d\u00e9si form\u00e1it, valamint az \u00e1ltaluk tervezett programok megszervez\u00e9s\u00e9t. A k\u00e9relem beny\u00fajt\u00e1s\u00e1nak hat\u00e1rideje: 2016. m\u00e1rcius 30. A felh\u00edv\u00e1shoz kapcsol\u00f3d\u00f3 dokumentum let\u00f6lthet\u0151 az \u00d6nkorm\u00e1nyzat->P\u00e1ly\u00e1zatok oldalr\u00f3l.<\/p>\n","protected":false},"author":7,"featured_media":0,"comment_status":"closed","ping_status":"closed","sticky":false,"template":"","format":"standard","meta":{"footnotes":""},"categories":[1,10],"tags":[],"class_list":["post-3513","post","type-post","status-publish","format-standard","hentry","category-egyebek","category-hirek-aktualitasok"],"_links":{"self":[{"href":"https:\/\/www.salgotarjan.hu\/index.php?rest_route=\/wp\/v2\/posts\/3513","targetHints":{"allow":["GET"]}}],"collection":[{"href":"https:\/\/www.salgotarjan.hu\/index.php?rest_route=\/wp\/v2\/posts"}],"about":[{"href":"https:\/\/www.salgotarjan.hu\/index.php?rest_route=\/wp\/v2\/types\/post"}],"author":[{"embeddable":true,"href":"https:\/\/www.salgotarjan.hu\/index.php?rest_route=\/wp\/v2\/users\/7"}],"replies":[{"embeddable":true,"href":"https:\/\/www.salgotarjan.hu\/index.php?rest_route=%2Fwp%2Fv2%2Fcomments&post=3513"}],"version-history":[{"count":1,"href":"https:\/\/www.salgotarjan.hu\/index.php?rest_route=\/wp\/v2\/posts\/3513\/revisions"}],"predecessor-version":[{"id":3515,"href":"https:\/\/www.salgotarjan.hu\/index.php?rest_route=\/wp\/v2\/posts\/3513\/revisions\/3515"}],"wp:attachment":[{"href":"https:\/\/www.salgotarjan.hu\/index.php?rest_route=%2Fwp%2Fv2%2Fmedia&parent=3513"}],"wp:term":[{"taxonomy":"category","embeddable":true,"href":"https:\/\/www.salgotarjan.hu\/index.php?rest_route=%2Fwp%2Fv2%2Fcategories&post=3513"},{"taxonomy":"post_tag","embeddable":true,"href":"https:\/\/www.salgotarjan.hu\/index.php?rest_route=%2Fwp%2Fv2%2Ftags&post=3513"}],"curies":[{"name":"wp","href":"https:\/\/api.w.org\/{rel}","templated":true}]}}