{"id":3503,"date":"2016-03-10T15:47:34","date_gmt":"2016-03-10T14:47:34","guid":{"rendered":"http:\/\/www.salgotarjan.hu\/?p=3503"},"modified":"2019-04-21T12:13:50","modified_gmt":"2019-04-21T10:13:50","slug":"eskut-tett-fekete-zsolt-salgotarjan-polgarmestere","status":"publish","type":"post","link":"https:\/\/www.salgotarjan.hu\/?p=3503","title":{"rendered":"Esk\u00fct tett Fekete Zsolt, Salg\u00f3tarj\u00e1n polg\u00e1rmestere"},"content":{"rendered":"<p><img loading=\"lazy\" decoding=\"async\" src=\"http:\/\/www.salgotarjan.hu\/wp-content\/uploads\/20160310_beiktatas_1.jpg\" alt=\"20160310_beiktatas_1\" width=\"480\" height=\"319\" class=\"alignnone size-full wp-image-3504\" srcset=\"https:\/\/www.salgotarjan.hu\/wp-content\/uploads\/20160310_beiktatas_1.jpg 480w, https:\/\/www.salgotarjan.hu\/wp-content\/uploads\/20160310_beiktatas_1-300x199.jpg 300w\" sizes=\"auto, (max-width: 480px) 100vw, 480px\" \/><\/p>\n<p>Salg\u00f3tarj\u00e1n Megyei Jog\u00fa V\u00e1ros K\u00f6zgy\u0171l\u00e9se a mai napon rendk\u00edv\u00fcli \u00fcl\u00e9st tartott, amelyen \u00fcnnep\u00e9lyes keretek k\u00f6z\u00f6tt letette hivatali esk\u00fcj\u00e9t Fekete Zsolt, Salg\u00f3tarj\u00e1n febru\u00e1rban megv\u00e1lasztott polg\u00e1rmestere.<\/p>\n<p>A k\u00f6zgy\u0171l\u00e9s egyhang\u00fa d\u00f6nt\u00e9ssel alpolg\u00e1rmesterr\u00e9 v\u00e1lasztotta Husz\u00e1r M\u00e1t\u00e9t, aki szint\u00e9t esk\u00fct tett a k\u00e9pvisel\u0151test\u00fclet \u00e9s az esem\u00e9nyt a helysz\u00ednen figyelemmel k\u00eds\u00e9r\u0151 vend\u00e9gek \u00e9s salg\u00f3tarj\u00e1ni polg\u00e1rok el\u0151tt.<\/p>\n<p><img loading=\"lazy\" decoding=\"async\" src=\"http:\/\/www.salgotarjan.hu\/wp-content\/uploads\/20160310_beiktatas_2.jpg\" alt=\"20160310_beiktatas_2\" width=\"839\" height=\"546\" class=\"alignnone size-full wp-image-3505\" srcset=\"https:\/\/www.salgotarjan.hu\/wp-content\/uploads\/20160310_beiktatas_2.jpg 839w, https:\/\/www.salgotarjan.hu\/wp-content\/uploads\/20160310_beiktatas_2-300x195.jpg 300w, https:\/\/www.salgotarjan.hu\/wp-content\/uploads\/20160310_beiktatas_2-768x500.jpg 768w\" sizes=\"auto, (max-width: 839px) 100vw, 839px\" \/><\/p>\n<p>A rendk\u00edv\u00fcli k\u00f6zgy\u0171l\u00e9sen megh\u00edvottk\u00e9nt felsz\u00f3lalt Hiller Istv\u00e1n az Orsz\u00e1ggy\u0171l\u00e9s al\u00adel\u00adn\u00f6\u00adke, Szab\u00f3 S\u00e1ndor kor\u00adm\u00e1ny\u00admeg\u00adb\u00ed\u00adzott \u00e9s Skuczi N\u00e1ndor a N\u00f3gr\u00e1d Me\u00adgyei \u00d6n\u00adkor\u00adm\u00e1ny\u00adzat eln\u00f6ke, valamint az \u00fcl\u00e9\u00adsen r\u00e9szt vett Becs\u00f3 Zsolt, a t\u00e9r\u00ads\u00e9g parlamenti k\u00e9p\u00advi\u00adse\u00adl\u0151\u00adje is.<\/p>\n<p>Fekete Zsolt polg\u00e1rmester sz\u00e9kfoglal\u00f3 besz\u00e9d\u00e9ben id\u00e9zte a v\u00e1ros n\u00e9hai pol\u00adg\u00e1r\u00admes\u00adter\u00e9nek, D\u00f3ra Ott\u00f3nak sza\u00adva\u00adit, miszerint vissza kell t\u00e9r\u00adni a po\u00adli\u00adti\u00adka sz\u00f3 ere\u00adde\u00adti jelent\u00e9s\u00e9hez, ami azt je\u00adlen\u00adti, hogy r\u00e9szt ve\u00adsz\u00fcnk a v\u00e1\u00adros \u00fcgye\u00adi\u00adben, te\u00adsz\u00fcnk a v\u00e1\u00adro\u00ads\u00e9rt. Azt mond\u00adta, sz\u00e1\u00adm\u00e1\u00adra min\u00addig fon\u00adtos ma\u00adrad a komp\u00adro\u00admisszum\u00adk\u00e9sz\u00ads\u00e9g \u00e9s Salg\u00f3tarj\u00e1n minden la\u00adk\u00f3\u00adj\u00e1\u00adnak egy\u00fctt\u00adm\u0171\u00adk\u00f6\u00add\u00e9\u00ads\u00e9\u00adre \u00e9pp\u00ad\u00fagy sz\u00e1\u00adm\u00edt, mint az or\u00adsz\u00e1\u00adgos \u00e9s a me\u00adgyei szer\u00advek\u00adkel, ve\u00adze\u00adt\u0151k\u00adkel, k\u00e9p\u00advi\u00adse\u00adl\u0151k\u00adkel foly\u00adta\u00adtott k\u00f6\u00adz\u00f6s mun\u00adk\u00e1\u00adra. Majd besz\u00e9d\u00e9t a &#8222;me\u00adgy\u00fcnk tov\u00e1bb, Salg\u00f3tarj\u00e1n!&#8221; szavakkal z\u00e1rta.<\/p>\n<p><img loading=\"lazy\" decoding=\"async\" src=\"http:\/\/www.salgotarjan.hu\/wp-content\/uploads\/20160310_beiktatas_3.jpg\" alt=\"20160310_beiktatas_3\" width=\"480\" height=\"319\" class=\"alignnone size-full wp-image-3506\" srcset=\"https:\/\/www.salgotarjan.hu\/wp-content\/uploads\/20160310_beiktatas_3.jpg 480w, https:\/\/www.salgotarjan.hu\/wp-content\/uploads\/20160310_beiktatas_3-300x199.jpg 300w\" sizes=\"auto, (max-width: 480px) 100vw, 480px\" \/><\/p>\n<p>A mai k\u00f6z\u00adgy\u0171\u00adl\u00e9sen t\u00f6bb napirendi pontot is t\u00e1rgyalt a test\u00fclet \u00e9s el\u00adfo\u00adgad\u00adta a v\u00e1\u00adros 2016-os k\u00f6lt\u00ads\u00e9g\u00adve\u00adt\u00e9\u00ads\u00e9t. Az \u00faj polg\u00e1rmester szerint a ter\u00adve\u00adzett pro\u00adjek\u00adtek meg\u00adva\u00adl\u00f3\u00ads\u00ed\u00adt\u00e1\u00adsuk ese\u00adt\u00e9n er\u0151teljes va\u00adgyon\u00adn\u00f6\u00adve\u00adke\u00add\u00e9st ered\u00adm\u00e9\u00adnyez\u00adnek, a be\u00adru\u00adh\u00e1\u00adz\u00e1\u00adsok \u00e9s fel\u00ad\u00faj\u00ed\u00adt\u00e1\u00adsok r\u00e9\u00adv\u00e9n pedig a v\u00e1\u00adros je\u00adlen\u00adt\u0151s fej\u00adl\u0151\u00add\u00e9st fog el\u00ad\u00e9r\u00adni \u00e9s va\u00adgyo\u00adna b\u0151\u00adv\u00fclni fog. Fekete Zsolt szerint a nagy el\u00adl\u00e1\u00adt\u00e1\u00adsi feladatokhoz a sz\u00fck\u00ads\u00e9\u00adges p\u00e9nz a k\u00f6lt\u00ads\u00e9g\u00adve\u00adt\u00e9s\u00adben ren\u00addel\u00adke\u00adz\u00e9s\u00adre \u00e1ll, de a fel\u00adhasz\u00adn\u00e1l\u00adha\u00adt\u00f3 for\u00adr\u00e1\u00adsok kor\u00adl\u00e1\u00adto\u00adzott\u00ads\u00e1\u00adga mi\u00adatt az in\u00adt\u00e9z\u00adm\u00e9\u00adnyek, t\u00e1r\u00adsa\u00ads\u00e1\u00adgok ve\u00adze\u00adt\u0151\u00adi\u00adt\u0151l elv\u00e1rja a hat\u00e9kony, ta\u00adka\u00adr\u00e9\u00adko\u00ads gaz\u00add\u00e1l\u00adko\u00add\u00e1st \u00e9s az el\u0151\u00adir\u00e1ny\u00adza\u00adti kor\u00adl\u00e1\u00adtok betart\u00e1s\u00e1t. 8 igen sza\u00adva\u00adzat\u00adtal, 6 nem el\u00adle\u00adn\u00e9\u00adben fo\u00adgad\u00adt\u00e1k el a k\u00f6lts\u00e9gvet\u00e9st.<\/p>\n","protected":false},"excerpt":{"rendered":"<p>Salg\u00f3tarj\u00e1n Megyei Jog\u00fa V\u00e1ros K\u00f6zgy\u0171l\u00e9se a mai napon rendk\u00edv\u00fcli \u00fcl\u00e9st tartott, amelyen \u00fcnnep\u00e9lyes keretek k\u00f6z\u00f6tt letette hivatali esk\u00fcj\u00e9t Fekete Zsolt, Salg\u00f3tarj\u00e1n febru\u00e1rban megv\u00e1lasztott polg\u00e1rmestere. A k\u00f6zgy\u0171l\u00e9s egyhang\u00fa d\u00f6nt\u00e9ssel alpolg\u00e1rmesterr\u00e9 v\u00e1lasztotta Husz\u00e1r M\u00e1t\u00e9t, aki szint\u00e9t esk\u00fct tett a k\u00e9pvisel\u0151test\u00fclet \u00e9s az esem\u00e9nyt a helysz\u00ednen figyelemmel k\u00eds\u00e9r\u0151 vend\u00e9gek \u00e9s salg\u00f3tarj\u00e1ni polg\u00e1rok el\u0151tt. A rendk\u00edv\u00fcli k\u00f6zgy\u0171l\u00e9sen megh\u00edvottk\u00e9nt felsz\u00f3lalt &#8230; <a title=\"Esk\u00fct tett Fekete Zsolt, Salg\u00f3tarj\u00e1n polg\u00e1rmestere\" class=\"read-more\" href=\"https:\/\/www.salgotarjan.hu\/?p=3503\" aria-label=\"Read more about Esk\u00fct tett Fekete Zsolt, Salg\u00f3tarj\u00e1n polg\u00e1rmestere\">Olvass tov\u00e1bb<\/a><\/p>\n","protected":false},"author":7,"featured_media":0,"comment_status":"closed","ping_status":"closed","sticky":false,"template":"","format":"standard","meta":{"footnotes":""},"categories":[1,10],"tags":[],"class_list":["post-3503","post","type-post","status-publish","format-standard","hentry","category-egyebek","category-hirek-aktualitasok"],"_links":{"self":[{"href":"https:\/\/www.salgotarjan.hu\/index.php?rest_route=\/wp\/v2\/posts\/3503","targetHints":{"allow":["GET"]}}],"collection":[{"href":"https:\/\/www.salgotarjan.hu\/index.php?rest_route=\/wp\/v2\/posts"}],"about":[{"href":"https:\/\/www.salgotarjan.hu\/index.php?rest_route=\/wp\/v2\/types\/post"}],"author":[{"embeddable":true,"href":"https:\/\/www.salgotarjan.hu\/index.php?rest_route=\/wp\/v2\/users\/7"}],"replies":[{"embeddable":true,"href":"https:\/\/www.salgotarjan.hu\/index.php?rest_route=%2Fwp%2Fv2%2Fcomments&post=3503"}],"version-history":[{"count":4,"href":"https:\/\/www.salgotarjan.hu\/index.php?rest_route=\/wp\/v2\/posts\/3503\/revisions"}],"predecessor-version":[{"id":3510,"href":"https:\/\/www.salgotarjan.hu\/index.php?rest_route=\/wp\/v2\/posts\/3503\/revisions\/3510"}],"wp:attachment":[{"href":"https:\/\/www.salgotarjan.hu\/index.php?rest_route=%2Fwp%2Fv2%2Fmedia&parent=3503"}],"wp:term":[{"taxonomy":"category","embeddable":true,"href":"https:\/\/www.salgotarjan.hu\/index.php?rest_route=%2Fwp%2Fv2%2Fcategories&post=3503"},{"taxonomy":"post_tag","embeddable":true,"href":"https:\/\/www.salgotarjan.hu\/index.php?rest_route=%2Fwp%2Fv2%2Ftags&post=3503"}],"curies":[{"name":"wp","href":"https:\/\/api.w.org\/{rel}","templated":true}]}}