{"id":3491,"date":"2016-03-09T10:37:25","date_gmt":"2016-03-09T09:37:25","guid":{"rendered":"http:\/\/www.salgotarjan.hu\/?p=3491"},"modified":"2019-04-21T12:13:50","modified_gmt":"2019-04-21T10:13:50","slug":"palyazati-felhivas-5","status":"publish","type":"post","link":"https:\/\/www.salgotarjan.hu\/?p=3491","title":{"rendered":"P\u00e1ly\u00e1zati felh\u00edv\u00e1s"},"content":{"rendered":"<p>Salg\u00f3tarj\u00e1n Megyei Jog\u00fa V\u00e1ros \u00d6nkorm\u00e1nyzata az <strong>\u201eItt van az otthonunk, itt van a j\u00f6v\u0151nk!\u201d<\/strong> \u00f6szt\u00f6nd\u00edjr\u00f3l sz\u00f3l\u00f3 22\/2013. (IV. 25.) \u00f6nkorm\u00e1nyzati rendelet alapj\u00e1n p\u00e1ly\u00e1zatot hirdet.<br \/>\nA p\u00e1ly\u00e1zat beny\u00fajt\u00e1s\u00e1nak hat\u00e1rideje: 2016. szeptember 20.<\/p>\n<p>A p\u00e1ly\u00e1zati felh\u00edv\u00e1s \u00e9s adatlap let\u00f6lthet\u0151 az \u00d6nkorm\u00e1nyzat-><a href=\"http:\/\/www.salgotarjan.hu\/?page_id=829\">P\u00e1ly\u00e1zatok<\/a> oldalon.<\/p>\n","protected":false},"excerpt":{"rendered":"<p>Salg\u00f3tarj\u00e1n Megyei Jog\u00fa V\u00e1ros \u00d6nkorm\u00e1nyzata az \u201eItt van az otthonunk, itt van a j\u00f6v\u0151nk!\u201d \u00f6szt\u00f6nd\u00edjr\u00f3l sz\u00f3l\u00f3 22\/2013. (IV. 25.) \u00f6nkorm\u00e1nyzati rendelet alapj\u00e1n p\u00e1ly\u00e1zatot hirdet. A p\u00e1ly\u00e1zat beny\u00fajt\u00e1s\u00e1nak hat\u00e1rideje: 2016. szeptember 20. A p\u00e1ly\u00e1zati felh\u00edv\u00e1s \u00e9s adatlap let\u00f6lthet\u0151 az \u00d6nkorm\u00e1nyzat->P\u00e1ly\u00e1zatok oldalon.<\/p>\n","protected":false},"author":7,"featured_media":0,"comment_status":"closed","ping_status":"closed","sticky":false,"template":"","format":"standard","meta":{"footnotes":""},"categories":[1,10],"tags":[],"class_list":["post-3491","post","type-post","status-publish","format-standard","hentry","category-egyebek","category-hirek-aktualitasok"],"_links":{"self":[{"href":"https:\/\/www.salgotarjan.hu\/index.php?rest_route=\/wp\/v2\/posts\/3491","targetHints":{"allow":["GET"]}}],"collection":[{"href":"https:\/\/www.salgotarjan.hu\/index.php?rest_route=\/wp\/v2\/posts"}],"about":[{"href":"https:\/\/www.salgotarjan.hu\/index.php?rest_route=\/wp\/v2\/types\/post"}],"author":[{"embeddable":true,"href":"https:\/\/www.salgotarjan.hu\/index.php?rest_route=\/wp\/v2\/users\/7"}],"replies":[{"embeddable":true,"href":"https:\/\/www.salgotarjan.hu\/index.php?rest_route=%2Fwp%2Fv2%2Fcomments&post=3491"}],"version-history":[{"count":2,"href":"https:\/\/www.salgotarjan.hu\/index.php?rest_route=\/wp\/v2\/posts\/3491\/revisions"}],"predecessor-version":[{"id":3493,"href":"https:\/\/www.salgotarjan.hu\/index.php?rest_route=\/wp\/v2\/posts\/3491\/revisions\/3493"}],"wp:attachment":[{"href":"https:\/\/www.salgotarjan.hu\/index.php?rest_route=%2Fwp%2Fv2%2Fmedia&parent=3491"}],"wp:term":[{"taxonomy":"category","embeddable":true,"href":"https:\/\/www.salgotarjan.hu\/index.php?rest_route=%2Fwp%2Fv2%2Fcategories&post=3491"},{"taxonomy":"post_tag","embeddable":true,"href":"https:\/\/www.salgotarjan.hu\/index.php?rest_route=%2Fwp%2Fv2%2Ftags&post=3491"}],"curies":[{"name":"wp","href":"https:\/\/api.w.org\/{rel}","templated":true}]}}