{"id":3489,"date":"2016-03-09T10:36:35","date_gmt":"2016-03-09T09:36:35","guid":{"rendered":"http:\/\/www.salgotarjan.hu\/?p=3489"},"modified":"2019-04-21T12:13:50","modified_gmt":"2019-04-21T10:13:50","slug":"palyazati-felhivas-4","status":"publish","type":"post","link":"https:\/\/www.salgotarjan.hu\/?p=3489","title":{"rendered":"P\u00e1ly\u00e1zati felh\u00edv\u00e1s"},"content":{"rendered":"<p>Salg\u00f3tarj\u00e1n Megyei Jog\u00fa V\u00e1ros \u00d6nkorm\u00e1nyzata p\u00e1ly\u00e1zatot \u00edr ki az orsz\u00e1gos versenyhelyezett di\u00e1kok \u00e9s felk\u00e9sz\u00edt\u0151 tan\u00e1raik r\u00e9sz\u00e9re a <strong>&#8222;Salg\u00f3tarj\u00e1n v\u00e1ros ifj\u00fa tehets\u00e9ge\u201d<\/strong>, a <strong>&#8222;Salg\u00f3tarj\u00e1n v\u00e1ros ifj\u00fa m\u0171v\u00e9sztehets\u00e9ge\u201d<\/strong>, a <strong>&#8222;Salg\u00f3tarj\u00e1n v\u00e1ros kiv\u00e1l\u00f3 ifj\u00fas\u00e1gi m\u0171v\u00e9szeti csoportja\u201d<\/strong> \u00e9s a <strong>&#8222;Salg\u00f3tarj\u00e1n v\u00e1ros kiv\u00e1l\u00f3 tehets\u00e9ggondoz\u00f3 pedag\u00f3gusa\u201d<\/strong> c\u00edmek elnyer\u00e9s\u00e9re.<\/p>\n<p>A p\u00e1ly\u00e1zati adatlap be\u00e9rkez\u00e9si hat\u00e1rideje: 2016. m\u00e1jus 10.,<br \/>\namennyiben a verseny nem z\u00e1rul le m\u00e1jus 5-ig, \u00fagy 2016. j\u00falius 31.<\/p>\n<p>A p\u00e1ly\u00e1zati felh\u00edv\u00e1s \u00e9s adatlap let\u00f6lthet\u0151 az \u00d6nkorm\u00e1nyzat-><a href=\"http:\/\/www.salgotarjan.hu\/?page_id=829\">P\u00e1ly\u00e1zatok<\/a> oldalon.<\/p>\n","protected":false},"excerpt":{"rendered":"<p>Salg\u00f3tarj\u00e1n Megyei Jog\u00fa V\u00e1ros \u00d6nkorm\u00e1nyzata p\u00e1ly\u00e1zatot \u00edr ki az orsz\u00e1gos versenyhelyezett di\u00e1kok \u00e9s felk\u00e9sz\u00edt\u0151 tan\u00e1raik r\u00e9sz\u00e9re a &#8222;Salg\u00f3tarj\u00e1n v\u00e1ros ifj\u00fa tehets\u00e9ge\u201d, a &#8222;Salg\u00f3tarj\u00e1n v\u00e1ros ifj\u00fa m\u0171v\u00e9sztehets\u00e9ge\u201d, a &#8222;Salg\u00f3tarj\u00e1n v\u00e1ros kiv\u00e1l\u00f3 ifj\u00fas\u00e1gi m\u0171v\u00e9szeti csoportja\u201d \u00e9s a &#8222;Salg\u00f3tarj\u00e1n v\u00e1ros kiv\u00e1l\u00f3 tehets\u00e9ggondoz\u00f3 pedag\u00f3gusa\u201d c\u00edmek elnyer\u00e9s\u00e9re. A p\u00e1ly\u00e1zati adatlap be\u00e9rkez\u00e9si hat\u00e1rideje: 2016. m\u00e1jus 10., amennyiben a verseny nem z\u00e1rul &#8230; <a title=\"P\u00e1ly\u00e1zati felh\u00edv\u00e1s\" class=\"read-more\" href=\"https:\/\/www.salgotarjan.hu\/?p=3489\" aria-label=\"Read more about P\u00e1ly\u00e1zati felh\u00edv\u00e1s\">Olvass tov\u00e1bb<\/a><\/p>\n","protected":false},"author":7,"featured_media":0,"comment_status":"closed","ping_status":"closed","sticky":false,"template":"","format":"standard","meta":{"footnotes":""},"categories":[1,10],"tags":[],"class_list":["post-3489","post","type-post","status-publish","format-standard","hentry","category-egyebek","category-hirek-aktualitasok"],"_links":{"self":[{"href":"https:\/\/www.salgotarjan.hu\/index.php?rest_route=\/wp\/v2\/posts\/3489","targetHints":{"allow":["GET"]}}],"collection":[{"href":"https:\/\/www.salgotarjan.hu\/index.php?rest_route=\/wp\/v2\/posts"}],"about":[{"href":"https:\/\/www.salgotarjan.hu\/index.php?rest_route=\/wp\/v2\/types\/post"}],"author":[{"embeddable":true,"href":"https:\/\/www.salgotarjan.hu\/index.php?rest_route=\/wp\/v2\/users\/7"}],"replies":[{"embeddable":true,"href":"https:\/\/www.salgotarjan.hu\/index.php?rest_route=%2Fwp%2Fv2%2Fcomments&post=3489"}],"version-history":[{"count":2,"href":"https:\/\/www.salgotarjan.hu\/index.php?rest_route=\/wp\/v2\/posts\/3489\/revisions"}],"predecessor-version":[{"id":3494,"href":"https:\/\/www.salgotarjan.hu\/index.php?rest_route=\/wp\/v2\/posts\/3489\/revisions\/3494"}],"wp:attachment":[{"href":"https:\/\/www.salgotarjan.hu\/index.php?rest_route=%2Fwp%2Fv2%2Fmedia&parent=3489"}],"wp:term":[{"taxonomy":"category","embeddable":true,"href":"https:\/\/www.salgotarjan.hu\/index.php?rest_route=%2Fwp%2Fv2%2Fcategories&post=3489"},{"taxonomy":"post_tag","embeddable":true,"href":"https:\/\/www.salgotarjan.hu\/index.php?rest_route=%2Fwp%2Fv2%2Ftags&post=3489"}],"curies":[{"name":"wp","href":"https:\/\/api.w.org\/{rel}","templated":true}]}}