{"id":3483,"date":"2016-03-20T06:00:37","date_gmt":"2016-03-20T05:00:37","guid":{"rendered":"http:\/\/www.salgotarjan.hu\/?p=3483"},"modified":"2019-04-21T12:13:49","modified_gmt":"2019-04-21T10:13:49","slug":"salgotarjanbol-elszarmazott-muveszek-fesztivalja","status":"publish","type":"post","link":"https:\/\/www.salgotarjan.hu\/?p=3483","title":{"rendered":"Salg\u00f3tarj\u00e1nb\u00f3l Elsz\u00e1rmazott M\u0171v\u00e9szek Fesztiv\u00e1lja"},"content":{"rendered":"<p>\u00c1prilis 4-\u00e9n \u00fcnnepeli fenn\u00e1ll\u00e1s\u00e1nak 50. \u00e9vfordul\u00f3j\u00e1t a salg\u00f3tarj\u00e1ni J\u00f3zsef Attila M\u0171vel\u0151d\u00e9si K\u00f6zpont. Az f\u00e9l \u00e9vsz\u00e1zados jubileum alkalm\u00e1b\u00f3l ker\u00fcl megrendez\u00e9sre a &#8222;SEMFESZT&#8221; &#8211; vagyis a Salg\u00f3tarj\u00e1nb\u00f3l Elsz\u00e1rmazott M\u0171v\u00e9szek Fesztiv\u00e1lja. A m\u0171sorban olyan orsz\u00e1gosan \u00e9s nemzetk\u00f6zi szinten is ismert m\u0171v\u00e9szek l\u00e9pnek fel, akik Salg\u00f3tarj\u00e1nban kezdt\u00e9k tanulm\u00e1nyaikat \u00e9s annak idej\u00e9n a J\u00f3zsef Attila M\u0171vel\u0151d\u00e9si K\u00f6zpontban l\u00e9ptek fel el\u0151sz\u00f6r a \u201evil\u00e1got jelent\u0151 deszk\u00e1kra&#8221;. Az estre t\u00f6bbek k\u00f6z\u00f6tt hazat\u00e9r P\u00e1ndy Piroska, Szorcsik Vikt\u00f3ria, Becze Szilvia, Alapi Istv\u00e1n, Pindroch Csaba \u00e9s Szolnoki P\u00e9ter. A m\u0171v\u00e9szeket a szint\u00e9n salg\u00f3tarj\u00e1ni sz\u00e1rmaz\u00e1s\u00fa \u00fajs\u00e1g\u00edr\u00f3 S\u00e1ndor Andr\u00e1s k\u00e9rdezi \u00e9let\u00fckr\u0151l, munk\u00e1jukr\u00f3l \u00e9s a v\u00e1roshoz k\u00f6t\u0151d\u0151 \u00e9lm\u00e9nyeikr\u0151l \u00e1prilis 4-\u00e9n a J\u00f3zsef Attila M\u0171vel\u0151d\u00e9si \u00e9s Konferencia K\u00f6zpontban.<\/p>\n<p><img loading=\"lazy\" decoding=\"async\" src=\"http:\/\/www.salgotarjan.hu\/wp-content\/uploads\/20160309_semfeszt.jpg\" alt=\"20160309_semfeszt\" width=\"480\" height=\"679\" class=\"alignnone size-full wp-image-3484\" srcset=\"https:\/\/www.salgotarjan.hu\/wp-content\/uploads\/20160309_semfeszt.jpg 480w, https:\/\/www.salgotarjan.hu\/wp-content\/uploads\/20160309_semfeszt-212x300.jpg 212w\" sizes=\"auto, (max-width: 480px) 100vw, 480px\" \/><\/p>\n","protected":false},"excerpt":{"rendered":"<p>\u00c1prilis 4-\u00e9n \u00fcnnepeli fenn\u00e1ll\u00e1s\u00e1nak 50. \u00e9vfordul\u00f3j\u00e1t a salg\u00f3tarj\u00e1ni J\u00f3zsef Attila M\u0171vel\u0151d\u00e9si K\u00f6zpont. Az f\u00e9l \u00e9vsz\u00e1zados jubileum alkalm\u00e1b\u00f3l ker\u00fcl megrendez\u00e9sre a &#8222;SEMFESZT&#8221; &#8211; vagyis a Salg\u00f3tarj\u00e1nb\u00f3l Elsz\u00e1rmazott M\u0171v\u00e9szek Fesztiv\u00e1lja. A m\u0171sorban olyan orsz\u00e1gosan \u00e9s nemzetk\u00f6zi szinten is ismert m\u0171v\u00e9szek l\u00e9pnek fel, akik Salg\u00f3tarj\u00e1nban kezdt\u00e9k tanulm\u00e1nyaikat \u00e9s annak idej\u00e9n a J\u00f3zsef Attila M\u0171vel\u0151d\u00e9si K\u00f6zpontban l\u00e9ptek fel el\u0151sz\u00f6r &#8230; <a title=\"Salg\u00f3tarj\u00e1nb\u00f3l Elsz\u00e1rmazott M\u0171v\u00e9szek Fesztiv\u00e1lja\" class=\"read-more\" href=\"https:\/\/www.salgotarjan.hu\/?p=3483\" aria-label=\"Read more about Salg\u00f3tarj\u00e1nb\u00f3l Elsz\u00e1rmazott M\u0171v\u00e9szek Fesztiv\u00e1lja\">Olvass tov\u00e1bb<\/a><\/p>\n","protected":false},"author":7,"featured_media":0,"comment_status":"closed","ping_status":"closed","sticky":false,"template":"","format":"standard","meta":{"footnotes":""},"categories":[1,10],"tags":[],"class_list":["post-3483","post","type-post","status-publish","format-standard","hentry","category-egyebek","category-hirek-aktualitasok"],"_links":{"self":[{"href":"https:\/\/www.salgotarjan.hu\/index.php?rest_route=\/wp\/v2\/posts\/3483","targetHints":{"allow":["GET"]}}],"collection":[{"href":"https:\/\/www.salgotarjan.hu\/index.php?rest_route=\/wp\/v2\/posts"}],"about":[{"href":"https:\/\/www.salgotarjan.hu\/index.php?rest_route=\/wp\/v2\/types\/post"}],"author":[{"embeddable":true,"href":"https:\/\/www.salgotarjan.hu\/index.php?rest_route=\/wp\/v2\/users\/7"}],"replies":[{"embeddable":true,"href":"https:\/\/www.salgotarjan.hu\/index.php?rest_route=%2Fwp%2Fv2%2Fcomments&post=3483"}],"version-history":[{"count":1,"href":"https:\/\/www.salgotarjan.hu\/index.php?rest_route=\/wp\/v2\/posts\/3483\/revisions"}],"predecessor-version":[{"id":3486,"href":"https:\/\/www.salgotarjan.hu\/index.php?rest_route=\/wp\/v2\/posts\/3483\/revisions\/3486"}],"wp:attachment":[{"href":"https:\/\/www.salgotarjan.hu\/index.php?rest_route=%2Fwp%2Fv2%2Fmedia&parent=3483"}],"wp:term":[{"taxonomy":"category","embeddable":true,"href":"https:\/\/www.salgotarjan.hu\/index.php?rest_route=%2Fwp%2Fv2%2Fcategories&post=3483"},{"taxonomy":"post_tag","embeddable":true,"href":"https:\/\/www.salgotarjan.hu\/index.php?rest_route=%2Fwp%2Fv2%2Ftags&post=3483"}],"curies":[{"name":"wp","href":"https:\/\/api.w.org\/{rel}","templated":true}]}}