{"id":3476,"date":"2016-03-07T06:00:21","date_gmt":"2016-03-07T05:00:21","guid":{"rendered":"http:\/\/www.salgotarjan.hu\/?p=3476"},"modified":"2019-04-21T12:13:50","modified_gmt":"2019-04-21T10:13:50","slug":"marcius-15","status":"publish","type":"post","link":"https:\/\/www.salgotarjan.hu\/?p=3476","title":{"rendered":"M\u00e1rcius 15."},"content":{"rendered":"<p style=\"text-align:center\">Salg\u00f3tarj\u00e1n Megyei Jog\u00fa V\u00e1ros \u00d6nkorm\u00e1nyzata<br \/>\ntisztelettel megh\u00edvja \u00d6nt<br \/>\n<strong>2016. m\u00e1rcius 15. (kedd) 15 \u00f3r\u00e1ra,<br \/>\naz 1848\/49-es forradalom \u00e9s szabads\u00e1gharc \u00e9vfordul\u00f3j\u00e1ra<br \/>\nrendezett v\u00e1rosi megeml\u00e9kez\u00e9sre, a M\u00fazeum t\u00e9rre<\/strong>.<\/p>\n<p style=\"text-align:center\">\u00dcnnepi m\u0171sor: \u201e<strong>Legyen lelked szabad&#8230;<\/strong>\u201d zen\u00e9s m\u0171sor<br \/>\nK\u00f6zrem\u0171k\u00f6dnek a Zenthe Ferenc Sz\u00ednh\u00e1z m\u0171v\u00e9szei \u00e9s st\u00fadi\u00f3j\u00e1nak tagjai, a N\u00f3gr\u00e1d T\u00e1ncegy\u00fcttes, valamint a Dobroda Zenekar, Cs\u00e1bi Istv\u00e1n \u00e9s V\u00e9gh Gyula el\u0151ad\u00f3m\u0171v\u00e9szek<\/p>\n<p style=\"text-align:center\">\u00dcnnepi sz\u00f3nok: <strong>Fekete Zsolt<\/strong>, Salg\u00f3tarj\u00e1n Megyei Jog\u00fa V\u00e1ros polg\u00e1rmestere<\/p>\n<p style=\"text-align:center\">Koszor\u00faz\u00e1s a Sz\u00e9chenyi-szoborn\u00e1l<\/p>\n<p><em>Kapcsol\u00f3d\u00f3 programok:<\/em><\/p>\n<p><strong>2016. m\u00e1rcius 11. (p\u00e9ntek) 14:00<\/strong><br \/>\nSomosk\u0151, R\u00e9gi temet\u0151: Koszor\u00faz\u00e1si megeml\u00e9kez\u00e9s Somoske\u0151y Istv\u00e1n honv\u00e9dsz\u00e1zados s\u00edrj\u00e1n\u00e1l<br \/>\nEml\u00e9kez\u0151 besz\u00e9det mond: Moln\u00e1r K\u00e1roly telep\u00fcl\u00e9si k\u00e9pvisel\u0151<br \/>\nK\u00f6zrem\u0171k\u00f6dnek a Salg\u00f3tarj\u00e1ni SZC T\u00e1ncsics Mih\u00e1ly Szakk\u00f6z\u00e9piskol\u00e1j\u00e1nak tanul\u00f3i.<\/p>\n<p><strong>2016. m\u00e1rcius 15. (kedd) 10:00<\/strong><br \/>\nN\u00f3gr\u00e1di T\u00f6rt\u00e9neti M\u00fazeum<br \/>\n1848-49-es forradalom \u00e9s szabads\u00e1gharc eml\u00e9kezete (m\u00fazeumpedag\u00f3giai foglalkoz\u00e1s)<\/p>\n<p><strong>2016. m\u00e1rcius 15. (kedd)<\/strong><br \/>\nSalg\u00f3tarj\u00e1n Megyei Jog\u00fa V\u00e1ros \u00d6nkorm\u00e1nyzata \u00e9s a N\u00f3gr\u00e1d Megyei Term\u00e9szetbar\u00e1tok T\u00e1rsas\u00e1ga Pet\u0151fi S\u00e1ndor Eml\u00e9kt\u00far\u00e1t hirdet a Salg\u00f3v\u00e1r alatti sziklafalon elhelyezett Pet\u0151fi-eml\u00e9kt\u00e1bl\u00e1hoz. (Indul\u00e1s a kempingt\u0151l 8:45-kor.)<br \/>\n10:45-kor eml\u00e9kez\u0151 besz\u00e9det mond: <strong>D\u00e1niel Zolt\u00e1n<\/strong> alpolg\u00e1rmester \u00e9s <strong>J\u00f3zsa G\u00e1bor<\/strong> a N\u00f3gr\u00e1d Megyei Term\u00e9szetbar\u00e1tok T\u00e1rsas\u00e1g\u00e1nak k\u00e9pvisel\u0151je.<br \/>\nK\u00f6zrem\u0171k\u00f6dnek a S\u00c1IK Pet\u0151fi S\u00e1ndor Tagiskol\u00e1ja VI. oszt\u00e1lyos tanul\u00f3i \u00e9s God\u00f3 S\u00e1ndorn\u00e9 az SKTC Bar\u00e1ti T\u00e1rsas\u00e1g\u00e1nak tagja.<br \/>\nA megeml\u00e9kez\u00e9s a Salg\u00f3v\u00e1r szikl\u00e1j\u00e1n elhelyezett eml\u00e9kt\u00e1bl\u00e1n\u00e1l t\u00f6rt\u00e9n\u0151 koszor\u00faz\u00e1ssal z\u00e1rul.<\/p>\n","protected":false},"excerpt":{"rendered":"<p>Salg\u00f3tarj\u00e1n Megyei Jog\u00fa V\u00e1ros \u00d6nkorm\u00e1nyzata tisztelettel megh\u00edvja \u00d6nt 2016. m\u00e1rcius 15. (kedd) 15 \u00f3r\u00e1ra, az 1848\/49-es forradalom \u00e9s szabads\u00e1gharc \u00e9vfordul\u00f3j\u00e1ra rendezett v\u00e1rosi megeml\u00e9kez\u00e9sre, a M\u00fazeum t\u00e9rre. \u00dcnnepi m\u0171sor: \u201eLegyen lelked szabad&#8230;\u201d zen\u00e9s m\u0171sor K\u00f6zrem\u0171k\u00f6dnek a Zenthe Ferenc Sz\u00ednh\u00e1z m\u0171v\u00e9szei \u00e9s st\u00fadi\u00f3j\u00e1nak tagjai, a N\u00f3gr\u00e1d T\u00e1ncegy\u00fcttes, valamint a Dobroda Zenekar, Cs\u00e1bi Istv\u00e1n \u00e9s V\u00e9gh Gyula el\u0151ad\u00f3m\u0171v\u00e9szek &#8230; <a title=\"M\u00e1rcius 15.\" class=\"read-more\" href=\"https:\/\/www.salgotarjan.hu\/?p=3476\" aria-label=\"Read more about M\u00e1rcius 15.\">Olvass tov\u00e1bb<\/a><\/p>\n","protected":false},"author":7,"featured_media":0,"comment_status":"closed","ping_status":"closed","sticky":false,"template":"","format":"standard","meta":{"footnotes":""},"categories":[1,10],"tags":[],"class_list":["post-3476","post","type-post","status-publish","format-standard","hentry","category-egyebek","category-hirek-aktualitasok"],"_links":{"self":[{"href":"https:\/\/www.salgotarjan.hu\/index.php?rest_route=\/wp\/v2\/posts\/3476","targetHints":{"allow":["GET"]}}],"collection":[{"href":"https:\/\/www.salgotarjan.hu\/index.php?rest_route=\/wp\/v2\/posts"}],"about":[{"href":"https:\/\/www.salgotarjan.hu\/index.php?rest_route=\/wp\/v2\/types\/post"}],"author":[{"embeddable":true,"href":"https:\/\/www.salgotarjan.hu\/index.php?rest_route=\/wp\/v2\/users\/7"}],"replies":[{"embeddable":true,"href":"https:\/\/www.salgotarjan.hu\/index.php?rest_route=%2Fwp%2Fv2%2Fcomments&post=3476"}],"version-history":[{"count":8,"href":"https:\/\/www.salgotarjan.hu\/index.php?rest_route=\/wp\/v2\/posts\/3476\/revisions"}],"predecessor-version":[{"id":3530,"href":"https:\/\/www.salgotarjan.hu\/index.php?rest_route=\/wp\/v2\/posts\/3476\/revisions\/3530"}],"wp:attachment":[{"href":"https:\/\/www.salgotarjan.hu\/index.php?rest_route=%2Fwp%2Fv2%2Fmedia&parent=3476"}],"wp:term":[{"taxonomy":"category","embeddable":true,"href":"https:\/\/www.salgotarjan.hu\/index.php?rest_route=%2Fwp%2Fv2%2Fcategories&post=3476"},{"taxonomy":"post_tag","embeddable":true,"href":"https:\/\/www.salgotarjan.hu\/index.php?rest_route=%2Fwp%2Fv2%2Ftags&post=3476"}],"curies":[{"name":"wp","href":"https:\/\/api.w.org\/{rel}","templated":true}]}}