{"id":3458,"date":"2016-03-02T11:55:57","date_gmt":"2016-03-02T10:55:57","guid":{"rendered":"http:\/\/www.salgotarjan.hu\/?p=3458"},"modified":"2019-04-21T12:13:50","modified_gmt":"2019-04-21T10:13:50","slug":"ugyfelfogadasi-rend-valtozas","status":"publish","type":"post","link":"https:\/\/www.salgotarjan.hu\/?p=3458","title":{"rendered":"\u00dcgyf\u00e9lfogad\u00e1si rend v\u00e1ltoz\u00e1s"},"content":{"rendered":"<p><strong>A 2016. m\u00e1rcius 15-ei \u00fcnnepnap k\u00f6r\u00fcli v\u00e1ltoz\u00e1sok a Polg\u00e1rmesteri Hivatal \u00fcgyf\u00e9lfogad\u00e1si rendj\u00e9ben<\/strong><\/p>\n<p>T\u00e1j\u00e9koztatjuk Tisztelt \u00dcgyfeleinket, hogy Salg\u00f3tarj\u00e1n Megyei Jog\u00fa V\u00e1ros Polg\u00e1rmesteri Hivatal\u00e1nak \u00fcgyf\u00e9lfogad\u00e1si rendje a 2016. m\u00e1rcius 15-ei \u00fcnnepnap miatt az al\u00e1bbiak szerint m\u00f3dosul:<\/p>\n<p>2016. m\u00e1rcius 4-\u00e9n (p\u00e9ntek) h\u00e9tf\u0151i munkarend szerint<br \/>\n2016. m\u00e1rcius 5-\u00e9n (szombat) p\u00e9nteki munkarend szerint<br \/>\n2016. m\u00e1rcius 14-\u00e9n (h\u00e9tf\u0151) SZ\u00dcNETEL<br \/>\n2016. m\u00e1rcius 15-e (kedd) SZ\u00dcNETEL<\/p>\n<p>A t\u00f6bbi munkanapon a m\u00e1r megszokott \u00fcgyf\u00e9lfogad\u00e1si rend szerint fogadjuk \u00fcgyfeleinket!<br \/>\nMeg\u00e9rt\u00e9s\u00fcket k\u00f6sz\u00f6nj\u00fck!<\/p>\n<p><strong>T\u00f3thn\u00e9 dr. Kerekes Andrea<\/strong> sk.<br \/>\njegyz\u0151<\/p>\n","protected":false},"excerpt":{"rendered":"<p>A 2016. m\u00e1rcius 15-ei \u00fcnnepnap k\u00f6r\u00fcli v\u00e1ltoz\u00e1sok a Polg\u00e1rmesteri Hivatal \u00fcgyf\u00e9lfogad\u00e1si rendj\u00e9ben T\u00e1j\u00e9koztatjuk Tisztelt \u00dcgyfeleinket, hogy Salg\u00f3tarj\u00e1n Megyei Jog\u00fa V\u00e1ros Polg\u00e1rmesteri Hivatal\u00e1nak \u00fcgyf\u00e9lfogad\u00e1si rendje a 2016. m\u00e1rcius 15-ei \u00fcnnepnap miatt az al\u00e1bbiak szerint m\u00f3dosul: 2016. m\u00e1rcius 4-\u00e9n (p\u00e9ntek) h\u00e9tf\u0151i munkarend szerint 2016. m\u00e1rcius 5-\u00e9n (szombat) p\u00e9nteki munkarend szerint 2016. m\u00e1rcius 14-\u00e9n (h\u00e9tf\u0151) SZ\u00dcNETEL 2016. m\u00e1rcius &#8230; <a title=\"\u00dcgyf\u00e9lfogad\u00e1si rend v\u00e1ltoz\u00e1s\" class=\"read-more\" href=\"https:\/\/www.salgotarjan.hu\/?p=3458\" aria-label=\"Read more about \u00dcgyf\u00e9lfogad\u00e1si rend v\u00e1ltoz\u00e1s\">Olvass tov\u00e1bb<\/a><\/p>\n","protected":false},"author":7,"featured_media":0,"comment_status":"closed","ping_status":"closed","sticky":false,"template":"","format":"standard","meta":{"footnotes":""},"categories":[1,10],"tags":[],"class_list":["post-3458","post","type-post","status-publish","format-standard","hentry","category-egyebek","category-hirek-aktualitasok"],"_links":{"self":[{"href":"https:\/\/www.salgotarjan.hu\/index.php?rest_route=\/wp\/v2\/posts\/3458","targetHints":{"allow":["GET"]}}],"collection":[{"href":"https:\/\/www.salgotarjan.hu\/index.php?rest_route=\/wp\/v2\/posts"}],"about":[{"href":"https:\/\/www.salgotarjan.hu\/index.php?rest_route=\/wp\/v2\/types\/post"}],"author":[{"embeddable":true,"href":"https:\/\/www.salgotarjan.hu\/index.php?rest_route=\/wp\/v2\/users\/7"}],"replies":[{"embeddable":true,"href":"https:\/\/www.salgotarjan.hu\/index.php?rest_route=%2Fwp%2Fv2%2Fcomments&post=3458"}],"version-history":[{"count":1,"href":"https:\/\/www.salgotarjan.hu\/index.php?rest_route=\/wp\/v2\/posts\/3458\/revisions"}],"predecessor-version":[{"id":3459,"href":"https:\/\/www.salgotarjan.hu\/index.php?rest_route=\/wp\/v2\/posts\/3458\/revisions\/3459"}],"wp:attachment":[{"href":"https:\/\/www.salgotarjan.hu\/index.php?rest_route=%2Fwp%2Fv2%2Fmedia&parent=3458"}],"wp:term":[{"taxonomy":"category","embeddable":true,"href":"https:\/\/www.salgotarjan.hu\/index.php?rest_route=%2Fwp%2Fv2%2Fcategories&post=3458"},{"taxonomy":"post_tag","embeddable":true,"href":"https:\/\/www.salgotarjan.hu\/index.php?rest_route=%2Fwp%2Fv2%2Ftags&post=3458"}],"curies":[{"name":"wp","href":"https:\/\/api.w.org\/{rel}","templated":true}]}}